{"id":1250914,"date":"2026-08-21T08:48:19","date_gmt":"2026-08-21T08:48:19","guid":{"rendered":"https:\/\/www.europesays.com\/de\/1250914\/"},"modified":"2026-08-21T08:48:19","modified_gmt":"2026-08-21T08:48:19","slug":"max-eberl-ueber-jamal-musiala-wir-wissen-es-schon-die-komplette-letzte-saison-sport","status":"publish","type":"post","link":"https:\/\/www.europesays.com\/de\/1250914\/","title":{"rendered":"Max Eberl \u00fcber Jamal Musiala: \u201eWir wissen es schon die komplette letzte Saison\u201c | Sport"},"content":{"rendered":"<p><a class=\"skip-content skip-content--link\" href=\"#in-content-skip-link-target-v-0-0\">TTS-Player \u00fcberspringen\u21b5<\/a><a id=\"in-content-skip-link-target-v-0-0\" class=\"skip-content--target-link-hidden skip-content skip-content--target-link\" href=\"#in-content-skip-link-target-v-0-0\">Artikel weiterlesen<\/a><\/p>\n<p data-21134c99=\"0-4470\"><b>Am Samstag steigt das Spiel um den Franz-Beckenbauer-Supercup (20.30 Uhr\/Sat.1, Sky und hier im <\/b><a href=\"https:\/\/sport.bild.de\/fussball\/supercup\/ma12025496\/borussia-dortmund_bayern-muenchen\/liveticker\/\" target=\"_blank\" rel=\"nofollow noopener\" class=\"text-link\"><b>Liveticker<\/b><\/a><b>) zwischen <\/b><a href=\"https:\/\/www.bild.de\/sport\/fussball\/bayern-muenchen\/startseite-fc-bayern-muenchen-31074450.bild.html\" class=\"text-link\" rel=\"nofollow noopener\" target=\"_blank\"><b>Bayern M\u00fcnchen<\/b><\/a><b> und <\/b><a href=\"https:\/\/www.bild.de\/sport\/fussball\/borussia-dortmund\/startseite-bvb-31074434.bild.html\" class=\"text-link\" rel=\"nofollow noopener\" target=\"_blank\"><b>Borussia Dortmund<\/b><\/a><b>. Vor der Partie spricht Bayern-Trainer Vincent Kompany (40) \u00fcber die Begegnung. Ein Thema nat\u00fcrlich: Kann Jamal Musiala (23) nach seinen beiden Zusammenbr\u00fcchen gegen den BVB spielen? Die klare Antwort: Nein. Kompany: \u201eEr ist nicht im Kader.\u201c <\/b><\/p>\n<p data-21134c99=\"0-4470\">Sportvorstand Max Eberl erkl\u00e4rte, dass die Erkrankung des Nationalspielers bei den Bayern schon l\u00e4nger bekannt sei: \u201eWir wissen es schon die komplette letzte Saison.\u201c F\u00fcr den Rekordmeister geht es nun darum, Ruhe und Normalit\u00e4t zur\u00fcck in den Klub zu bekommen. <\/p>\n<p data-21134c99=\"0-4470\">Musiala habe bei seiner Behandlung etwas ge\u00e4ndert, was ein bisschen Nebenwirkungen gehabt habe, erl\u00e4uterte Kompany. Es sei \u201ev\u00f6llig normal, dass man in einer Behandlung etwas probiert.\u201c Nun solle Musiala sich jetzt erstmal \u201eohne Druck\u201c auf seine neue Behandlung einstellen, k\u00fcndigte Kompany an. \u201eWir sind sehr optimistisch, was Jamal angeht.\u201c Danach wird der Offensivstar wieder zum Einsatz kommen.<\/p>\n<p data-21134c99=\"0-4470\">Lesen Sie die Pressekonferenz hier im Live-Ticker nach!<\/p>\n<ul class=\"live-ticker__list\">\n<li id=\"6a880b9a89ff002330aa2011\" class=\"live-ticker__message\">\n<p>21.08.2026 &#8211; 10:26 Uhr <\/p>\n<p> Das war es<\/p>\n<p>Die Pressekonferenz vor dem Supercup bei Borussia Dortmund ist beendet.<\/p>\n<\/li>\n<li id=\"6a880aaf1c4720d416546a58\" class=\"live-ticker__message\">\n<p>21.08.2026 &#8211; 10:22 Uhr <\/p>\n<p> Weitere Ausf\u00e4lle gegen den BVB<\/p>\n<p>Kompany erkl\u00e4rt: \u201eSerge Gnabry und Lennart Karl sind auch nicht dabei.\u201c<\/p>\n<\/li>\n<li id=\"6a8809c489ff002330aa1fd6\" class=\"live-ticker__message\">\n<p>21.08.2026 &#8211; 10:18 Uhr <\/p>\n<p> Kompany zum \u201eAusw\u00e4rtsspiel\u201c beim BVB<\/p>\n<p>\u201eEs st\u00f6rt mich nicht. Es w\u00e4re super, wenn wir einen Titel in Dortmund holen k\u00f6nnen. Vielleicht h\u00e4tte es mit 50:50 Fans sein k\u00f6nnen, das w\u00e4re etwas mehr Finale. Aber ausw\u00e4rts in Dortmund einen Titel zu holen w\u00e4re auch sehr sch\u00f6n. Die Qualit\u00e4t und die Power der Dortmunder Mannschaft ist hoch. Es gibt keine schwierigere Aufgabe in der Bundesliga.\u201c<\/p>\n<\/li>\n<li id=\"6a88092bc3692834ff6d80d1\" class=\"live-ticker__message\">\n<p>21.08.2026 &#8211; 10:15 Uhr <\/p>\n<p> Musiala nicht im Kader<\/p>\n<p>\u201eEr ist nicht im Kader. Es geht darum, dass er die Adaption in der Behandlung macht.\u201c<\/p>\n<\/li>\n<li id=\"6a88087d89ff002330aa1fb8\" class=\"live-ticker__message\">\n<p>21.08.2026 &#8211; 10:12 Uhr <\/p>\n<p> Kompany \u00fcber Saibari<\/p>\n<p>\u201eIsmael Saibari hat so viel Power, Geschwindigkeit und ist gut im Abschluss. Es ist wichtig, dass die Beziehung zu den Mitspielern kommt. Er wird morgen eine Rolle spielen. Er kommt aus einer Verletzung, deshalb schauen wir, was die Minuten angeht. Er wird eine wichtige Rolle spielen f\u00fcr uns.\u201c<\/p>\n<\/li>\n<li id=\"6a8808081c4720d416546a00\" class=\"live-ticker__message\">\n<p>21.08.2026 &#8211; 10:10 Uhr <\/p>\n<p> Kompany \u00fcber die Zukunft<\/p>\n<p>\u201eIch freue mich auf den Gegenangriff von Musiala. Wenn er alle Fragen wieder auf dem Platz beantwortet. Ich wei\u00df, dass er einen Riesenfortschritt in diesem Sommer gemacht hat.  Auch im Training zeigt er das. Wir freuen uns darauf, wenn er das wieder in den Spielen zeigen kann.\u201c<\/p>\n<\/li>\n<li id=\"6a88074bc3692834ff6d807f\" class=\"live-ticker__message\">\n<p>21.08.2026 &#8211; 10:07 Uhr <\/p>\n<p> Auch Eberl spricht zum Thema<\/p>\n<p>\u201eEs war Jamals Wunsch, dass er es kommuniziert. Intern wissen wir l\u00e4nger Bescheid, auch die Spieler. Wir wissen es schon die komplette letzte Saison. F\u00fcr uns ist es ein Alltag geworden. Wir als Familie des FC Bayern stehen zusammen, werden ihm alle Unterst\u00fctzung zukommen lassen, haben das schon und werden es weiter tun. Wir wissen es schon l\u00e4nger, sind damit umgegangen. Wir machen es gemeinsam. Er hat etwas in der Medikation ver\u00e4ndert, deswegen waren die Situationen sichtbar. Jetzt wollen wir wieder dahin kommen, wie es vorher war, wo es nicht zu den Situationen gekommen ist.\u201c<\/p>\n<\/li>\n<li id=\"6a8806847b97809e93f3fb00\" class=\"live-ticker__message\">\n<p>21.08.2026 &#8211; 10:04 Uhr <\/p>\n<p> Kompany \u00fcber Musiala-Einsatz<\/p>\n<p>\u201eF\u00fcr uns ist es schon seit l\u00e4ngerer Zeit bekannt. Jede Entscheidung wurde mit den allerbesten Informationen getroffen. Wir wissen, wie wir damit umgehen m\u00fcssen. Er wird diese Woche individuell trainieren. Er hat ein bisschen was in der Behandlung ge\u00e4ndert, das hat ein bisschen Nebenwirkungen gezeigt. Es ist v\u00f6llig normal, dass man etwas in einer Behandlung \u00e4ndert. Jetzt wollen wir es wieder zur\u00fcckhaben, wie wir es vorher hatten.\u201c<\/p>\n<\/li>\n<li id=\"6a8805d77b97809e93f3faee\" class=\"live-ticker__message\">\n<p>21.08.2026 &#8211; 10:01 Uhr <\/p>\n<p> Kompany \u00fcber Musiala<\/p>\n<p>\u201eEs ist das erste Mal, dass es in der \u00d6ffentlichkeit ist. Der erste Schockmoment war aber f\u00fcr uns vor l\u00e4ngerer Zeit. Daher sprechen wir aktuell gar nicht so viel dar\u00fcber. Wir sind seit L\u00e4ngerem vorbereitet.\u201c<\/p>\n<\/li>\n<li id=\"6a87fcff89ff002330aa1eea\" class=\"live-ticker__message\">\n<p>21.08.2026 &#8211; 09:39 Uhr <\/p>\n<p> 11 Supercup-Titel f\u00fcr Bayern<\/p>\n<p>Mit elf Supercup-Siegen ist der FC Bayern Rekordgewinner des Wettbewerbs (davon neun seit der Wiedereinf\u00fchrung des Wettbewerbs im Jahr 2010).<\/p>\n<\/li>\n<\/ul>\n","protected":false},"excerpt":{"rendered":"TTS-Player \u00fcberspringen\u21b5Artikel weiterlesen Am Samstag steigt das Spiel um den Franz-Beckenbauer-Supercup (20.30 Uhr\/Sat.1, Sky und hier im Liveticker)&hellip;\n","protected":false},"author":2,"featured_media":1250915,"comment_status":"","ping_status":"","sticky":false,"template":"","format":"standard","meta":{"footnotes":"","_share_on_mastodon":"0"},"categories":[136],"tags":[1263,888,29,458,30,11515,38745,39206,5134,265,1576,1261],"class_list":["post-1250914","post","type-post","status-publish","format-standard","has-post-thumbnail","category-sport","tag-aufmacher-bereich","tag-borussia-dortmund","tag-deutschland","tag-fc-bayern-muenchen","tag-germany","tag-kompany-vincent","tag-musiala-jamal","tag-pressekonferenz","tag-quad-teaser","tag-sport","tag-super-a-teaser","tag-toralarm-top-news"],"share_on_mastodon":{"url":"","error":""},"_links":{"self":[{"href":"https:\/\/www.europesays.com\/de\/wp-json\/wp\/v2\/posts\/1250914","targetHints":{"allow":["GET"]}}],"collection":[{"href":"https:\/\/www.europesays.com\/de\/wp-json\/wp\/v2\/posts"}],"about":[{"href":"https:\/\/www.europesays.com\/de\/wp-json\/wp\/v2\/types\/post"}],"author":[{"embeddable":true,"href":"https:\/\/www.europesays.com\/de\/wp-json\/wp\/v2\/users\/2"}],"replies":[{"embeddable":true,"href":"https:\/\/www.europesays.com\/de\/wp-json\/wp\/v2\/comments?post=1250914"}],"version-history":[{"count":0,"href":"https:\/\/www.europesays.com\/de\/wp-json\/wp\/v2\/posts\/1250914\/revisions"}],"wp:featuredmedia":[{"embeddable":true,"href":"https:\/\/www.europesays.com\/de\/wp-json\/wp\/v2\/media\/1250915"}],"wp:attachment":[{"href":"https:\/\/www.europesays.com\/de\/wp-json\/wp\/v2\/media?parent=1250914"}],"wp:term":[{"taxonomy":"category","embeddable":true,"href":"https:\/\/www.europesays.com\/de\/wp-json\/wp\/v2\/categories?post=1250914"},{"taxonomy":"post_tag","embeddable":true,"href":"https:\/\/www.europesays.com\/de\/wp-json\/wp\/v2\/tags?post=1250914"}],"curies":[{"name":"wp","href":"https:\/\/api.w.org\/{rel}","templated":true}]}}