{"id":1251014,"date":"2026-08-21T10:13:16","date_gmt":"2026-08-21T10:13:16","guid":{"rendered":"https:\/\/www.europesays.com\/de\/1251014\/"},"modified":"2026-08-21T10:13:16","modified_gmt":"2026-08-21T10:13:16","slug":"fussball-bundesliga-wieder-leihe-lutsharel-geertruida-verlaesst-rb-leipzig-sport","status":"publish","type":"post","link":"https:\/\/www.europesays.com\/de\/1251014\/","title":{"rendered":"Fu\u00dfball-Bundesliga &#8211; Wieder Leihe: Lutsharel Geertruida verl\u00e4sst RB Leipzig &#8211; Sport"},"content":{"rendered":"<p data-manual=\"paragraph\" data-schema-org-speakable=\"true\" class=\"css-1eosz7k\">Leipzig (dpa) &#8211; Der niederl\u00e4ndische Nationalspieler Lutsharel Geertruida wird von <a href=\"https:\/\/www.sueddeutsche.de\/thema\/RB_Leipzig\" rel=\"nofollow noopener\" target=\"_blank\">RB Leipzig<\/a> an <a href=\"https:\/\/www.sueddeutsche.de\/thema\/PSV_Eindhoven\" rel=\"nofollow noopener\" target=\"_blank\">PSV Eindhoven<\/a> ausgeliehen. Das teilte der s\u00e4chsische <a href=\"https:\/\/www.sueddeutsche.de\/thema\/Fu%C3%9Fball\" rel=\"nofollow noopener\" target=\"_blank\">Fu\u00dfball<\/a>-Bundesligist vor dem Pflichtspielstart an diesem Samstag (18.00 Uhr\/Sky) im DFB-Pokal bei Regionalligist Eintracht Trier mit. Diesmal k\u00f6nnte die erneute Leihe des 26 Jahre alten Rechtsverteidigers ein endg\u00fcltiger Abgang werden, da sich der niederl\u00e4ndische Meister eine Kaufoption gesichert hat.\u00a0<\/p>\n<p data-manual=\"paragraph\" data-schema-org-speakable=\"true\" class=\"css-1eosz7k\">Geertruida war im Sommer 2024 von Feyenoord Rotterdam zu den <a href=\"https:\/\/www.sueddeutsche.de\/thema\/Sachsen\" rel=\"nofollow noopener\" target=\"_blank\">Sachsen<\/a> gewechselt und absolvierte 35 Pflichtspiele im RB-Trikot. In der vergangenen Saison lief der flexibel einsetzbare Verteidiger auf Leihbasis f\u00fcr den AFC Sunderland in der Premier League auf.\u00a0<\/p>\n<p data-manual=\"paragraph\" data-schema-org-speakable=\"true\" class=\"css-1eosz7k\">Nun kehrt er in die Eredivisie zur\u00fcck, nachdem er bei Feyenoord Rotterdam ausgebildet wurde und es dort bis in die erste Mannschaft geschafft hatte, ehe er nach Leipzig wechselte. Bei RB hat er noch einen g\u00fcltigen Vertrag bis zum Sommer 2029.<\/p>\n<p data-manual=\"paragraph\" data-schema-org-speakable=\"true\" class=\"css-1eosz7k\">\u00a9 dpa-infocom, dpa:260821-930-562290\/1<\/p>\n","protected":false},"excerpt":{"rendered":"Leipzig (dpa) &#8211; Der niederl\u00e4ndische Nationalspieler Lutsharel Geertruida wird von RB Leipzig an PSV Eindhoven ausgeliehen. Das teilte&hellip;\n","protected":false},"author":2,"featured_media":1251015,"comment_status":"","ping_status":"","sticky":false,"template":"","format":"standard","meta":{"footnotes":"","_share_on_mastodon":"0"},"categories":[1832],"tags":[299,3364,29,347,9335,30,71,965,57008,1655,859,265,149,9334,1288],"class_list":["post-1251014","post","type-post","status-publish","format-standard","has-post-thumbnail","category-leipzig","tag-bundesliga","tag-de","tag-deutschland","tag-fussball","tag-fussball-transfers","tag-germany","tag-leipzig","tag-niederlande","tag-psv-eindhoven","tag-rb-leipzig","tag-sachsen","tag-sport","tag-sueddeutsche-zeitung","tag-trainingszentrum-von-rb-leipzig","tag-transfers"],"share_on_mastodon":{"url":"https:\/\/pubeurope.com\/@de\/117132971750119646","error":""},"_links":{"self":[{"href":"https:\/\/www.europesays.com\/de\/wp-json\/wp\/v2\/posts\/1251014","targetHints":{"allow":["GET"]}}],"collection":[{"href":"https:\/\/www.europesays.com\/de\/wp-json\/wp\/v2\/posts"}],"about":[{"href":"https:\/\/www.europesays.com\/de\/wp-json\/wp\/v2\/types\/post"}],"author":[{"embeddable":true,"href":"https:\/\/www.europesays.com\/de\/wp-json\/wp\/v2\/users\/2"}],"replies":[{"embeddable":true,"href":"https:\/\/www.europesays.com\/de\/wp-json\/wp\/v2\/comments?post=1251014"}],"version-history":[{"count":0,"href":"https:\/\/www.europesays.com\/de\/wp-json\/wp\/v2\/posts\/1251014\/revisions"}],"wp:featuredmedia":[{"embeddable":true,"href":"https:\/\/www.europesays.com\/de\/wp-json\/wp\/v2\/media\/1251015"}],"wp:attachment":[{"href":"https:\/\/www.europesays.com\/de\/wp-json\/wp\/v2\/media?parent=1251014"}],"wp:term":[{"taxonomy":"category","embeddable":true,"href":"https:\/\/www.europesays.com\/de\/wp-json\/wp\/v2\/categories?post=1251014"},{"taxonomy":"post_tag","embeddable":true,"href":"https:\/\/www.europesays.com\/de\/wp-json\/wp\/v2\/tags?post=1251014"}],"curies":[{"name":"wp","href":"https:\/\/api.w.org\/{rel}","templated":true}]}}