{"id":1251085,"date":"2026-08-21T11:08:12","date_gmt":"2026-08-21T11:08:12","guid":{"rendered":"https:\/\/www.europesays.com\/de\/1251085\/"},"modified":"2026-08-21T11:08:12","modified_gmt":"2026-08-21T11:08:12","slug":"borussia-moenchengladbach-giesen-itgenshorst-starten-stark","status":"publish","type":"post","link":"https:\/\/www.europesays.com\/de\/1251085\/","title":{"rendered":"Borussia M\u00f6nchengladbach: Giesen &#038; Itgenshorst starten stark"},"content":{"rendered":"<p class=\"text_ohne_einzug richtext text-em-55 !leading-serif mx-6 desktop:mx-0\"> F\u00fcr Mia Giesen aus Sevelen und Fiona Itgenshorst aus Nieukerk hat die neue Fu\u00dfball-Saison gleich mit einem besonderen H\u00f6hepunkt begonnen. Im Rahmen der Vorbereitung auf die Weltmeisterschaft in <a href=\"https:\/\/rp-online.de\/thema\/marokko\/\" rel=\"nofollow noopener\" target=\"_blank\">Marokko<\/a> (17. Oktober bis 7. November) standen die beiden 17-j\u00e4hrigen Fu\u00dfballerinnen von Borussia <a href=\"https:\/\/rp-online.de\/thema\/moenchengladbach\/\" rel=\"nofollow noopener\" target=\"_blank\">M\u00f6nchengladbach<\/a> beim L\u00e4nderspiel gegen <a href=\"https:\/\/rp-online.de\/thema\/polen\/\" rel=\"nofollow noopener\" target=\"_blank\">Polen<\/a> in der Startelf der deutschen U17-Nationalmannschaft \u2013 und unterlagen im <a href=\"https:\/\/rp-online.de\/thema\/stadion-der-freundschaft\/\" rel=\"nofollow noopener\" target=\"_blank\">Stadion der Freundschaft<\/a> in Frankfurt (Oder) mit 2:3. F\u00fcr Giesen war die Partie pers\u00f6nlich erfolgreich.<\/p>\n<p>Giesen trifft: Gladbachs U17-Duo im L\u00e4nderspiel gegen Polen      <\/p>\n<p class=\"richtext text-em-55 !leading-serif mx-6 desktop:mx-0\">Die Offensivspielerin erzielte in der 21. Minute den zwischenzeitlichen Anschlusstreffer zum 1:2. Deutschland kam nach dem fr\u00fchen R\u00fcckstand besser ins Spiel und bestimmte \u00fcber weite Strecken das Geschehen, konnte die Niederlage aber nicht mehr verhindern. Bundestrainerin Sabine Loderer sah dennoch wichtige Erkenntnisse im ersten Test auf dem Weg zur Weltmeisterschaft.<\/p>\n<p>Starker Saisonstart: Giesen und Itgenshorst treffen f\u00fcr Borussia in Potsdam      <\/p>\n<p class=\"richtext text-em-55 !leading-serif mx-6 desktop:mx-0\">Beim 4:1-Erfolg in Potsdam erzielten ausgerechnet Giesen und Itgenshorst die ersten beiden Treffer der Borussia. Mia Giesen brachte Gladbach in F\u00fchrung, Fiona Itgenshorst legte das 2:0 nach. F\u00fcr die beiden Europameisterinnen war es damit ein Auftakt, der ihre Entwicklung der vergangenen Monate eindrucksvoll widerspiegelt: Gemeinsam gewannen sie im Mai mit der deutschen U17 den Europameistertitel.<\/p>\n","protected":false},"excerpt":{"rendered":"F\u00fcr Mia Giesen aus Sevelen und Fiona Itgenshorst aus Nieukerk hat die neue Fu\u00dfball-Saison gleich mit einem besonderen&hellip;\n","protected":false},"author":2,"featured_media":1251086,"comment_status":"","ping_status":"","sticky":false,"template":"","format":"standard","meta":{"footnotes":"","_share_on_mastodon":"0"},"categories":[1849],"tags":[815,3364,258969,29,548,663,258964,3934,258961,23302,258966,258970,99523,30,13,258962,258960,4455,14,225377,15,3716,147244,1209,258965,258971,12,193342,258968,13977,77525,258967,258963,258972],"class_list":["post-1251085","post","type-post","status-publish","format-standard","has-post-thumbnail","category-moenchengladbach","tag-borussia-moenchengladbach","tag-de","tag-deutsche-fussballerinnen","tag-deutschland","tag-eu","tag-europa","tag-europameisterinnen","tag-europe","tag-fiona-itgenshorst","tag-frankfurt-oder","tag-frauen-fussball-zweite-liga","tag-frauenfussball-deutschland","tag-fussball-frauen","tag-germany","tag-headlines","tag-laenderspiel-deutschland-polen","tag-mia-giesen","tag-moenchengladbach","tag-nachrichten","tag-nachwuchsfussball","tag-news","tag-niederrhein","tag-nieukerk","tag-nordrhein-westfalen","tag-sabine-loderer","tag-saisonstart-gladbach","tag-schlagzeilen","tag-sevelen","tag-talente-niederrhein","tag-turbine-potsdam","tag-u17-nationalmannschaft","tag-u17-wm-vorbereitung","tag-wm-marokko","tag-zweitliga-fussball-frauen"],"share_on_mastodon":{"url":"","error":"Validation failed: Text character limit of 500 exceeded"},"_links":{"self":[{"href":"https:\/\/www.europesays.com\/de\/wp-json\/wp\/v2\/posts\/1251085","targetHints":{"allow":["GET"]}}],"collection":[{"href":"https:\/\/www.europesays.com\/de\/wp-json\/wp\/v2\/posts"}],"about":[{"href":"https:\/\/www.europesays.com\/de\/wp-json\/wp\/v2\/types\/post"}],"author":[{"embeddable":true,"href":"https:\/\/www.europesays.com\/de\/wp-json\/wp\/v2\/users\/2"}],"replies":[{"embeddable":true,"href":"https:\/\/www.europesays.com\/de\/wp-json\/wp\/v2\/comments?post=1251085"}],"version-history":[{"count":0,"href":"https:\/\/www.europesays.com\/de\/wp-json\/wp\/v2\/posts\/1251085\/revisions"}],"wp:featuredmedia":[{"embeddable":true,"href":"https:\/\/www.europesays.com\/de\/wp-json\/wp\/v2\/media\/1251086"}],"wp:attachment":[{"href":"https:\/\/www.europesays.com\/de\/wp-json\/wp\/v2\/media?parent=1251085"}],"wp:term":[{"taxonomy":"category","embeddable":true,"href":"https:\/\/www.europesays.com\/de\/wp-json\/wp\/v2\/categories?post=1251085"},{"taxonomy":"post_tag","embeddable":true,"href":"https:\/\/www.europesays.com\/de\/wp-json\/wp\/v2\/tags?post=1251085"}],"curies":[{"name":"wp","href":"https:\/\/api.w.org\/{rel}","templated":true}]}}