{"id":1251159,"date":"2026-08-21T11:58:23","date_gmt":"2026-08-21T11:58:23","guid":{"rendered":"https:\/\/www.europesays.com\/de\/1251159\/"},"modified":"2026-08-21T11:58:23","modified_gmt":"2026-08-21T11:58:23","slug":"zwei-anzeigen-gegen-herbert-groenemeyer-nach-konzert-in-dortmund","status":"publish","type":"post","link":"https:\/\/www.europesays.com\/de\/1251159\/","title":{"rendered":"Zwei Anzeigen gegen Herbert Gr\u00f6nemeyer nach Konzert in Dortmund"},"content":{"rendered":"<p>\t\tHerbert Gr\u00f6nemeyer nach Konzert in Dortmund angezeigt<br \/>\n\t\t\t\t\tStaatsanwaltschaft pr\u00fcft Aussagen<\/p>\n<p>\t\t<img alt=\"\" src=\"https:\/\/www.europesays.com\/de\/wp-content\/uploads\/2025\/07\/630_0036_324260_.jpg\"  class=\"avatar avatar-36 photo avatar-default\" height=\"36\" width=\"36\" loading=\"eager\" decoding=\"async\"\/>\t\t<a class=\"article-author__name\" href=\"https:\/\/www.ruhrnachrichten.de\/author\/kevin-kindel\/\" rel=\"author nofollow noopener\" target=\"_blank\">Kevin Kindel<\/a><br \/>\n\t\tRedakteur<\/p>\n<p>    <a href=\"https:\/\/www.ruhrnachrichten.de\/wp-content\/uploads\/2026\/08\/21\/11\/630_0900_6716814_-1648x824.jpg\" rel=\"nofollow noopener\" target=\"_blank\"><\/p>\n<p>            <img decoding=\"async\" fetchpriority=\"high\" src=\"https:\/\/www.europesays.com\/de\/wp-content\/uploads\/2026\/08\/630_0900_6716813_-640x428.jpg\" width=\"640\" height=\"428\"  alt=\"Herbert Gr\u00f6nemeyer bei seinem Konzert im Februar in der Dortmunder Westfalenhalle.\"\/><\/p>\n<p>    <\/a><br \/>\n    Herbert Gr\u00f6nemeyer bei seinem Konzert im Februar in der Dortmunder Westfalenhalle. \u00a9 Stephan Sch\u00fctze<\/p>\n<p class=\"article__teaser-text\">Zwei Anzeigen gegen Herbert Gr\u00f6nemeyer besch\u00e4ftigen die Staatsanwaltschaft Dortmund. Es geht um eine \u00c4u\u00dferung bei seinem Konzert in der Westfalenhalle.<\/p>\n<p>1 Min Lesezeit<\/p>\n<p>Im <a href=\"https:\/\/www.ruhrnachrichten.de\/dortmund\/herbert-groenemeyer-arena-tour-2027-dortmund-konzert-westfalenhalle-w1117509-2001901872\/\" rel=\"nofollow noopener\" target=\"_blank\">Juli 2027 f\u00fcllt Herbert Gr\u00f6nemeyer wieder die Dortmunder Westfalenhalle<\/a>. Sein <a href=\"https:\/\/www.ruhrnachrichten.de\/dortmund\/herbert-groenemeyer-dortmund-2026-westfalenhalle-konzert-mittendrin-akustisch-tour-w1154784-2001979636\/\" rel=\"nofollow noopener\" target=\"_blank\">bislang letztes Gastspiel aus dem Februar dieses Jahres<\/a> besch\u00e4ftigt jetzt die Ermittlungsbeh\u00f6rden.<\/p>\n<p>Als der Musiker auf der B\u00fchne \u00fcber gesellschaftliche Entwicklungen im Land sprach, soll er die Formulierung \u201erechte Ratten\u201c benutzt haben. Deshalb haben zwei Personen im Nachgang Strafanzeige gegen den Bochumer wegen Volksverhetzung erstattet. Die Staatsanwaltschaft Dortmund best\u00e4tigt entsprechende Medienberichte.<\/p>\n<p>Anfangsverdacht wird gepr\u00fcft<\/p>\n<p>Korrigiert werden allerdings Formulierungen von Online-Portalen, die von bereits aufgenommenen Ermittlungen gegen Gr\u00f6nemeyer handeln. Wie bei jeder Anzeige pr\u00fcfe man aktuell erst, ob \u00fcberhaupt ein Anfangsverdacht besteht, um Ermittlungen einzuleiten, teilt Staatsanw\u00e4ltin Sonja Frodermann gegen\u00fcber unserer Redaktion mit. Eine Entscheidung dar\u00fcber sei noch nicht getroffen.<\/p>\n<p>Eine der beiden Anzeigen sei in Hamburg erstattet worden und es sei schon bekannt, dass eine der anzeigenden Personen nicht selbst beim Konzert vor Ort war. Die andere Person habe sich bislang auf entsprechende Nachfrage nicht zur\u00fcckgemeldet, so Frodermann.<\/p>\n<p>\t\t<a href=\"https:\/\/www.ruhrnachrichten.de\/dortmund\/herbert-groenemeyer-dortmund-2026-westfalenhalle-konzert-mittendrin-akustisch-tour-w1154784-2001979636\/\" rel=\"nofollow noopener\" aria-hidden=\"true\" tabindex=\"-1\" title=\"Wenn Tausende in Dortmund kurz zu Bochum-Fans werden Gr\u00f6nemeyer l\u00e4sst Westfalenhalle beben\" aria-label=\"Wenn Tausende in Dortmund kurz zu Bochum-Fans werden Gr\u00f6nemeyer l\u00e4sst Westfalenhalle beben\" target=\"_blank\"><\/p>\n<p>                <img decoding=\"async\" src=\"https:\/\/www.europesays.com\/de\/wp-content\/uploads\/2026\/08\/630_0900_5792215_-160x160.jpg\"  width=\"160\" height=\"160\" alt=\"Herbert Gr\u00f6nemeyer steht auf der B\u00fchne der Dortmunder Westfalenhalle und l\u00e4chelt in die Kamera.\" loading=\"lazy\"\/><\/p>\n<p>\t\t<\/a><\/p>\n","protected":false},"excerpt":{"rendered":"Herbert Gr\u00f6nemeyer nach Konzert in Dortmund angezeigt Staatsanwaltschaft pr\u00fcft Aussagen Kevin Kindel Redakteur Herbert Gr\u00f6nemeyer bei seinem Konzert&hellip;\n","protected":false},"author":2,"featured_media":1251160,"comment_status":"","ping_status":"","sticky":false,"template":"","format":"standard","meta":{"footnotes":"","_share_on_mastodon":"0"},"categories":[1833],"tags":[3364,29,217,30,1209,16,8299],"class_list":["post-1251159","post","type-post","status-publish","format-standard","has-post-thumbnail","category-dortmund","tag-de","tag-deutschland","tag-dortmund","tag-germany","tag-nordrhein-westfalen","tag-politik","tag-prominent"],"share_on_mastodon":{"url":"https:\/\/pubeurope.com\/@de\/117133387532172892","error":""},"_links":{"self":[{"href":"https:\/\/www.europesays.com\/de\/wp-json\/wp\/v2\/posts\/1251159","targetHints":{"allow":["GET"]}}],"collection":[{"href":"https:\/\/www.europesays.com\/de\/wp-json\/wp\/v2\/posts"}],"about":[{"href":"https:\/\/www.europesays.com\/de\/wp-json\/wp\/v2\/types\/post"}],"author":[{"embeddable":true,"href":"https:\/\/www.europesays.com\/de\/wp-json\/wp\/v2\/users\/2"}],"replies":[{"embeddable":true,"href":"https:\/\/www.europesays.com\/de\/wp-json\/wp\/v2\/comments?post=1251159"}],"version-history":[{"count":0,"href":"https:\/\/www.europesays.com\/de\/wp-json\/wp\/v2\/posts\/1251159\/revisions"}],"wp:featuredmedia":[{"embeddable":true,"href":"https:\/\/www.europesays.com\/de\/wp-json\/wp\/v2\/media\/1251160"}],"wp:attachment":[{"href":"https:\/\/www.europesays.com\/de\/wp-json\/wp\/v2\/media?parent=1251159"}],"wp:term":[{"taxonomy":"category","embeddable":true,"href":"https:\/\/www.europesays.com\/de\/wp-json\/wp\/v2\/categories?post=1251159"},{"taxonomy":"post_tag","embeddable":true,"href":"https:\/\/www.europesays.com\/de\/wp-json\/wp\/v2\/tags?post=1251159"}],"curies":[{"name":"wp","href":"https:\/\/api.w.org\/{rel}","templated":true}]}}