{"id":1251175,"date":"2026-08-21T12:06:19","date_gmt":"2026-08-21T12:06:19","guid":{"rendered":"https:\/\/www.europesays.com\/de\/1251175\/"},"modified":"2026-08-21T12:06:19","modified_gmt":"2026-08-21T12:06:19","slug":"hessen-frankfurt-rechtsextremer-saenger-thompson-kommt-in-die-jahrhunderthalle","status":"publish","type":"post","link":"https:\/\/www.europesays.com\/de\/1251175\/","title":{"rendered":"Hessen: Frankfurt: Rechtsextremer S\u00e4nger Thompson kommt in die Jahrhunderthalle"},"content":{"rendered":"<p>            <img loading=\"lazy\" decoding=\"async\" class=\"ts-image\" src=\"https:\/\/www.europesays.com\/de\/wp-content\/uploads\/2026\/08\/hr-marko-perkovic-alias-thompson-bei-einem-konzert-in-zagreb-100.jpg\" alt=\"Ein Mann mit kurzen grauen Haaren und einem grauen kurzen Kinnbart, gro\u00dfes rundes Medaillon um den Hals steht in Jesus-Pose auf einer B\u00fchne. Im Hintergrund sind ein Gitarrenspieler und der Kopf des Schlagzeuspielers zu sehen.\" title=\"Marko Perkovic alias Thompson bei einem Konzert in Zagreb. | Imago\/Pixsell\"\/><\/p>\n<p class=\"metatextline\">Stand: 21.08.2026 \u2022 13:33 Uhr<\/p>\n<p class=\"article-head__shorttext\">\n        <strong>Thompson gilt als Superstar der kroatischen Musik. Doch der S\u00e4nger steht seit Jahren wegen nationalistischer und faschistischer Symbolik in der Kritik. Im November will er in Frankfurt auftreten &#8211; dagegen gibt es bereits Protest.<\/strong>\n    <\/p>\n<p class=\"textabsatz m-ten m-offset-one l-eight l-offset-two columns twelve\">In Kroatien sind Konzerte von Marko Perkovi\u0107 Massenveranstaltungen. Wenn der erfolgreichste S\u00e4nger des Landes auftritt &#8211; meistens unter seinem K\u00fcnstlernamen Thompson -, dann kommen regelm\u00e4\u00dfig zehntausende, manchmal sogar hunderttausende Menschen zusammen.<\/p>\n<p class=\"textabsatz m-ten m-offset-one l-eight l-offset-two columns twelve\">Die Frankfurter Jahrhunderthalle fasst indes nur etwa 4.000 Pl\u00e4tze. Die Karten f\u00fcr das geplante Thompson-Konzert am 13. November waren am Donnerstag binnen zwei Stunden ausverkauft. Die kroatische Diaspora in Deutschland h\u00e4lt Perkovi\u0107 die Treue &#8211; trotz oder vielleicht gerade weil ihm immer wieder Nationalismus und Faschismusverherrlichung vorgeworfen werden.<\/p>\n<p class=\"textabsatz m-ten m-offset-one l-eight l-offset-two columns twelve\">Doch gegen das Konzert regt sich bereits Widerstand.<\/p>\n<p>    Konzertbeginn mit faschistischer Gru\u00dfformel<\/p>\n<p class=\"textabsatz m-ten m-offset-one l-eight l-offset-two columns twelve\">&#8222;Mit Faschismus macht man keine Gesch\u00e4fte&#8220;, lie\u00df die Linke im Frankfurter R\u00f6mer am Donnerstag per Pressemitteilung verlautbaren. Die Partei fordert die Leitung der Jahrhunderthalle auf, das Konzert abzusagen.<\/p>\n<p class=\"textabsatz m-ten m-offset-one l-eight l-offset-two columns twelve\">&#8222;Thompson steht seit Jahren wegen nationalistischer und faschistischer Symbolik bei seinen Auftritten in der Kritik&#8220;, erkl\u00e4rt Benjamin Ali\u010di\u0107. Der Stadtverordnete der Linken verweist unter anderem darauf, dass Thompson seine Konzerte regelm\u00e4\u00dfig mit dem Lied &#8222;Bojna \u010cavoglave&#8220; beginnt, einem Kriegslied, an dessen Anfang er und sein Publikum regelm\u00e4\u00dfig die Gru\u00dfformel &#8222;Za dom spremni&#8220; schmettern &#8211; die offizielle Gru\u00dfformel des mit Nazi-Deutschland verb\u00fcndeten Ustascha-Regimes.<\/p>\n<p>    Auftrittsverbote in \u00d6sterreich und der Schweiz<\/p>\n<p class=\"textabsatz m-ten m-offset-one l-eight l-offset-two columns twelve\">Der Ustascha-Gru\u00df ist derweil beileibe nicht die einzige positive Bezugnahme Thompsons auf ein Regime, in dessen Todeslagern hunderttausende Serben, Roma, Juden und politische Widersacher systematisch ermordet wurden. In einigen seiner Lieder verneigt er sich kaum verhohlen vor der faschistischen Vergangenheit Kroatiens, er paraphrasiert stellenweise auch Ustascha-Lieder.<\/p>\n<p class=\"textabsatz m-ten m-offset-one l-eight l-offset-two columns twelve\">In den 1990ern stand Thompson noch sehr offen zu seinen \u00dcberzeugungen. F\u00fcr kroatische Medien etwa posierte er mit Bildern des Ustascha-F\u00fchrers Ante Paveli\u0107 und eines Ustascha-Generals.<\/p>\n<p class=\"textabsatz m-ten m-offset-one l-eight l-offset-two columns twelve\">Anfang der 2000er ver\u00f6ffentlichten kroatische Medien eine Audio-Aufnahme von einem seiner Konzerte, in dem er ein Loblied auf das Morden im Ustascha-KZ Jasenovac gab. Seinerzeit gab Perkovi\u0107 unumwunden zu, das Lied gesungen zu haben. Seit einigen Jahren behauptet er, es handele sich bei der Tonaufnahme um eine F\u00e4lschung.<\/p>\n<p class=\"textabsatz m-ten m-offset-one l-eight l-offset-two columns twelve\">Dieser Vorfall erregte auch internationale Aufmerksamkeit und hatte f\u00fcr Thompson Auftrittsverbote unter anderem in der Schweiz und in \u00d6sterreich zur Folge.<\/p>\n<p>    Kinderch\u00f6re singen seine Lieder &#8211; in Deutschland<\/p>\n<p class=\"textabsatz m-ten m-offset-one l-eight l-offset-two columns twelve\">In Deutschland konnte Thompson indes bis vor knapp einem Jahrzehnt noch relativ unbeeintr\u00e4chtigt auch in st\u00e4dtischen Hallen auftreten. Zuletzt hatte er sich jedoch mit kleineren privaten Veranstaltungsr\u00e4umen begn\u00fcgen m\u00fcssen. In Frankfurt war Thompson zuletzt 2007 aufgetreten.<\/p>\n<p class=\"textabsatz m-ten m-offset-one l-eight l-offset-two columns twelve\">An seinem Superstar-Status in Kroatien \u00e4ndern derweil alle auch noch so gut belegten Vorw\u00fcrfe und Skandale nichts. Bei Feiern kroatischer Nationalmannschaften ist er ebenso regelm\u00e4\u00dfig dabei wie bei Veranstaltungen zum Gedenken an den Unabh\u00e4ngigkeitskrieg der 1990er Jahre.<\/p>\n<p class=\"textabsatz m-ten m-offset-one l-eight l-offset-two columns twelve\">Auch in Deutschland ist seine Popularit\u00e4t in der kroatischen Diaspora ungebrochen. In den sozialen Netzwerken kursieren Videos von Kinderch\u00f6ren, die in kroatischen Gottesdiensten im Rhein-Main-Gebiet Thompsons Lieder singen. Auch kroatische Fu\u00dfballmannschaften feiern regelm\u00e4\u00dfig mit der Musik des Rechtsrockers.<\/p>\n<p>    Linke und Gr\u00fcne fordern Absage<\/p>\n<p class=\"textabsatz m-ten m-offset-one l-eight l-offset-two columns twelve\">&#8222;Jemandem, der so eine Ideologie romantisiert und vertritt, darf keine B\u00fchne gegeben werden&#8220;, findet Daniela Mehler-W\u00fcrzbach, Fraktionsvorsitzende der Linken im R\u00f6mer. Das Problem dabei: Die Jahrhunderthalle wird von einer privaten GmbH betrieben &#8211; die Kommunalpolitik hat hier nichts mitzureden. &#8222;Aber Privateigentum entbindet niemanden von gesellschaftlicher Verantwortung&#8220;, betont Mehler-W\u00fcrzbach.<\/p>\n<p class=\"textabsatz m-ten m-offset-one l-eight l-offset-two columns twelve\">Am Freitag haben sich auch die Gr\u00fcnen der Forderung nach einer Absage angeschlossen. &#8220; Das ist keine Zensur, sondern eine klare Haltung f\u00fcr eine demokratische und der Menschenw\u00fcrde verpflichtete Kultur&#8220;, erkl\u00e4rte Julia Ebertz, stellvertretende Fraktionsvorsitzende und Kulturpolitikerin der Gr\u00fcnen im R\u00f6mer.<\/p>\n<p class=\"textabsatz m-ten m-offset-one l-eight l-offset-two columns twelve\">Emre Telyakar, stellvertretender Fraktionsvorsitzender der Gr\u00fcnen-Fraktion im R\u00f6mer betonte: &#8222;Unsere Kritik richtet sich nicht gegen Kroatien, die kroatische Kultur oder Menschen mit kroatischen Wurzeln, sondern gegen die Verherrlichung des faschistischen Usta\u0161a-Regimes.&#8220;<\/p>\n<p>    Jahrhunderthalle sieht keinen Anlass zu handeln<\/p>\n<p class=\"textabsatz m-ten m-offset-one l-eight l-offset-two columns twelve\">Seitens der Jahrhunderthalle GmbH sieht man sich indes nicht in der Pflicht, das Konzert abzusagen. &#8222;Selbstverst\u00e4ndlich pr\u00fcfen wir im Vorfeld einer solchen Veranstaltung und auch anschlie\u00dfend, ob das Programm oder die Inhalte im Rahmen des geltenden Rechts stattfinden, also keine verfassungsfeindlichen oder strafrechtlich relevanten Inhalte konkret zu erwarten sind oder sonstige Gefahren f\u00fcr die \u00f6ffentliche Sicherheit und Ordnung drohen&#8220;, teilt sie schriftlich auf hessenschau-Anfrage mit. Aktuell l\u00e4gen dahingehend keine konkreten Erkenntnisse vor.<\/p>\n<p class=\"textabsatz m-ten m-offset-one l-eight l-offset-two columns twelve\">Das verwundert wenig. Weder der Gru\u00df der Ustascha noch deren Symbole sind in Deutschland verboten.<\/p>\n<p class=\"textabsatz m-ten m-offset-one l-eight l-offset-two columns twelve\">Die Jahrhunderthalle bleibt sich in diesem Zusammenhang treu. Erst im Mai konnte dort die serbische Kriegsverbrecherwitwe und Turbofolk-S\u00e4ngerin <a href=\"https:\/\/www.hessenschau.de\/panorama\/glamour-und-graeuel-warum-das-konzert-der-serbischen-saengerin-ceca-in-frankfurt-polarisiert-v1,umstrittene-saengerin-ceca-frankfurt-100.html\" title=\"Ceca vor tausenden Fans\" class=\"textlink--extern\" target=\"_blank\" rel=\"noopener nofollow\">Ceca vor tausenden Fans<\/a> auftreten.<\/p>\n<p>                                        <a class=\"backlink__link\" href=\"https:\/\/www.hessenschau.de\/politik\/frankfurt-rechtsextremer-saenger-thompson-kommt-in-die-jahrhunderthalle-v2,thompson-frankfurt-100.html\" rel=\"nofollow noopener\" target=\"_blank\"><\/p>\n<p>                                                <img decoding=\"async\" src=\"https:\/\/images.tagesschau.de\/image\/d5dbef2b-a561-4a5d-8a3f-af75f4c80994\/AAABlap_bik\/AAABnR8VW9w\/original\/lra-hr-logo-100.svg\" alt=\"Hessischer Rundfunk\"\/><\/p>\n<p>                                        <\/a><\/p>\n","protected":false},"excerpt":{"rendered":"Stand: 21.08.2026 \u2022 13:33 Uhr Thompson gilt als Superstar der kroatischen Musik. Doch der S\u00e4nger steht seit Jahren&hellip;\n","protected":false},"author":2,"featured_media":1251176,"comment_status":"","ping_status":"","sticky":false,"template":"","format":"standard","meta":{"footnotes":"","_share_on_mastodon":"0"},"categories":[1829],"tags":[29,2050,2051,30,2052,12591],"class_list":["post-1251175","post","type-post","status-publish","format-standard","has-post-thumbnail","category-frankfurt-am-main","tag-deutschland","tag-frankfurt","tag-frankfurt-am-main","tag-germany","tag-hessen","tag-hr"],"share_on_mastodon":{"url":"https:\/\/pubeurope.com\/@de\/117133418590196417","error":""},"_links":{"self":[{"href":"https:\/\/www.europesays.com\/de\/wp-json\/wp\/v2\/posts\/1251175","targetHints":{"allow":["GET"]}}],"collection":[{"href":"https:\/\/www.europesays.com\/de\/wp-json\/wp\/v2\/posts"}],"about":[{"href":"https:\/\/www.europesays.com\/de\/wp-json\/wp\/v2\/types\/post"}],"author":[{"embeddable":true,"href":"https:\/\/www.europesays.com\/de\/wp-json\/wp\/v2\/users\/2"}],"replies":[{"embeddable":true,"href":"https:\/\/www.europesays.com\/de\/wp-json\/wp\/v2\/comments?post=1251175"}],"version-history":[{"count":0,"href":"https:\/\/www.europesays.com\/de\/wp-json\/wp\/v2\/posts\/1251175\/revisions"}],"wp:featuredmedia":[{"embeddable":true,"href":"https:\/\/www.europesays.com\/de\/wp-json\/wp\/v2\/media\/1251176"}],"wp:attachment":[{"href":"https:\/\/www.europesays.com\/de\/wp-json\/wp\/v2\/media?parent=1251175"}],"wp:term":[{"taxonomy":"category","embeddable":true,"href":"https:\/\/www.europesays.com\/de\/wp-json\/wp\/v2\/categories?post=1251175"},{"taxonomy":"post_tag","embeddable":true,"href":"https:\/\/www.europesays.com\/de\/wp-json\/wp\/v2\/tags?post=1251175"}],"curies":[{"name":"wp","href":"https:\/\/api.w.org\/{rel}","templated":true}]}}