{"id":125118,"date":"2025-05-20T09:39:08","date_gmt":"2025-05-20T09:39:08","guid":{"rendered":"https:\/\/www.europesays.com\/de\/125118\/"},"modified":"2025-05-20T09:39:08","modified_gmt":"2025-05-20T09:39:08","slug":"sie-loest-lola-weippert-ab-janin-ullmann-uebernimmt-temptation-island","status":"publish","type":"post","link":"https:\/\/www.europesays.com\/de\/125118\/","title":{"rendered":"Sie l\u00f6st Lola Weippert ab: Janin Ullmann \u00fcbernimmt &#8222;Temptation Island&#8220;"},"content":{"rendered":"<p>                    Sie l\u00f6st Lola Weippert ab<br \/>\n                Janin Ullmann \u00fcbernimmt &#8222;Temptation Island&#8220;<\/p>\n<p>\t\t\t\t              20.05.2025, 10:26 Uhr<\/p>\n<p>\t\t\t\t\t       Artikel anh\u00f6ren<\/p>\n<p>\t\t\t\t\t\t\tDiese Audioversion wurde k\u00fcnstlich generiert. <a href=\"https:\/\/www.n-tv.de\/23249898\" target=\"_blank\" rel=\"noopener\">Mehr Infos<\/a><\/p>\n<p><strong>Nach f\u00fcnf Jahren verabschiedet sich Lola Weippert als Moderatorin von &#8222;Temptation Island&#8220;. Ihre Nachfolgerin steht aber bereits fest: Die 43-j\u00e4hrige Janin Ullmann \u00fcbernimmt das Ruder. Mit ihr soll es auch noch einige \u00dcberraschungen in der kommenden Staffel geben.<\/strong><\/p>\n<p>Bei &#8222;Temptation Island&#8220; stehen einige Ver\u00e4nderungen an. Nach mehreren Jahren verabschiedet sich Moderatorin Lola Weippert von dem Format. Eine Nachfolgerin f\u00fcr die 29-j\u00e4hrige Moderatorin ist aber bereits gefunden. K\u00fcnftig wird ihre Kollegin Janin Ullmann, die sich als Fan der Show pr\u00e4sentiert, \u00fcbernehmen.<\/p>\n<p>Ullmann wird als neues Gesicht in der sechsten &#8222;Temptation Island VIP&#8220;-Staffel am Lagerfeuer sitzen, <a href=\"https:\/\/www.rtl.de\/sendungen\/temptation-island\/neue-moderatorin-bei-temptation-island-sie-uebernimmt-lola-weipperts-job-id4368337.html\" rel=\"Follow noopener\" target=\"_blank\">berichtet RTL<\/a>. K\u00fcnftig soll sie sowohl die normale Variante als auch die Promi-Fassung der Datingshow moderieren. Es sei &#8222;wirklich ein Traum, der f\u00fcr mich in Erf\u00fcllung geht&#8220;, erz\u00e4hlt die 43-J\u00e4hrige im Gespr\u00e4ch mit dem Sender. Erfahrungen in Sachen Reality hat sie nat\u00fcrlich auch schon, immerhin ist sie seit 2022 als Moderatorin von &#8222;Make Love, Fake Love&#8220; im Einsatz.<\/p>\n<p>\u00dcberraschungen bei &#8222;Temptation Island&#8220;<\/p>\n<p>Die Personalie wird aber nicht die einzige \u00c4nderung sein, wie Janine Ullmann bereits durchblicken l\u00e4sst. &#8222;Ich glaube, dass wir vielleicht auch zwischendurch die eine oder andere \u00dcberraschung haben, die man vielleicht so bei &#8218;Temptation Island&#8216; bisher auch noch nicht gesehen hat&#8220;, erz\u00e4hlt sie. Details verr\u00e4t sie aber nicht.<\/p>\n<p>In einem auf Instagram \u00fcber die Profile von Weippert und Ullmann, \u00fcber das der Show und das des Streamingdienstes RTL+ verbreiteten Video begl\u00fcckw\u00fcnscht die 29-J\u00e4hrige ihre Nachfolgerin. Jene bedankt sich bei ihrer Kollegin und erz\u00e4hlt, dass sie das Format &#8222;\u00fcber alles&#8220; liebe. Au\u00dferdem wolle Ullmann &#8222;die Extraportion Drama mitbringen&#8220;. Weippert wolle zuschauen und sie &#8222;anfeuern aus der Ferne&#8220;.<\/p>\n<p>In einem weiteren Post verabschiedet Weippert sich noch von dem Format. Sie schreibt: &#8222;Danke, dass ich f\u00fcnf Jahre &#8218;Temptation Island&#8216; moderieren durfte! Es war mir eine Ehre und ich \u00fcbergebe das Zepter voller Freude, denn f\u00fcr mich ist es Zeit, weiterzugehen und mich neuen Shows und Projekten zu widmen.&#8220;<\/p>\n","protected":false},"excerpt":{"rendered":"Sie l\u00f6st Lola Weippert ab Janin Ullmann \u00fcbernimmt &#8222;Temptation Island&#8220; 20.05.2025, 10:26 Uhr Artikel anh\u00f6ren Diese Audioversion wurde&hellip;\n","protected":false},"author":2,"featured_media":125119,"comment_status":"","ping_status":"","sticky":false,"template":"","format":"standard","meta":{"footnotes":""},"categories":[155],"tags":[29,214,30,821,640,1897,684,215],"class_list":{"0":"post-125118","1":"post","2":"type-post","3":"status-publish","4":"format-standard","5":"has-post-thumbnail","7":"category-unterhaltung","8":"tag-deutschland","9":"tag-entertainment","10":"tag-germany","11":"tag-liebesleben","12":"tag-rtl","13":"tag-streaming","14":"tag-tv","15":"tag-unterhaltung"},"share_on_mastodon":{"url":"","error":""},"_links":{"self":[{"href":"https:\/\/www.europesays.com\/de\/wp-json\/wp\/v2\/posts\/125118","targetHints":{"allow":["GET"]}}],"collection":[{"href":"https:\/\/www.europesays.com\/de\/wp-json\/wp\/v2\/posts"}],"about":[{"href":"https:\/\/www.europesays.com\/de\/wp-json\/wp\/v2\/types\/post"}],"author":[{"embeddable":true,"href":"https:\/\/www.europesays.com\/de\/wp-json\/wp\/v2\/users\/2"}],"replies":[{"embeddable":true,"href":"https:\/\/www.europesays.com\/de\/wp-json\/wp\/v2\/comments?post=125118"}],"version-history":[{"count":0,"href":"https:\/\/www.europesays.com\/de\/wp-json\/wp\/v2\/posts\/125118\/revisions"}],"wp:featuredmedia":[{"embeddable":true,"href":"https:\/\/www.europesays.com\/de\/wp-json\/wp\/v2\/media\/125119"}],"wp:attachment":[{"href":"https:\/\/www.europesays.com\/de\/wp-json\/wp\/v2\/media?parent=125118"}],"wp:term":[{"taxonomy":"category","embeddable":true,"href":"https:\/\/www.europesays.com\/de\/wp-json\/wp\/v2\/categories?post=125118"},{"taxonomy":"post_tag","embeddable":true,"href":"https:\/\/www.europesays.com\/de\/wp-json\/wp\/v2\/tags?post=125118"}],"curies":[{"name":"wp","href":"https:\/\/api.w.org\/{rel}","templated":true}]}}