{"id":1251294,"date":"2026-08-21T13:19:44","date_gmt":"2026-08-21T13:19:44","guid":{"rendered":"https:\/\/www.europesays.com\/de\/1251294\/"},"modified":"2026-08-21T13:19:44","modified_gmt":"2026-08-21T13:19:44","slug":"tag-der-offenen-tuer-an-der-144-grundschule","status":"publish","type":"post","link":"https:\/\/www.europesays.com\/de\/1251294\/","title":{"rendered":"Tag der offenen T\u00fcr an der 144. Grundschule"},"content":{"rendered":"\n<p>Die 144. Grundschule l\u00e4dt am Sonnabend, dem 5. September 2026, zu einem Tag der offenen T\u00fcr ein. Von 10 bis 12 Uhr k\u00f6nnen Vorschulkinder und ihre Familien die Schule kennenlernen. <img fetchpriority=\"high\" decoding=\"async\" src=\"https:\/\/www.europesays.com\/de\/wp-content\/uploads\/2026\/08\/144.-Grundschule-Sommerfest.jpg\" alt=\"144. Grundschule - Foto: Archiv W. Schenk\" width=\"2000\" height=\"1021\" class=\"size-full wp-image-51825\"  \/>144. Grundschule \u2013 Foto: Archiv W. Schenk <\/p>\n<p>Die Schule befindet sich an der Micktner Stra\u00dfe 10 in Dresden. <\/p>\n<p>Beim Tag der offenen T\u00fcr stehen verschiedene Angebote auf dem Programm. Dazu geh\u00f6ren eine Schulhausrallye und Spielespa\u00df. Vorgestellt werden au\u00dferdem die Schulsozialarbeit, die Themenr\u00e4ume des Hortes, das Lernen in Klasse 1 und die Schulkultur. Leckereien aus der Kinderk\u00fcche geh\u00f6ren ebenfalls zum Angebot.<\/p>\n<p><a class=\"gofollow\" data-track=\"OTAsMSw2MA==\" href=\"https:\/\/landstreicher-konzerte.de\/konzerte\/clueso-dd-26\" target=\"_blank\" rel=\"noopener nofollow\"><img loading=\"lazy\" decoding=\"async\" src=\"https:\/\/www.europesays.com\/de\/wp-content\/uploads\/2026\/08\/Neustadtticker_Clueso_DD-scaled.png\" width=\"300\" height=\"250\" alt=\"Clueso\"\/><\/a> <\/p>\n<p>Im September 2014 wurde die Schule in der Micktner Stra\u00dfe eingeweiht. Sie war der erste Dresdner Schulneubau nach der Wende. Damals starteten zwei erste Klassen. <\/p>\n<p>Tag der offenen T\u00fcr an der 144. Grundschule     <\/p>\n","protected":false},"excerpt":{"rendered":"Die 144. Grundschule l\u00e4dt am Sonnabend, dem 5. September 2026, zu einem Tag der offenen T\u00fcr ein. Von&hellip;\n","protected":false},"author":2,"featured_media":1251295,"comment_status":"","ping_status":"","sticky":false,"template":"","format":"standard","meta":{"footnotes":"","_share_on_mastodon":"0"},"categories":[1835],"tags":[259012,3364,29,2386,30,37752,859,29979],"class_list":["post-1251294","post","type-post","status-publish","format-standard","has-post-thumbnail","category-dresden","tag-144-grundschule","tag-de","tag-deutschland","tag-dresden","tag-germany","tag-pieschen","tag-sachsen","tag-tag-der-offenen-tuer"],"share_on_mastodon":{"url":"https:\/\/pubeurope.com\/@de\/117133705611407661","error":""},"_links":{"self":[{"href":"https:\/\/www.europesays.com\/de\/wp-json\/wp\/v2\/posts\/1251294","targetHints":{"allow":["GET"]}}],"collection":[{"href":"https:\/\/www.europesays.com\/de\/wp-json\/wp\/v2\/posts"}],"about":[{"href":"https:\/\/www.europesays.com\/de\/wp-json\/wp\/v2\/types\/post"}],"author":[{"embeddable":true,"href":"https:\/\/www.europesays.com\/de\/wp-json\/wp\/v2\/users\/2"}],"replies":[{"embeddable":true,"href":"https:\/\/www.europesays.com\/de\/wp-json\/wp\/v2\/comments?post=1251294"}],"version-history":[{"count":0,"href":"https:\/\/www.europesays.com\/de\/wp-json\/wp\/v2\/posts\/1251294\/revisions"}],"wp:featuredmedia":[{"embeddable":true,"href":"https:\/\/www.europesays.com\/de\/wp-json\/wp\/v2\/media\/1251295"}],"wp:attachment":[{"href":"https:\/\/www.europesays.com\/de\/wp-json\/wp\/v2\/media?parent=1251294"}],"wp:term":[{"taxonomy":"category","embeddable":true,"href":"https:\/\/www.europesays.com\/de\/wp-json\/wp\/v2\/categories?post=1251294"},{"taxonomy":"post_tag","embeddable":true,"href":"https:\/\/www.europesays.com\/de\/wp-json\/wp\/v2\/tags?post=1251294"}],"curies":[{"name":"wp","href":"https:\/\/api.w.org\/{rel}","templated":true}]}}