{"id":1251367,"date":"2026-08-21T14:05:14","date_gmt":"2026-08-21T14:05:14","guid":{"rendered":"https:\/\/www.europesays.com\/de\/1251367\/"},"modified":"2026-08-21T14:05:14","modified_gmt":"2026-08-21T14:05:14","slug":"es-ist-zu-einfach-hierbleiben-zu-koennen-union-will-duldungen-bei-ausreisepflichtigen-erschweren","status":"publish","type":"post","link":"https:\/\/www.europesays.com\/de\/1251367\/","title":{"rendered":"\u201eEs ist zu einfach, hierbleiben zu k\u00f6nnen\u201c \u2013 Union will Duldungen bei Ausreisepflichtigen erschweren"},"content":{"rendered":"<p>Vier von f\u00fcnf ausreisepflichtigen Migranten haben in Deutschland eine Duldung \u2013\u00a0f\u00fcr CDU-Innenpolitiker Alexander Throm ist das zu viel. Er pl\u00e4diert daf\u00fcr, die Regeln zu versch\u00e4rfen.<\/p>\n<p class=\"is-first-paragraph\" data-external=\"Article.FirstParagraph\">Die CDU will die Ausstellung von Duldungen durch \u00f6rtliche Ausl\u00e4nderbeh\u00f6rden k\u00fcnftig erschweren. \u201eDass bei uns vier von f\u00fcnf eigentlich ausreisepflichtigen Migranten eine Duldung haben, ist ein Skandal\u201c, sagte der CDU-Innenpolitiker Alexander Throm gegen\u00fcber der <a class=\"is-link c-block-items__link is-external c-link--rich-text-renderer\" href=\"https:\/\/www.bild.de\/politik\/inland\/duldungen-cdu-experte-nennt-vier-von-fuenf-faellen-skandal-6a85b37357e16470ca3ac572\" target=\"_blank\" title=\"Link wird in einem neuen Tab ge\u00f6ffnet\" rel=\"nofollow noopener\" data-internal-tracking-enabled=\"true\" data-internal-tracking=\"{&quot;action&quot;:&quot;click&quot;,&quot;label&quot;:&quot;link&quot;,&quot;name&quot;:&quot;Inline Element&quot;,&quot;data&quot;:{&quot;source&quot;:&quot;&quot;,&quot;target&quot;:&quot;https:\/\/www.bild.de\/politik\/inland\/duldungen-cdu-experte-nennt-vier-von-fuenf-faellen-skandal-6a85b37357e16470ca3ac572&quot;,&quot;trackingName&quot;:&quot;&quot;,&quot;trackingLabel&quot;:&quot;&quot;}}\">\u201eBild\u201c-Zeitung<\/a>. Er forderte: \u201eDas Ausstellen von Duldungen durch \u00f6rtliche Ausl\u00e4nderbeh\u00f6rden muss deutlich erschwert werden.\u201c<\/p>\n<p><a class=\"is-link c-block-items__link c-link--rich-text-renderer\" href=\"https:\/\/www.welt.de\/politik\/deutschland\/article6a8241f2a87e8142c31d2384\/migration-deutlich-mehr-migranten-und-abgelehnte-asylbewerber-verlassen-deutschland-freiwillig.html\" data-internal-tracking-enabled=\"true\" data-internal-tracking=\"{&quot;action&quot;:&quot;click&quot;,&quot;label&quot;:&quot;link&quot;,&quot;name&quot;:&quot;Inline Element&quot;,&quot;data&quot;:{&quot;source&quot;:&quot;&quot;,&quot;target&quot;:&quot;https:\/\/www.welt.de\/politik\/deutschland\/article6a8241f2a87e8142c31d2384\/migration-deutlich-mehr-migranten-und-abgelehnte-asylbewerber-verlassen-deutschland-freiwillig.html&quot;,&quot;trackingName&quot;:&quot;&quot;,&quot;trackingLabel&quot;:&quot;&quot;}}\" rel=\"nofollow noopener\" target=\"_blank\">Laut dem Ausl\u00e4nderzentralregister<\/a> waren Ende Juni 258.845 Menschen in Deutschland ausreisepflichtig. Davon seien 199.271 geduldet gewesen. <\/p>\n<p>Ein Grund f\u00fcr die hohe Anzahl von Duldungen sind laut Hamburgs Innensenator Andy Grote (SPD) fehlende Dokumente. Gegen\u00fcber der <a class=\"is-link c-block-items__link is-external c-link--rich-text-renderer\" href=\"https:\/\/www.bild.de\/politik\/inland\/duldungen-cdu-experte-nennt-vier-von-fuenf-faellen-skandal-6a85b37357e16470ca3ac572\" target=\"_blank\" title=\"Link wird in einem neuen Tab ge\u00f6ffnet\" rel=\"nofollow noopener\" data-internal-tracking-enabled=\"true\" data-internal-tracking=\"{&quot;action&quot;:&quot;click&quot;,&quot;label&quot;:&quot;link&quot;,&quot;name&quot;:&quot;Inline Element&quot;,&quot;data&quot;:{&quot;source&quot;:&quot;&quot;,&quot;target&quot;:&quot;https:\/\/www.bild.de\/politik\/inland\/duldungen-cdu-experte-nennt-vier-von-fuenf-faellen-skandal-6a85b37357e16470ca3ac572&quot;,&quot;trackingName&quot;:&quot;&quot;,&quot;trackingLabel&quot;:&quot;&quot;}}\">\u201eBild\u201c-Zeitung<\/a> sprach er von \u201erund 65.000 Personen\u201c, die aufgrund fehlender Identifizierung in Deutschland geduldet werden. 42.000 davon h\u00e4tten keinen Pass oder Ausweis, hei\u00dft es weiter.<\/p>\n<p>Grote forderte mehr Druck vom Bund: \u201eEs ist Aufgabe des Bundes, die Passbeschaffung bei den Herkunftsl\u00e4ndern durchzusetzen\u201c, sagte Grote, der derzeit auch Chef der Innenministerkonferenz der L\u00e4nder ist.<\/p>\n<p><a class=\"is-link c-block-items__link is-external c-link--rich-text-renderer\" href=\"https:\/\/www.bpb.de\/themen\/migration-integration\/kurzdossiers\/571579\/duldung\/\" target=\"_blank\" title=\"Link wird in einem neuen Tab ge\u00f6ffnet\" rel=\"nofollow noopener\" data-internal-tracking-enabled=\"true\" data-internal-tracking=\"{&quot;action&quot;:&quot;click&quot;,&quot;label&quot;:&quot;link&quot;,&quot;name&quot;:&quot;Inline Element&quot;,&quot;data&quot;:{&quot;source&quot;:&quot;&quot;,&quot;target&quot;:&quot;https:\/\/www.bpb.de\/themen\/migration-integration\/kurzdossiers\/571579\/duldung\/&quot;,&quot;trackingName&quot;:&quot;&quot;,&quot;trackingLabel&quot;:&quot;&quot;}}\">\u201eGeduldet\u201c bedeutet,<\/a> dass diese Menschen eigentlich dazu verpflichtet sind, Deutschland wieder zu verlassen. Die Abschiebung kann ausgesetzt werden, wenn diese aus rechtlichen, dringenden humanit\u00e4ren oder pers\u00f6nlichen Gr\u00fcnden nicht durchgef\u00fchrt werden kann. Das k\u00f6nnen etwa fehlende Papiere, aber auch eine schwere Krankheit sein. Eine Duldung ist kein Aufenthaltsstatus. <a class=\"is-link c-block-items__link c-link--rich-text-renderer\" href=\"https:\/\/www.welt.de\/politik\/ausland\/plus247729354\/Deutschland-und-sein-einzigartiger-Umgang-mit-abgelehnten-Asylbewerbern.html\" data-internal-tracking-enabled=\"true\" data-internal-tracking=\"{&quot;action&quot;:&quot;click&quot;,&quot;label&quot;:&quot;link&quot;,&quot;name&quot;:&quot;Inline Element&quot;,&quot;data&quot;:{&quot;source&quot;:&quot;&quot;,&quot;target&quot;:&quot;https:\/\/www.welt.de\/politik\/ausland\/plus247729354\/Deutschland-und-sein-einzigartiger-Umgang-mit-abgelehnten-Asylbewerbern.html&quot;,&quot;trackingName&quot;:&quot;&quot;,&quot;trackingLabel&quot;:&quot;&quot;}}\" rel=\"nofollow noopener\" target=\"_blank\">In Deutschland ist diese Regelung europaweit einzigartig.<\/a> <\/p>\n<p>lay<\/p>\n","protected":false},"excerpt":{"rendered":"Vier von f\u00fcnf ausreisepflichtigen Migranten haben in Deutschland eine Duldung \u2013\u00a0f\u00fcr CDU-Innenpolitiker Alexander Throm ist das zu viel.&hellip;\n","protected":false},"author":2,"featured_media":1251368,"comment_status":"","ping_status":"","sticky":false,"template":"","format":"standard","meta":{"footnotes":"","_share_on_mastodon":"0"},"categories":[2],"tags":[53233,34321,533,70611,29,259020,30,27552,13,47967,14,15,110,12,45,10,8,9,11],"class_list":["post-1251367","post","type-post","status-publish","format-standard","has-post-thumbnail","category-deutschland","tag-abschiebungen-ks","tag-andy-spd","tag-asyl","tag-asylbewerber-ks","tag-deutschland","tag-duldung-ks","tag-germany","tag-grote","tag-headlines","tag-migrationspolitik-ks","tag-nachrichten","tag-news","tag-newsteam","tag-schlagzeilen","tag-texttospeech","tag-top-news","tag-top-meldungen","tag-topmeldungen","tag-topnews"],"share_on_mastodon":{"url":"https:\/\/pubeurope.com\/@de\/117133884174501341","error":""},"_links":{"self":[{"href":"https:\/\/www.europesays.com\/de\/wp-json\/wp\/v2\/posts\/1251367","targetHints":{"allow":["GET"]}}],"collection":[{"href":"https:\/\/www.europesays.com\/de\/wp-json\/wp\/v2\/posts"}],"about":[{"href":"https:\/\/www.europesays.com\/de\/wp-json\/wp\/v2\/types\/post"}],"author":[{"embeddable":true,"href":"https:\/\/www.europesays.com\/de\/wp-json\/wp\/v2\/users\/2"}],"replies":[{"embeddable":true,"href":"https:\/\/www.europesays.com\/de\/wp-json\/wp\/v2\/comments?post=1251367"}],"version-history":[{"count":0,"href":"https:\/\/www.europesays.com\/de\/wp-json\/wp\/v2\/posts\/1251367\/revisions"}],"wp:featuredmedia":[{"embeddable":true,"href":"https:\/\/www.europesays.com\/de\/wp-json\/wp\/v2\/media\/1251368"}],"wp:attachment":[{"href":"https:\/\/www.europesays.com\/de\/wp-json\/wp\/v2\/media?parent=1251367"}],"wp:term":[{"taxonomy":"category","embeddable":true,"href":"https:\/\/www.europesays.com\/de\/wp-json\/wp\/v2\/categories?post=1251367"},{"taxonomy":"post_tag","embeddable":true,"href":"https:\/\/www.europesays.com\/de\/wp-json\/wp\/v2\/tags?post=1251367"}],"curies":[{"name":"wp","href":"https:\/\/api.w.org\/{rel}","templated":true}]}}