{"id":1251380,"date":"2026-08-21T14:12:20","date_gmt":"2026-08-21T14:12:20","guid":{"rendered":"https:\/\/www.europesays.com\/de\/1251380\/"},"modified":"2026-08-21T14:12:20","modified_gmt":"2026-08-21T14:12:20","slug":"borussia-moenchengladbach-so-plant-eugen-polanski-mit-ko-itakura-sport","status":"publish","type":"post","link":"https:\/\/www.europesays.com\/de\/1251380\/","title":{"rendered":"Borussia M\u00f6nchengladbach: So plant Eugen Polanski mit Ko Itakura | Sport"},"content":{"rendered":"<p><a class=\"skip-content skip-content--link\" href=\"#in-content-skip-link-target-v-0-0\">TTS-Player \u00fcberspringen\u21b5<\/a><a id=\"in-content-skip-link-target-v-0-0\" class=\"skip-content--target-link-hidden skip-content skip-content--target-link\" href=\"#in-content-skip-link-target-v-0-0\">Artikel weiterlesen<\/a><\/p>\n<p data-21134c99=\"0-2245\"><b>An das erste Telefonat mit Ko Itakura (29) kann sich Eugen Polanski (40) noch bestens erinnern. Der Coach rief den Innenverteidiger vor ein paar Wochen an, um seine grunds\u00e4tzliche Bereitschaft abzuklopfen, wieder f\u00fcr Gladbach zu spielen. Der Coach: \u201eVon der ersten Sekunde an hatte ich das Gef\u00fchl, dass er auf gepackten Koffern sitzt und unbedingt zu uns zur\u00fcck und wieder f\u00fcr Borussia spielen will.\u201c Genau das kann jetzt ganz schnell gehen!<\/b><\/p>\n<p data-21134c99=\"0-2245\">Der 3,5-Millionen-Euro-R\u00fcckkehrer von Ajax Amsterdam soll am Sonntag (15.30 Uhr\/Sky) im Pokalspiel bei Schott Mainz schon im Kader stehen \u2013 obwohl er die WM in den Knochen und ein schwieriges Jahr in den Niederlanden mit einer langwierigen R\u00fcckenverletzung hinter sich hat. Er darf sogar direkt mit seinem R\u00fcckkehr-Deb\u00fct f\u00fcr <a href=\"https:\/\/www.bild.de\/sport\/fussball\/borussia-moenchengladbach\/startseite-borussia-moenchengladbach-31074418.bild.html\" class=\"text-link\" rel=\"nofollow noopener\" target=\"_blank\">Borussia M\u00f6nchengladbach<\/a> rechnen!<br \/>\nPolanski: \u201eWir wissen, dass Ko nicht die leichteste Zeit hinter sich hat. Aber wenn es anders gewesen w\u00e4re, h\u00e4tten wir bei Ajax vielleicht gar keinen Fu\u00df in die T\u00fcr bekommen. Mit seiner Erfahrung und seiner Klasse wird er das aber verarbeiten und hier etwas zeigen wollen. Unser Ziel ist es, ihn schnellstm\u00f6glich in die Abl\u00e4ufe bei uns zu integrieren und ihm Spielminuten zu geben.\u201c<\/p>\n<p><img decoding=\"async\" width=\"992\" height=\"558\" alt=\"Ko Itakura (29) hat in der letzten Saison in Amsterdam nur in 22 von 45 Pflichtspielen in der Startelf gestanden\" loading=\"lazy\" src=\"https:\/\/www.europesays.com\/de\/wp-content\/uploads\/2026\/08\/4c10b5c73dd6d416e3df861d6be06c90,28ab2aa6.jpeg\"   class=\"landscape\"\/><\/p>\n<p class=\"fig__caption__text\">Ko Itakura (29) hat in der letzten Saison in Amsterdam nur in 22 von 45 Pflichtspielen in der Startelf gestanden<\/p>\n<p>Foto: AFP via Getty Images<\/p>\n<p data-21134c99=\"0-2245\">Im Klartext: In der Startelf wird Itakura nicht stehen, den Platz neben Abwehrchef Kevin Diks (29) hat sich erstmal der neue Pole Jan Leszczynski (19) erarbeitet. Doch der Japaner darf auf jeden Fall mit einem Joker-Einsatz rechnen \u2013 vor allem dann, wenn seine Kollegen das Pokalspiel in Mainz vorzeitig entscheiden sollten.<\/p>\n<p>Mohya: \u201eBin fit f\u00fcr Sonntag\u201c<\/p>\n<p data-21134c99=\"0-2245\">\u00dcberhaupt in den 20er-Kader zu kommen, wird f\u00fcr einige andere nicht einfach: Wael Mohya (17\/Oberschenkelbeschweren aus dem 8:0-Testsieg in Velbert) und Franck Honorat (30\/musste beim 2:1-Sieg gegen Aston Villa mit Wadenproblemen raus) sind wieder voll im Training. Mohya zu BILD: \u201eAlles wieder okay, ich bin fit f\u00fcr Sonntag!\u201c<\/p>\n<p data-21134c99=\"0-2245\">Topfit sind auch die drei Youngster Fritz Fleck, Iaia Danfa (beide 19) und Mathieu Nguefack (18). Polanski auf BILD-Nachfrage: \u201eSie sind vollwertige Mitglieder des Kaders. Wenn ich das Gef\u00fchl habe, dass sie im Training ihre Leistung gebracht und Aussicht auf Spielzeit haben, k\u00f6nnen auch alle drei im Kader stehen.\u201c Und neben Itakura auf ihr Pflichtspiel-Deb\u00fct hoffen.<\/p>\n","protected":false},"excerpt":{"rendered":"TTS-Player \u00fcberspringen\u21b5Artikel weiterlesen An das erste Telefonat mit Ko Itakura (29) kann sich Eugen Polanski (40) noch bestens&hellip;\n","protected":false},"author":2,"featured_media":1251381,"comment_status":"","ping_status":"","sticky":false,"template":"","format":"standard","meta":{"footnotes":"","_share_on_mastodon":"0"},"categories":[1849],"tags":[815,3364,29,1264,538,548,663,3934,347,30,13,7762,15046,33581,4455,14,15,1209,100524,12,817,819,10735],"class_list":["post-1251380","post","type-post","status-publish","format-standard","has-post-thumbnail","category-moenchengladbach","tag-borussia-moenchengladbach","tag-de","tag-deutschland","tag-dfb-pokal","tag-erste-bundesliga","tag-eu","tag-europa","tag-europe","tag-fussball","tag-germany","tag-headlines","tag-hochrainer-sebastian","tag-hornung-christian","tag-itakura-ko","tag-moenchengladbach","tag-nachrichten","tag-news","tag-nordrhein-westfalen","tag-polanski-eugen","tag-schlagzeilen","tag-seoane-gerardo","tag-sport-leuchtturm-essen","tag-virkus-roland"],"share_on_mastodon":{"url":"https:\/\/pubeurope.com\/@de\/117133911642747303","error":""},"_links":{"self":[{"href":"https:\/\/www.europesays.com\/de\/wp-json\/wp\/v2\/posts\/1251380","targetHints":{"allow":["GET"]}}],"collection":[{"href":"https:\/\/www.europesays.com\/de\/wp-json\/wp\/v2\/posts"}],"about":[{"href":"https:\/\/www.europesays.com\/de\/wp-json\/wp\/v2\/types\/post"}],"author":[{"embeddable":true,"href":"https:\/\/www.europesays.com\/de\/wp-json\/wp\/v2\/users\/2"}],"replies":[{"embeddable":true,"href":"https:\/\/www.europesays.com\/de\/wp-json\/wp\/v2\/comments?post=1251380"}],"version-history":[{"count":0,"href":"https:\/\/www.europesays.com\/de\/wp-json\/wp\/v2\/posts\/1251380\/revisions"}],"wp:featuredmedia":[{"embeddable":true,"href":"https:\/\/www.europesays.com\/de\/wp-json\/wp\/v2\/media\/1251381"}],"wp:attachment":[{"href":"https:\/\/www.europesays.com\/de\/wp-json\/wp\/v2\/media?parent=1251380"}],"wp:term":[{"taxonomy":"category","embeddable":true,"href":"https:\/\/www.europesays.com\/de\/wp-json\/wp\/v2\/categories?post=1251380"},{"taxonomy":"post_tag","embeddable":true,"href":"https:\/\/www.europesays.com\/de\/wp-json\/wp\/v2\/tags?post=1251380"}],"curies":[{"name":"wp","href":"https:\/\/api.w.org\/{rel}","templated":true}]}}