{"id":1251385,"date":"2026-08-21T14:16:20","date_gmt":"2026-08-21T14:16:20","guid":{"rendered":"https:\/\/www.europesays.com\/de\/1251385\/"},"modified":"2026-08-21T14:16:20","modified_gmt":"2026-08-21T14:16:20","slug":"dfb-pokal-waldhof-mannheim-vs-1-fc-kaiserslautern-im-tv-und-livestream","status":"publish","type":"post","link":"https:\/\/www.europesays.com\/de\/1251385\/","title":{"rendered":"DFB-Pokal: Waldhof Mannheim vs. 1. FC Kaiserslautern im TV und Livestream"},"content":{"rendered":"<p>Derby in der ersten Runde im DFB-Pokal: SV Waldhof Mannheim gegen 1. FC Kaiserslautern. Aber wo l\u00e4uft das Spiel heute live im TV und Livestream? SPOX liefert die Informationen zur \u00dcbertragung.<\/p>\n<p>Der DFB-Pokal beginnt &#8211; und die erste Runde hat unter anderem auch ein Derby zu bieten. Es kommt zum Aufeinandertreffen zwischen dem SV Waldhof Mannheim und dem 1. FC Kaiserslautern. Drittligist gegen Zweitligist.<\/p>\n<p>Wann genau? Am heutigen Freitag, den 21. August. Los geht es um 18 Uhr. Der Kampf um den Einzug in das Sechzehntelfinale findet im Mannheimer Carl-Benz-Stadion statt.<\/p>\n<p>Sind im Vorfeld damit alle wichtigen Fragen gekl\u00e4rt? Nein, denn eine Frage muss noch beantwortet werden: Wo l\u00e4uft Mannheim gegen Kaiserslautern heute live im TV und Livestream? <b><strong>SPOX<\/strong><\/b> wei\u00df es.<\/p>\n<p>Nur Sky oder auch Free-TV f\u00fcr Fu\u00dfball im DFB-Pokal heute live? SV Waldhof Mannheim vs. 1. FC Kaiserslautern im TV und Livestream sehen<\/p>\n<p>Wer heute in Mannheim nicht vor Ort zuschauen kann, aber nichts verpassen will, schaltet bei Sky ein. Der Pay-TV-Sender besitzt auch weiterhin die Rechte am kompletten DFB-Pokal, zeigt jede einzelne Partie live und in voller L\u00e4nge. Also auch das Derby.<\/p>\n<p>Im Laufe der Spielzeit werden auch Spiele des Pokals im Free-TV von ARD, ZDF oder neuerdings sogar RTL gezeigt. Dass Mannheim gegen Kaiserslautern nicht dazugeh\u00f6rt, ist wenig \u00fcberraschend.<\/p>\n<tr>\n<td>\n<p><b><strong>Spiel<\/strong><\/b><\/p>\n<\/td>\n<td>\n<p>SV Waldhof Mannheim &#8211; 1. FC Kaiserslautern<\/p>\n<\/td>\n<\/tr>\n<tr>\n<td>\n<p><b><strong>Datum<\/strong><\/b><\/p>\n<\/td>\n<td>\n<p>21. August 2026<\/p>\n<\/td>\n<\/tr>\n<tr>\n<td>\n<p><b><strong>Ansto\u00df<\/strong><\/b><\/p>\n<\/td>\n<td>\n<p>18 Uhr<\/p>\n<\/td>\n<\/tr>\n<tr>\n<td>\n<p><b><strong>Ort<\/strong><\/b><\/p>\n<\/td>\n<td>\n<p>Carl-Benz-Stadion, Mannheim<\/p>\n<\/td>\n<\/tr>\n<tr>\n<td>\n<p><b><strong>\u00dcbertragung live im Free-TV<\/strong><\/b><\/p>\n<\/td>\n<td>\n<p>&#8211;<\/p>\n<\/td>\n<\/tr>\n<tr>\n<td>\n<p><b><strong>\u00dcbertragung im kostenlosen Livestream<\/strong><\/b><\/p>\n<\/td>\n<td>\n<p>&#8211;<\/p>\n<\/td>\n<\/tr>\n<tr>\n<td>\n<p><b><strong>\u00dcbertragung live im Pay-TV \/ Livestream mit Abo<\/strong><\/b><\/p>\n<\/td>\n<td>\n<p>Sky \/ Sky Go \/ WOW<\/p>\n<\/td>\n<\/tr>\n<p>Nur Sky oder auch Free-TV f\u00fcr Fu\u00dfball im DFB-Pokal heute live? SV Waldhof Mannheim vs. 1. FC Kaiserslautern im TV und Livestream sehen &#8211; alle Informationen zur \u00dcbertragung bei Sky<\/p>\n<p>Alle, die sich f\u00fcr Waldhof Mannheim gegen den FCK interessieren, schalten bei Sky auf Sky Sport 3 ein. \u00dcbertragungsstart zum DFB-Pokal ist dort um 17.30 Uhr, eine halbe Stunde vor dem Ansto\u00df.<\/p>\n<p>Das Live-Programm von Sky kann man auch per Livestream erleben. Der Pay-TV-Sender bietet hierbei die Plattformen Sky Go und WOW an.<\/p>\n<p>Fu\u00dfball heute live: SV Waldhof Mannheim vs. 1. FC Kaiserslautern bei Sky<\/p>\n<tr>\n<td>\n<p><b><strong>\u00dcbertragungsbeginn<\/strong><\/b><\/p>\n<\/td>\n<td>\n<p>17:30 Uhr<\/p>\n<\/td>\n<\/tr>\n<tr>\n<td>\n<p><b><strong>Kommentator<\/strong><\/b><\/p>\n<\/td>\n<td>\n<p>Klaus Veltman<\/p>\n<\/td>\n<\/tr>\n<p>Nur Sky oder auch Free-TV f\u00fcr Fu\u00dfball im DFB-Pokal heute live? SV Waldhof Mannheim vs. 1. FC Kaiserslautern im TV und Livestream sehen &#8211; Duelle in Runde eins<\/p>\n<tr>\n<p><b><strong>Termin<\/strong><\/b><\/p>\n<p><b><strong>Begegnung<\/strong><\/b><\/p>\n<\/tr>\n<tr>\n<td>\n<p>Fr, 21.08.2026, 18:00<\/p>\n<\/td>\n<td>\n<p>SC Preu\u00dfen M\u00fcnster \u2013 Karlsruher SC<\/p>\n<\/td>\n<\/tr>\n<tr>\n<td>\n<p>Fr, 21.08.2026, 18:00<\/p>\n<\/td>\n<td>\n<p>SV Waldhof Mannheim \u2013 1. FC Kaiserslautern<\/p>\n<\/td>\n<\/tr>\n<tr>\n<td>\n<p>Fr, 21.08.2026, 18:00<\/p>\n<\/td>\n<td>\n<p>DJK Teutonia St. T\u00f6nis \u2013 Eintracht Frankfurt<\/p>\n<\/td>\n<\/tr>\n<tr>\n<td>\n<p>Fr, 21.08.2026, 20:45 <\/p>\n<\/td>\n<td>\n<p>Hansa Rostock \u2013 VfB Stuttgart<\/p>\n<\/td>\n<\/tr>\n<tr>\n<td>\n<p>Sa, 22.08.2026, 13:00<\/p>\n<\/td>\n<td>\n<p>Energie Cottbus \u2013 FC Augsburg<\/p>\n<\/td>\n<\/tr>\n<tr>\n<td>\n<p>Sa, 22.08.2026, 13:00<\/p>\n<\/td>\n<td>\n<p>SV Wehen Wiesbaden \u2013 Bayer 04 Leverkusen<\/p>\n<\/td>\n<\/tr>\n<tr>\n<td>\n<p>Sa, 22.08.2026, 15:30<\/p>\n<\/td>\n<td>\n<p>L\u00fcneburger SK Hansa \u2013 SV Werder Bremen<\/p>\n<\/td>\n<\/tr>\n<tr>\n<td>\n<p>Sa, 22.08.2026, 15:30<\/p>\n<\/td>\n<td>\n<p>MSV Duisburg \u2013 SV Elversberg<\/p>\n<\/td>\n<\/tr>\n<tr>\n<td>\n<p>Sa, 22.08.2026, 15:30<\/p>\n<\/td>\n<td>\n<p>SV Hemelingen \u2013 Hannover 96<\/p>\n<\/td>\n<\/tr>\n<tr>\n<td>\n<p>Sa, 22.08.2026, 15:30<\/p>\n<\/td>\n<td>\n<p>FC Erzgebirge Aue \u2013 TSG 1899 Hoffenheim<\/p>\n<\/td>\n<\/tr>\n<tr>\n<td>\n<p>Sa, 22.08.2026, 15:30<\/p>\n<\/td>\n<td>\n<p>Viktoria K\u00f6ln \u2013 1. FC N\u00fcrnberg<\/p>\n<\/td>\n<\/tr>\n<tr>\n<td>\n<p>Sa, 22.08.2026, 15:30<\/p>\n<\/td>\n<td>\n<p>1. FC Saarbr\u00fccken \u2013 Hertha BSC<\/p>\n<\/td>\n<\/tr>\n<tr>\n<td>\n<p>Sa, 22.08.2026, 18:00<\/p>\n<\/td>\n<td>\n<p>TSV 1860 M\u00fcnchen \u2013 Holstein Kiel<\/p>\n<\/td>\n<\/tr>\n<tr>\n<td>\n<p>Sa, 22.08.2026, 18:00<\/p>\n<\/td>\n<td>\n<p>Eintracht Trier \u2013 RB Leipzig<\/p>\n<\/td>\n<\/tr>\n<tr>\n<td>\n<p>Sa, 22.08.2026, 18:00<\/p>\n<\/td>\n<td>\n<p>SG Sonnenhof Gro\u00dfaspach \u2013 Arminia Bielefeld<\/p>\n<\/td>\n<\/tr>\n<tr>\n<td>\n<p>So, 23.08.2026, 13:00<\/p>\n<\/td>\n<td>\n<p>SpVgg Greuther F\u00fcrth \u2013 VfL Bochum<\/p>\n<\/td>\n<\/tr>\n<tr>\n<td>\n<p>So, 23.08.2026, 13:00<\/p>\n<\/td>\n<td>\n<p>SSV Jeddeloh \u2013 1. FC Heidenheim<\/p>\n<\/td>\n<\/tr>\n<tr>\n<td>\n<p>So, 23.08.2026, 15:30<\/p>\n<\/td>\n<td>\n<p>Westfalia Rhynern \u2013 Dynamo Dresden<\/p>\n<\/td>\n<\/tr>\n<tr>\n<td>\n<p>So, 23.08.2026, 15:30<\/p>\n<\/td>\n<td>\n<p>TSV Schott Mainz \u2013 Borussia M\u00f6nchengladbach<\/p>\n<\/td>\n<\/tr>\n<tr>\n<td>\n<p>So, 23.08.2026, 15:30<\/p>\n<\/td>\n<td>\n<p>FC Carl Zeiss Jena \u2013 SV Darmstadt 98<\/p>\n<\/td>\n<\/tr>\n<tr>\n<td>\n<p>So, 23.08.2026, 15:30<\/p>\n<\/td>\n<td>\n<p>Eintracht Braunschweig \u2013 1. FC Union Berlin<\/p>\n<\/td>\n<\/tr>\n<tr>\n<td>\n<p>So, 23.08.2026, 15:30<\/p>\n<\/td>\n<td>\n<p>VfB 1921 Krieschow \u2013 1. FSV Mainz 05<\/p>\n<\/td>\n<\/tr>\n<tr>\n<td>\n<p>So, 23.08.2026, 15:30<\/p>\n<\/td>\n<td>\n<p>Bahlinger SC \u2013 1. FC Magdeburg<\/p>\n<\/td>\n<\/tr>\n<tr>\n<td>\n<p>So, 23.08.2026, 18:00<\/p>\n<\/td>\n<td>\n<p>Rot-Weiss Essen \u2013 FC St. Pauli<\/p>\n<\/td>\n<\/tr>\n<tr>\n<td>\n<p>So, 23.08.2026, 18:00<\/p>\n<\/td>\n<td>\n<p>1. FC Ph\u00f6nix L\u00fcbeck \u2013 SC Paderborn 07<\/p>\n<\/td>\n<\/tr>\n<tr>\n<td>\n<p>So, 23.08.2026, 18:00<\/p>\n<\/td>\n<td>\n<p>Fortuna D\u00fcsseldorf \u2013 SC Freiburg<\/p>\n<\/td>\n<\/tr>\n<tr>\n<td>\n<p>Mo, 24.08.2026, 18:00<\/p>\n<\/td>\n<td>\n<p>W\u00fcrzburger Kickers \u2013 1. FC K\u00f6ln<\/p>\n<\/td>\n<\/tr>\n<tr>\n<td>\n<p>Mo, 24.08.2026, 18:00<\/p>\n<\/td>\n<td>\n<p>SC Verl \u2013 Hamburger SV<\/p>\n<\/td>\n<\/tr>\n<tr>\n<td>\n<p>Mo, 24.08.2026, 18:00<\/p>\n<\/td>\n<td>\n<p>VSG Altglienicke \u2013 VfL Wolfsburg<\/p>\n<\/td>\n<\/tr>\n<tr>\n<td>\n<p>Mo, 24.08.2026, 20:45 <\/p>\n<\/td>\n<td>\n<p>Hallescher FC \u2013 FC Schalke 04<\/p>\n<\/td>\n<\/tr>\n<tr>\n<td>\n<p>Di, 01.09.2026, 20:45 <\/p>\n<\/td>\n<td>\n<p>HEBC Hamburg \u2013 Borussia Dortmund<\/p>\n<\/td>\n<\/tr>\n<tr>\n<td>\n<p>Mi, 02.09.2026, 20:45 <\/p>\n<\/td>\n<td>\n<p>VfL Osnabr\u00fcck \u2013 FC Bayern M\u00fcnchen<\/p>\n<\/td>\n<\/tr>\n","protected":false},"excerpt":{"rendered":"Derby in der ersten Runde im DFB-Pokal: SV Waldhof Mannheim gegen 1. FC Kaiserslautern. Aber wo l\u00e4uft das&hellip;\n","protected":false},"author":2,"featured_media":1251386,"comment_status":"","ping_status":"","sticky":false,"template":"","format":"standard","meta":{"footnotes":"","_share_on_mastodon":"0"},"categories":[1845],"tags":[1634,3364,29,50184,1264,548,663,3934,347,30,13,15352,2096,14,15,12,4604,17594,259027],"class_list":["post-1251385","post","type-post","status-publish","format-standard","has-post-thumbnail","category-mannheim","tag-baden-wuerttemberg","tag-de","tag-deutschland","tag-deutschland-dfb-pokal","tag-dfb-pokal","tag-eu","tag-europa","tag-europe","tag-fussball","tag-germany","tag-headlines","tag-kaiserslautern","tag-mannheim","tag-nachrichten","tag-news","tag-schlagzeilen","tag-soccer","tag-waldhof-mannheim","tag-waldhof-mannheim-vs-kaiserslautern"],"share_on_mastodon":{"url":"https:\/\/pubeurope.com\/@de\/117133927200350041","error":""},"_links":{"self":[{"href":"https:\/\/www.europesays.com\/de\/wp-json\/wp\/v2\/posts\/1251385","targetHints":{"allow":["GET"]}}],"collection":[{"href":"https:\/\/www.europesays.com\/de\/wp-json\/wp\/v2\/posts"}],"about":[{"href":"https:\/\/www.europesays.com\/de\/wp-json\/wp\/v2\/types\/post"}],"author":[{"embeddable":true,"href":"https:\/\/www.europesays.com\/de\/wp-json\/wp\/v2\/users\/2"}],"replies":[{"embeddable":true,"href":"https:\/\/www.europesays.com\/de\/wp-json\/wp\/v2\/comments?post=1251385"}],"version-history":[{"count":0,"href":"https:\/\/www.europesays.com\/de\/wp-json\/wp\/v2\/posts\/1251385\/revisions"}],"wp:featuredmedia":[{"embeddable":true,"href":"https:\/\/www.europesays.com\/de\/wp-json\/wp\/v2\/media\/1251386"}],"wp:attachment":[{"href":"https:\/\/www.europesays.com\/de\/wp-json\/wp\/v2\/media?parent=1251385"}],"wp:term":[{"taxonomy":"category","embeddable":true,"href":"https:\/\/www.europesays.com\/de\/wp-json\/wp\/v2\/categories?post=1251385"},{"taxonomy":"post_tag","embeddable":true,"href":"https:\/\/www.europesays.com\/de\/wp-json\/wp\/v2\/tags?post=1251385"}],"curies":[{"name":"wp","href":"https:\/\/api.w.org\/{rel}","templated":true}]}}