{"id":1251409,"date":"2026-08-21T14:29:19","date_gmt":"2026-08-21T14:29:19","guid":{"rendered":"https:\/\/www.europesays.com\/de\/1251409\/"},"modified":"2026-08-21T14:29:19","modified_gmt":"2026-08-21T14:29:19","slug":"kulturelles-werkzeug-moskaus-ukraine-sanktioniert-russische-zeichentrickserie-mascha-und-der-baer","status":"publish","type":"post","link":"https:\/\/www.europesays.com\/de\/1251409\/","title":{"rendered":"Kulturelles Werkzeug Moskaus: Ukraine sanktioniert russische Zeichentrickserie &#8222;Mascha und der B\u00e4r&#8220;"},"content":{"rendered":"<p>Kulturelles Werkzeug MoskausUkraine sanktioniert russische Zeichentrickserie &#8222;Mascha und der B\u00e4r&#8220;<\/p>\n<p>21.08.2026, 16:17 Uhr <\/p>\n<p>Artikel anh\u00f6ren(02:35 min)<\/p>\n<p><img decoding=\"async\" class=\"Image_img__fQCi0 Image_Img_16_9__4BLfH widget-picture-inline_maximizable__t_E7h\" loading=\"eager\" fetchpriority=\"high\" src=\"https:\/\/www.europesays.com\/de\/wp-content\/uploads\/2026\/08\/Screenshot 2026-08-21 151343.webp\" alt=\"Screenshot 2026-08-21 151343\"\/>&#8222;Mascha und der B\u00e4r&#8220; ist unter anderem in der Mediathek des Kinderkanals KiKA zu finden. (Foto: KiKa)<\/p>\n<p class=\"Typography_text-m__XI0da Typography_weight-bold__uT6mq storyline_lead_text_leadtext__q_wg8\">&#8222;Mascha und der B\u00e4r&#8220; wird in zahlreichen L\u00e4ndern in aller Welt ausgestrahlt, ihr ukrainischsprachiger Youtube-Kanal hat mehr als 18 Millionen Abonnenten. Die Animationsserie wird von Kiew nun zu einem weiteren Propagandamittel Russlands erkl\u00e4rt.<\/p>\n<p class=\"Typography_text-default__P3otY Typography_weight-normal__pqUbH storyline_paragraph_p__qSR5N\">Die ukrainische Regierung hat Sanktionen gegen die beliebte russische Zeichentrickserie &#8222;Mascha und der B\u00e4r&#8220; erlassen. &#8222;Russische Propaganda hat keinen Platz auf den Bildschirmen von Kindern, weder in der Ukraine noch sonst irgendwo auf der Welt&#8220;, teilte die ukrainische Kulturministerin Tetjana Bereschna mit.<\/p>\n<p class=\"Typography_text-default__P3otY Typography_weight-normal__pqUbH storyline_paragraph_p__qSR5N\">Die 2009 vom russischen Trickfilmstudio Animaccord geschaffene Serie &#8222;Mascha und der B\u00e4r&#8220; wird in zahlreichen L\u00e4ndern in aller Welt ausgestrahlt, ihr ukrainischsprachiger Youtube-Kanal hat mehr als 18 Millionen Abonnenten. In Deutschland ist die Serie um ein kleines M\u00e4dchen und einen tollpatschigen, aber gutm\u00fctigen B\u00e4ren unter anderem in der Mediathek des Kinderkanals KiKA der \u00f6ffentlich-rechtlichen Sender ARD und ZDF zu sehen.<\/p>\n<p class=\"Typography_text-default__P3otY Typography_weight-normal__pqUbH storyline_paragraph_p__qSR5N\">Kiew betrachtet die Serie als kulturelles Werkzeug Moskaus, um Russland ein positives Image zu verschaffen. Der B\u00e4r gilt als ein Symbol f\u00fcr Russland. Mit den Sanktionen werde eine rechtliche Grundlage geschaffen, &#8222;um diese Inhalte in der Ukraine zu blockieren&#8220;, erkl\u00e4rte Kulturministerin Bereschna. Onlineplattformen sollten dazu gebracht werden, die Verbreitung der Serie einzuschr\u00e4nken.<\/p>\n<p class=\"Typography_text-default__P3otY Typography_weight-normal__pqUbH storyline_paragraph_p__qSR5N\">Einem pr\u00e4sidialen Dekret zufolge transportieren die Macher der Serie &#8222;prorussische Erz\u00e4hlungen versteckt in Inhalten f\u00fcr Kinder&#8220;. Zudem generiere &#8222;Mascha und der B\u00e4r&#8220; Steuereinnahmen f\u00fcr Russland. Ende Juni hatte die ukrainische Regierung bereits dagegen protestiert, dass der Streamingdienst Netflix die Rechte f\u00fcr zwei weitere Staffeln der Serie gekauft hatte. Per Dekret wurden vor allem die Sch\u00f6pfer der Serie sanktioniert.<\/p>\n<p class=\"Typography_text-default__P3otY Typography_weight-normal__pqUbH storyline_paragraph_p__qSR5N\">Mit den beschlossenen Sanktionen habe die Ukraine &#8222;Zeichentrickfilmen den Krieg erkl\u00e4rt&#8220;, kommentierte Kreml-Sprecher Dmitri Peskow. Die Serie habe die ganze Welt erobert und vermittle nur &#8222;die besten menschlichen Eigenschaften&#8220;, betonte er.<\/p>\n<p class=\"Typography_text-s__wu_cm Typography_weight-normal__pqUbH Typography_color-darkgrey__sZEnP article-detail-footer_source__KslPc\">Quelle: ntv.de, mba\/AFP<\/p>\n","protected":false},"excerpt":{"rendered":"Kulturelles Werkzeug MoskausUkraine sanktioniert russische Zeichentrickserie &#8222;Mascha und der B\u00e4r&#8220; 21.08.2026, 16:17 Uhr Artikel anh\u00f6ren(02:35 min) &#8222;Mascha und&hellip;\n","protected":false},"author":2,"featured_media":1251410,"comment_status":"","ping_status":"","sticky":false,"template":"","format":"standard","meta":{"footnotes":"","_share_on_mastodon":"0"},"categories":[4012],"tags":[331,332,661,13,14,15,16,12689,307,12,684,317],"class_list":["post-1251409","post","type-post","status-publish","format-standard","has-post-thumbnail","category-ukraine","tag-aktuelle-nachrichten","tag-aktuelle-news","tag-angriff-auf-die-ukraine","tag-headlines","tag-nachrichten","tag-news","tag-politik","tag-propaganda","tag-russland","tag-schlagzeilen","tag-tv","tag-ukraine"],"share_on_mastodon":{"url":"https:\/\/pubeurope.com\/@de\/117133980021936534","error":""},"_links":{"self":[{"href":"https:\/\/www.europesays.com\/de\/wp-json\/wp\/v2\/posts\/1251409","targetHints":{"allow":["GET"]}}],"collection":[{"href":"https:\/\/www.europesays.com\/de\/wp-json\/wp\/v2\/posts"}],"about":[{"href":"https:\/\/www.europesays.com\/de\/wp-json\/wp\/v2\/types\/post"}],"author":[{"embeddable":true,"href":"https:\/\/www.europesays.com\/de\/wp-json\/wp\/v2\/users\/2"}],"replies":[{"embeddable":true,"href":"https:\/\/www.europesays.com\/de\/wp-json\/wp\/v2\/comments?post=1251409"}],"version-history":[{"count":0,"href":"https:\/\/www.europesays.com\/de\/wp-json\/wp\/v2\/posts\/1251409\/revisions"}],"wp:featuredmedia":[{"embeddable":true,"href":"https:\/\/www.europesays.com\/de\/wp-json\/wp\/v2\/media\/1251410"}],"wp:attachment":[{"href":"https:\/\/www.europesays.com\/de\/wp-json\/wp\/v2\/media?parent=1251409"}],"wp:term":[{"taxonomy":"category","embeddable":true,"href":"https:\/\/www.europesays.com\/de\/wp-json\/wp\/v2\/categories?post=1251409"},{"taxonomy":"post_tag","embeddable":true,"href":"https:\/\/www.europesays.com\/de\/wp-json\/wp\/v2\/tags?post=1251409"}],"curies":[{"name":"wp","href":"https:\/\/api.w.org\/{rel}","templated":true}]}}