{"id":1251443,"date":"2026-08-21T14:57:33","date_gmt":"2026-08-21T14:57:33","guid":{"rendered":"https:\/\/www.europesays.com\/de\/1251443\/"},"modified":"2026-08-21T14:57:33","modified_gmt":"2026-08-21T14:57:33","slug":"pol-hb-nr-0552-mann-in-woltmershausen-angeschossen","status":"publish","type":"post","link":"https:\/\/www.europesays.com\/de\/1251443\/","title":{"rendered":"POL-HB: Nr.: 0552 &#8211;Mann in Woltmershausen angeschossen&#8211;"},"content":{"rendered":"<p class=\"date\">21.08.2026 \u2013 16:39<\/p>\n<p class=\"customer\">\n                        <a class=\"story-customer\" title=\"weiter zum newsroom von Polizei Bremen\" href=\"https:\/\/www.presseportal.de\/blaulicht\/nr\/35235\" rel=\"nofollow noopener\" target=\"_blank\">Polizei Bremen<\/a>\n                    <\/p>\n<p><a data-category=\"citylink-story-view\" data-action=\"click\" data-label=\"Citylink in Meldungsansicht\" class=\"story-city event-trigger\" href=\"https:\/\/www.presseportal.de\/regional\/Bremen\" title=\"News aus Bremen \" rel=\"nofollow noopener\" target=\"_blank\">Bremen<\/a> (ots)<\/p>\n<p>   -Ort: \tBremen-Woltmershausen, OT Woltmershausen, Dangaster Stra\u00dfe<br \/>\nZeit: \t21.08.26, 15 Uhr<\/p>\n<p>Am Freitagnachmittag schoss ein bisher noch unbekannter T\u00e4ter im Bremer Stadtteil Woltmershausen auf einen 40 Jahre alten Mann.<\/p>\n<p>Nach derzeitigen Erkenntnissen schoss der Unbekannte gegen 14.55 Uhr im Einm\u00fcndungsbereich Woltmershauser Stra\u00dfe \/ Dangaster Stra\u00dfe auf den Bremer. Anschlie\u00dfend fl\u00fcchtete der Sch\u00fctze zu Fu\u00df vom Tatort. Der 40-J\u00e4hrige wurde mit schweren Verletzungen in ein Krankenhaus gebracht.<\/p>\n<p>Die Fahndung nach dem T\u00e4ter sowie die weiteren Ermittlungen, auch zu den Hintergr\u00fcnden der Tat, dauern an. Zeugenhinweise nimmt der Kriminaldauerdienst unter 0421 362-3888 entgegen. Der Fl\u00fcchtende konnte nur als etwa 175cm gro\u00df mit Glatze beschrieben werden.<\/p>\n<p class=\"contact-headline\">R\u00fcckfragen bitte an:<\/p>\n<p class=\"contact-text\">Pressestelle Polizei Bremen<br \/>Nils Matthiesen<br \/>Telefon: 0421 361-12114<br \/><a target=\"_blank\" class=\"uri-ext outbound\" rel=\"noopener nofollow\" href=\"http:\/\/www.polizei.bremen.de\">http:\/\/www.polizei.bremen.de<\/a><br \/><a target=\"_blank\" class=\"uri-ext outbound\" rel=\"noopener nofollow\" href=\"http:\/\/www.polizei-beratung.de\">http:\/\/www.polizei-beratung.de<\/a><\/p>\n<p class=\"originator\">Original-Content von: Polizei Bremen, \u00fcbermittelt durch news aktuell<\/p>\n","protected":false},"excerpt":{"rendered":"21.08.2026 \u2013 16:39 Polizei Bremen Bremen (ots) -Ort: Bremen-Woltmershausen, OT Woltmershausen, Dangaster Stra\u00dfe Zeit: 21.08.26, 15 Uhr Am&hellip;\n","protected":false},"author":2,"featured_media":1184682,"comment_status":"","ping_status":"","sticky":false,"template":"","format":"standard","meta":{"footnotes":"","_share_on_mastodon":"0"},"categories":[1824],"tags":[2420,3364,29,30,7309,177,5404,121,178,180,179,181],"class_list":["post-1251443","post","type-post","status-publish","format-standard","has-post-thumbnail","category-bremen","tag-bremen","tag-de","tag-deutschland","tag-germany","tag-hb","tag-kriminalitt","tag-ni","tag-polizei","tag-presse","tag-pressemeldung","tag-pressemitteilung","tag-pressemitteilungen"],"share_on_mastodon":{"url":"https:\/\/pubeurope.com\/@de\/117134088094583457","error":""},"_links":{"self":[{"href":"https:\/\/www.europesays.com\/de\/wp-json\/wp\/v2\/posts\/1251443","targetHints":{"allow":["GET"]}}],"collection":[{"href":"https:\/\/www.europesays.com\/de\/wp-json\/wp\/v2\/posts"}],"about":[{"href":"https:\/\/www.europesays.com\/de\/wp-json\/wp\/v2\/types\/post"}],"author":[{"embeddable":true,"href":"https:\/\/www.europesays.com\/de\/wp-json\/wp\/v2\/users\/2"}],"replies":[{"embeddable":true,"href":"https:\/\/www.europesays.com\/de\/wp-json\/wp\/v2\/comments?post=1251443"}],"version-history":[{"count":0,"href":"https:\/\/www.europesays.com\/de\/wp-json\/wp\/v2\/posts\/1251443\/revisions"}],"wp:featuredmedia":[{"embeddable":true,"href":"https:\/\/www.europesays.com\/de\/wp-json\/wp\/v2\/media\/1184682"}],"wp:attachment":[{"href":"https:\/\/www.europesays.com\/de\/wp-json\/wp\/v2\/media?parent=1251443"}],"wp:term":[{"taxonomy":"category","embeddable":true,"href":"https:\/\/www.europesays.com\/de\/wp-json\/wp\/v2\/categories?post=1251443"},{"taxonomy":"post_tag","embeddable":true,"href":"https:\/\/www.europesays.com\/de\/wp-json\/wp\/v2\/tags?post=1251443"}],"curies":[{"name":"wp","href":"https:\/\/api.w.org\/{rel}","templated":true}]}}