{"id":125150,"date":"2025-05-20T09:57:09","date_gmt":"2025-05-20T09:57:09","guid":{"rendered":"https:\/\/www.europesays.com\/de\/125150\/"},"modified":"2025-05-20T09:57:09","modified_gmt":"2025-05-20T09:57:09","slug":"verfassungsrichter-kippen-kommunalwahlgesetz-in-nrw","status":"publish","type":"post","link":"https:\/\/www.europesays.com\/de\/125150\/","title":{"rendered":"Verfassungsrichter kippen Kommunalwahlgesetz in NRW"},"content":{"rendered":"<p class=\"is-first-paragraph\" data-external=\"Article.FirstParagraph\">Das von CDU, SPD und Gr\u00fcnen im vergangenen Jahr verabschiedete neue Kommunalwahlgesetz verst\u00f6\u00dft gegen die Landesverfassung in Nordrhein-Westfalen. Das hat der NRW-Verfassungsgerichtshof in M\u00fcnster entschieden. Das im Gesetz verankerte neue Sitzverteilungsverfahren auf Basis des Wahlergebnisses verletzt nach \u00dcberzeugung der Verfassungsrichter das Recht der kleineren Parteien auf Chancengleichheit.<\/p>\n<p>Der Landesgesetzgeber habe mit der Modifizierung des bisherigen Verfahrens die bisher bereits vorhandene Ungleichgewichtung nicht beseitigt. Bei Aufrundungen w\u00fcrden kleinere Parteien nach \u00dcberzeugung des Verfassungsgerichtshofes systematisch benachteiligt, indem Aufrundungsgewinne allein den gro\u00dfen Parteien zugewiesen werden. Geklagt hatten die Landesverb\u00e4nde der Parteien Volt Deutschland, Piraten, das B\u00fcndnis Sahra Wagenknecht, die Linke, \u00abdie Partei\u00bb und die FDP. Im September gibt es in NRW Kommunalwahlen.<\/p>\n<p>Das Votum des Gerichts fiel mit 4:3 Stimmen ungew\u00f6hnlich knapp aus. Die Pr\u00e4sidentin Barbara Dauner-Lieb fehlte krank bei der Verk\u00fcndung. Vizepr\u00e4sident Andreas Heusch gab die Entscheidung an ihrer Stelle bekannt. Heusch geh\u00f6rt zu drei Verfassungsrichtern, die keine Bedenken gegen das neue Kommunalwahlgesetz haben. Dies \u00e4u\u00dferte er zusammen mit zwei Richterkollegen in einem Sondervotum.<\/p>\n","protected":false},"excerpt":{"rendered":"Das von CDU, SPD und Gr\u00fcnen im vergangenen Jahr verabschiedete neue Kommunalwahlgesetz verst\u00f6\u00dft gegen die Landesverfassung in Nordrhein-Westfalen.&hellip;\n","protected":false},"author":2,"featured_media":125151,"comment_status":"","ping_status":"","sticky":false,"template":"","format":"standard","meta":{"footnotes":""},"categories":[1843],"tags":[3364,29,30,8970,1209],"class_list":{"0":"post-125150","1":"post","2":"type-post","3":"status-publish","4":"format-standard","5":"has-post-thumbnail","7":"category-muenster","8":"tag-de","9":"tag-deutschland","10":"tag-germany","11":"tag-muenster","12":"tag-nordrhein-westfalen"},"share_on_mastodon":{"url":"https:\/\/pubeurope.com\/@de\/114539570303601757","error":""},"_links":{"self":[{"href":"https:\/\/www.europesays.com\/de\/wp-json\/wp\/v2\/posts\/125150","targetHints":{"allow":["GET"]}}],"collection":[{"href":"https:\/\/www.europesays.com\/de\/wp-json\/wp\/v2\/posts"}],"about":[{"href":"https:\/\/www.europesays.com\/de\/wp-json\/wp\/v2\/types\/post"}],"author":[{"embeddable":true,"href":"https:\/\/www.europesays.com\/de\/wp-json\/wp\/v2\/users\/2"}],"replies":[{"embeddable":true,"href":"https:\/\/www.europesays.com\/de\/wp-json\/wp\/v2\/comments?post=125150"}],"version-history":[{"count":0,"href":"https:\/\/www.europesays.com\/de\/wp-json\/wp\/v2\/posts\/125150\/revisions"}],"wp:featuredmedia":[{"embeddable":true,"href":"https:\/\/www.europesays.com\/de\/wp-json\/wp\/v2\/media\/125151"}],"wp:attachment":[{"href":"https:\/\/www.europesays.com\/de\/wp-json\/wp\/v2\/media?parent=125150"}],"wp:term":[{"taxonomy":"category","embeddable":true,"href":"https:\/\/www.europesays.com\/de\/wp-json\/wp\/v2\/categories?post=125150"},{"taxonomy":"post_tag","embeddable":true,"href":"https:\/\/www.europesays.com\/de\/wp-json\/wp\/v2\/tags?post=125150"}],"curies":[{"name":"wp","href":"https:\/\/api.w.org\/{rel}","templated":true}]}}