{"id":1251581,"date":"2026-08-21T16:30:20","date_gmt":"2026-08-21T16:30:20","guid":{"rendered":"https:\/\/www.europesays.com\/de\/1251581\/"},"modified":"2026-08-21T16:30:20","modified_gmt":"2026-08-21T16:30:20","slug":"dresden-kesselsdorfer-strasse-wird-zur-einbahnstrasse-busse-fahren-umweg","status":"publish","type":"post","link":"https:\/\/www.europesays.com\/de\/1251581\/","title":{"rendered":"Dresden: Kesselsdorfer Stra\u00dfe wird zur Einbahnstra\u00dfe \u2013 Busse fahren Umweg"},"content":{"rendered":"<p>Fast zwei Wochen <\/p>\n<p>Kesselsdorfer Stra\u00dfe wird zur Einbahnstra\u00dfe \u2013 Busse fahren Umweg<\/p>\n<p>21.08.2026 &#8211; 17:46 UhrLesedauer: 1 Min.<\/p>\n<p><a href=\"#focus-0\" class=\"transition-colors block text-current relative\" data-sctrack=\"FocusGalleryImage.Reference\"><img fetchpriority=\"high\" data-testid=\"Opener.Image\"   loading=\"eager\" src=\"https:\/\/www.europesays.com\/de\/wp-content\/uploads\/2026\/08\/1787329820_525_image.jpg\" alt=\"imago images 0160542901\" title=\"imago images 0160542901\" width=\"5315\" height=\"2990\" class=\"bg-[url:var(--lqipURL)] bg-cover bg-center flex h-full w-full max-w-full\" style=\"--lqipURL:url('https:\/\/images.t-online.de\/2026\/07\/eBj4niyYZtG7\/0x277:5315x2990\/fit-in\/150x0\/filters:blur(25)\/image.jpg')\" decoding=\"async\"\/><img loading=\"lazy\" src=\"https:\/\/dresden.t-online.de\/s\/paper\/_next\/static\/media\/zoom-in.f7dae02f.svg\" alt=\"Vergr\u00f6\u00dfern des Bildes\" title=\"Vergr\u00f6\u00dfern des Bildes\" class=\"block h-[calc(var(--height)_\/_16_*_1rem)] w-[calc(var(--width)_\/_16_*_1rem)] max-w-none absolute right-8 bottom-8 rounded-4 bg-snow p-8\" style=\"--width:32;--height:32\" decoding=\"async\"\/><\/a><\/p>\n<p>Ein Baustellenschild (Symbolbild): Der Stra\u00dfenabschnitt kann erst wieder am 12. September freigegeben werden. (Quelle: IMAGO\/Mario H\u00f6sel)<\/p>\n<p class=\"font-bold text-18 leading-17 user-text-lg:text-22 user-text-xl:text-24\">Eine Baustelle legt Ende August die Kesselsdorfer Stra\u00dfe in Dresden lahm. Stadtausw\u00e4rts ist die Fahrbahn dann gesperrt.<\/p>\n<p class=\"text-18 leading-17 user-text-lg:text-22 user-text-xl:text-24\">Die Kesselsdorfer Stra\u00dfe wird zwischen dem Altgorbitzer Ring und der Hirtenstra\u00dfe zur Einbahnstra\u00dfe. Wie der Verkehrsverbund Oberelbe (VVO) mitteilt, ist die Fahrbahn stadtausw\u00e4rts ab Montag, 31. August, 4 Uhr, gesperrt. Die Dresdner Verkehrsbetriebe (DVB) leiten deshalb ihre Buslinie 70 um. Grund f\u00fcr die Sperrung sind Stra\u00dfenbauarbeiten.<\/p>\n<p class=\"text-18 leading-17 user-text-lg:text-22 user-text-xl:text-24\">Die Regelung gilt bis Samstag, 12. September, 3 Uhr. In Richtung Innenstadt bleibt die Strecke befahrbar.<\/p>\n<p class=\"text-18 leading-17 user-text-lg:text-22 user-text-xl:text-24\">Die Buslinie 70 f\u00e4hrt zwischen den Haltestellen W\u00f6lfnitzer Ring und Hirtenstra\u00dfe einen Umweg \u00fcber Altgorbitzer Ring, Wilsdruffer Ring und Hirtenstra\u00dfe. Die Haltestelle Kapellenweg wird daf\u00fcr rund 25 Meter in den Altgorbitzer Ring verlegt, hinter die Kreuzung zur Kesselsdorfer Stra\u00dfe. Beides gilt nur in Richtung Gompitz \u2013 stadteinw\u00e4rts bleibt der Linienweg unver\u00e4ndert. Die Regionalbuslinie 333 f\u00e4hrt ebenfalls Umleitung.<\/p>\n","protected":false},"excerpt":{"rendered":"Fast zwei Wochen Kesselsdorfer Stra\u00dfe wird zur Einbahnstra\u00dfe \u2013 Busse fahren Umweg 21.08.2026 &#8211; 17:46 UhrLesedauer: 1 Min.&hellip;\n","protected":false},"author":2,"featured_media":1251582,"comment_status":"","ping_status":"","sticky":false,"template":"","format":"standard","meta":{"footnotes":"","_share_on_mastodon":"0"},"categories":[1835],"tags":[722,2461,29711,3364,29,2386,84390,30,259060,200346,96707,859,147253],"class_list":["post-1251581","post","type-post","status-publish","format-standard","has-post-thumbnail","category-dresden","tag-722","tag-baustelle","tag-baustellenschild","tag-de","tag-deutschland","tag-dresden","tag-einbahnstrasse","tag-germany","tag-hirtenstrasse","tag-kesselsdorfer-strasse","tag-oberelbe","tag-sachsen","tag-strassenabschnitt"],"share_on_mastodon":{"url":"https:\/\/pubeurope.com\/@de\/117134456885850788","error":""},"_links":{"self":[{"href":"https:\/\/www.europesays.com\/de\/wp-json\/wp\/v2\/posts\/1251581","targetHints":{"allow":["GET"]}}],"collection":[{"href":"https:\/\/www.europesays.com\/de\/wp-json\/wp\/v2\/posts"}],"about":[{"href":"https:\/\/www.europesays.com\/de\/wp-json\/wp\/v2\/types\/post"}],"author":[{"embeddable":true,"href":"https:\/\/www.europesays.com\/de\/wp-json\/wp\/v2\/users\/2"}],"replies":[{"embeddable":true,"href":"https:\/\/www.europesays.com\/de\/wp-json\/wp\/v2\/comments?post=1251581"}],"version-history":[{"count":0,"href":"https:\/\/www.europesays.com\/de\/wp-json\/wp\/v2\/posts\/1251581\/revisions"}],"wp:featuredmedia":[{"embeddable":true,"href":"https:\/\/www.europesays.com\/de\/wp-json\/wp\/v2\/media\/1251582"}],"wp:attachment":[{"href":"https:\/\/www.europesays.com\/de\/wp-json\/wp\/v2\/media?parent=1251581"}],"wp:term":[{"taxonomy":"category","embeddable":true,"href":"https:\/\/www.europesays.com\/de\/wp-json\/wp\/v2\/categories?post=1251581"},{"taxonomy":"post_tag","embeddable":true,"href":"https:\/\/www.europesays.com\/de\/wp-json\/wp\/v2\/tags?post=1251581"}],"curies":[{"name":"wp","href":"https:\/\/api.w.org\/{rel}","templated":true}]}}