{"id":1251646,"date":"2026-08-21T17:12:24","date_gmt":"2026-08-21T17:12:24","guid":{"rendered":"https:\/\/www.europesays.com\/de\/1251646\/"},"modified":"2026-08-21T17:12:24","modified_gmt":"2026-08-21T17:12:24","slug":"sally-oezcan-nach-zwei-toechtern-wird-es-ein-junge-unterhaltung","status":"publish","type":"post","link":"https:\/\/www.europesays.com\/de\/1251646\/","title":{"rendered":"Sally \u00d6zcan: Nach zwei T\u00f6chtern wird es ein Junge | Unterhaltung"},"content":{"rendered":"<p><a class=\"skip-content skip-content--link\" href=\"#in-content-skip-link-target-v-0-0\">TTS-Player \u00fcberspringen\u21b5<\/a><a id=\"in-content-skip-link-target-v-0-0\" class=\"skip-content--target-link-hidden skip-content skip-content--target-link\" href=\"#in-content-skip-link-target-v-0-0\">Artikel weiterlesen<\/a><\/p>\n<p data-32581ace=\"0-2256\">Wagh\u00e4usel (Baden-W\u00fcrttemberg) \u2013 <b>\u201eBraten in der R\u00f6hre\u201c kennt man. Bei Food-Influencerin Sally \u00d6zcan (37) m\u00fcsste es dann wohl eher hei\u00dfen: \u201eEin Kuchen im Ofen\u201c. Vor f\u00fcnf Wochen verk\u00fcndete die erfolgreiche Back-Influencerin ihre dritte Schwangerschaft. Jetzt verr\u00e4t sie auch das Geschlecht ihres Nachwuchses: Es wird ein Junge!<\/b><\/p>\n<p data-32581ace=\"0-2256\">Auf Instagram teilte die Unternehmerin gestern (20. August) ein Video aus ihrer K\u00fcche. Quer durchs Bild zog sich eine W\u00e4scheleine, an der <a href=\"https:\/\/www.bild.de\/unterhaltung\/bildgg\/sallys-welt-von-youtube-zum-millionen-imperium-und-sallycon-valley-6943a9213e25dcaf036aedd0\" class=\"text-link\" rel=\"nofollow noopener\" target=\"_blank\">Sally<\/a> einen kleinen Babystrampler aufhing. Dazu schrieb sie: \u201eMorgen verraten wir euch endlich, wer da gerade in meinem Bauch w\u00e4chst. Und ich kann euch jetzt schon sagen: Wir waren ALLE ziemlich \u00fcberrascht.\u201c<\/p>\n<p><img decoding=\"async\" width=\"992\" height=\"1666\" alt=\"Sally strahlt in die Kamera und freut sich sichtlich darauf, ihr Baby-Geheimnis endlich mit ihren Followern zu teilen. Zuvor lie\u00df sie ihre Fans abstimmen: Was glauben sie, welches Geschlecht ihr Baby hat? Mehr als die H\u00e4lfte tippte auf ein M\u00e4dchen\" loading=\"lazy\" src=\"https:\/\/www.europesays.com\/de\/wp-content\/uploads\/2026\/08\/cac66a303a61e672b25207c545d633d0,cc506fee.jpeg\"   class=\"dynamic\"\/><\/p>\n<p class=\"fig__caption__text\">Sally strahlt in die Kamera und freut sich sichtlich darauf, ihr Baby-Geheimnis endlich mit ihren Followern zu teilen. Zuvor lie\u00df sie ihre Fans abstimmen: Was glauben sie, welches Geschlecht ihr Baby hat? Mehr als die H\u00e4lfte tippte auf ein M\u00e4dchen<\/p>\n<p>Foto: sallyswelt\/Instagram<\/p>\n<p>Es ist \u201etotal aufregend\u201c<\/p>\n<p data-32581ace=\"0-2256\"><a href=\"https:\/\/www.bild.de\/unterhaltung\/stars-und-leute\/sally-oezcan-im-steckbrief-so-lange-kennt-sie-ihren-neuen-schon-63c67fdf5687e42aafc268dc\" class=\"text-link\" rel=\"nofollow noopener\" target=\"_blank\">Sally<\/a> zu BILD: \u201eNach zwei M\u00e4dels jetzt einen Jungen zu bekommen, ist f\u00fcr uns total aufregend. Es ist einfach noch einmal etwas ganz Neues, und wir freuen uns riesig darauf.\u201c Die Back-Influencerin ist sich sicher, dass ihre beiden Prinzessinnen (11 und 16) tolle gro\u00dfe Schwestern f\u00fcr ihren kleinen Prinzen werden. \u201eDer wird ganz schnell lernen, wie Frauen ticken und wie man mit ihnen umgeht. Die M\u00e4dels freuen sich total auf ihren kleinen Bruder, und ich glaube, der Kleine wird es bei uns ziemlich gut haben.\u201c<\/p>\n<p><img decoding=\"async\" width=\"992\" height=\"1488\" alt=\"Dieses Foto postete die Unternehmerin zur Verk\u00fcndung ihrer dritten Schwangerschaft. Ihren Partner zeigt sie auch auf diesem Schnappschuss nur von hinten\" loading=\"lazy\" src=\"https:\/\/www.europesays.com\/de\/wp-content\/uploads\/2026\/08\/d18254c59c92daa301515235ba49ef9d,5b498b5c.jpeg\"   class=\"dynamic\"\/><\/p>\n<p class=\"fig__caption__text\">Dieses Foto postete die Unternehmerin zur Verk\u00fcndung ihrer dritten Schwangerschaft. Ihren Partner zeigt sie auch auf diesem Schnappschuss nur von hinten<\/p>\n<p>Foto: Sallyswelt<\/p>\n<p>So erfuhr Sally das Geschlecht ihres Babys<\/p>\n<p data-32581ace=\"0-2256\">Das Geschlecht von Baby Nummer drei wurde bei Sally nicht mit einer gro\u00dfen Gender-Reveal-Party, Feuerwerk und viel Tamtam verk\u00fcndet. Stattdessen erlebte die Familie diesen besonderen Moment ganz privat. \u201eWir haben die Nachricht im Urlaub erfahren, ganz intim mit Samira und Ela. Als ich in diesem Moment blaues Konfetti gesehen habe, konnte ich meinen Augen kaum trauen\u201c, schreibt Sally zu ihrem Instagram-Post, in dem sie das Geschlecht verr\u00e4t.<\/p>\n<p> An dieser Stelle findest du Inhalte aus Instagram <\/p>\n<p> Um mit Inhalten aus Instagram und anderen sozialen Netzwerken zu interagieren oder diese darzustellen, brauchen wir deine Zustimmung. <\/p>\n<p> soziale Netzwerke aktivieren Sallys Partner ist nicht \u00f6ffentlich bekannt<\/p>\n<p data-32581ace=\"0-2256\">Ihren Partner h\u00e4lt die Influencerin weiterhin bewusst aus der \u00d6ffentlichkeit heraus. Seit rund anderthalb Jahren sind die beiden ein Paar, doch erst im Januar 2026 machte Sally ihre neue Liebe \u00f6ffentlich.<\/p>\n<p>Mehr zum Thema<\/p>\n<p data-32581ace=\"0-2256\">Was bekannt ist: Die beiden sollen sich auf einem Kindergeburtstag kennengelernt haben. Wie Sally hat auch er t\u00fcrkische Wurzeln und stammt aus Heidelberg. Ihre Beziehung m\u00f6chten die beiden weitgehend privat halten. Umso sch\u00f6ner ist nun der gemeinsame Schritt in Richtung Familienzukunft.<\/p>\n","protected":false},"excerpt":{"rendered":"TTS-Player \u00fcberspringen\u21b5Artikel weiterlesen Wagh\u00e4usel (Baden-W\u00fcrttemberg) \u2013 \u201eBraten in der R\u00f6hre\u201c kennt man. Bei Food-Influencerin Sally \u00d6zcan (37) m\u00fcsste&hellip;\n","protected":false},"author":2,"featured_media":1251647,"comment_status":"","ping_status":"","sticky":false,"template":"","format":"standard","meta":{"footnotes":"","_share_on_mastodon":"0"},"categories":[155],"tags":[14875,29,214,30,153,152,1291,834,138370,215,1506],"class_list":["post-1251646","post","type-post","status-publish","format-standard","has-post-thumbnail","category-unterhaltung","tag-backen","tag-deutschland","tag-entertainment","tag-germany","tag-influencer","tag-instagram","tag-schwanger","tag-schwangerschaft","tag-team-first","tag-unterhaltung","tag-youtube"],"share_on_mastodon":{"url":"","error":""},"_links":{"self":[{"href":"https:\/\/www.europesays.com\/de\/wp-json\/wp\/v2\/posts\/1251646","targetHints":{"allow":["GET"]}}],"collection":[{"href":"https:\/\/www.europesays.com\/de\/wp-json\/wp\/v2\/posts"}],"about":[{"href":"https:\/\/www.europesays.com\/de\/wp-json\/wp\/v2\/types\/post"}],"author":[{"embeddable":true,"href":"https:\/\/www.europesays.com\/de\/wp-json\/wp\/v2\/users\/2"}],"replies":[{"embeddable":true,"href":"https:\/\/www.europesays.com\/de\/wp-json\/wp\/v2\/comments?post=1251646"}],"version-history":[{"count":0,"href":"https:\/\/www.europesays.com\/de\/wp-json\/wp\/v2\/posts\/1251646\/revisions"}],"wp:featuredmedia":[{"embeddable":true,"href":"https:\/\/www.europesays.com\/de\/wp-json\/wp\/v2\/media\/1251647"}],"wp:attachment":[{"href":"https:\/\/www.europesays.com\/de\/wp-json\/wp\/v2\/media?parent=1251646"}],"wp:term":[{"taxonomy":"category","embeddable":true,"href":"https:\/\/www.europesays.com\/de\/wp-json\/wp\/v2\/categories?post=1251646"},{"taxonomy":"post_tag","embeddable":true,"href":"https:\/\/www.europesays.com\/de\/wp-json\/wp\/v2\/tags?post=1251646"}],"curies":[{"name":"wp","href":"https:\/\/api.w.org\/{rel}","templated":true}]}}