{"id":1251654,"date":"2026-08-21T17:16:21","date_gmt":"2026-08-21T17:16:21","guid":{"rendered":"https:\/\/www.europesays.com\/de\/1251654\/"},"modified":"2026-08-21T17:16:21","modified_gmt":"2026-08-21T17:16:21","slug":"frontalzusammenstoss-mit-lkw-zwei-personen-sterben-bei-nidda-2","status":"publish","type":"post","link":"https:\/\/www.europesays.com\/de\/1251654\/","title":{"rendered":"Frontalzusammensto\u00df mit Lkw: Zwei Personen sterben &#8211; bei Nidda"},"content":{"rendered":"<p>                <a class=\"fancybox\" data-fancybox=\"galerie\" data-caption=\"Tragischer Unfall am Mittwochmittag: Auf der L3185 kam es in der N\u00e4he von Ober-Lais (Stadtteil von Nidda im Wetteraukreis) zu einem t\u00f6dlichen Zusammensto\u00df.   - Fotos: 5VISION.NEWS\" rel=\"on_group nofollow noopener\" title=\"Tragischer Unfall am Mittwochmittag: Auf der L3185 kam es in der N\u00e4he von Ober-Lais (Stadtteil von Nidda im Wetteraukreis) zu einem t\u00f6dlichen Zusammensto\u00df.   - Fotos: 5VISION.NEWS\" href=\"https:\/\/oshessen-news.b-cdn.net\/images\/26\/08\/xl\/11798389-5vn-2026-0583-007-anonymized.jpg\" target=\"_blank\"><img decoding=\"async\" class=\"img-responsive\" style=\"width: 728px; margin-top: 0; border:0;\" src=\"https:\/\/www.europesays.com\/de\/wp-content\/uploads\/2026\/08\/1787332578_695_11798389-5vn-2026-0583-007-anonymized.jpg\" title=\"Tragischer Unfall am Mittwochmittag: Auf der L3185 kam es in der N\u00e4he von Ober-Lais (Stadtteil von Nidda im Wetteraukreis) zu einem t\u00f6dlichen Zusammensto\u00df. \" onerror=\"imgError(this);\"\/><\/p>\n<p>Tragischer Unfall am Mittwochmittag: Auf der L3185 kam es in der N\u00e4he von Ober-Lais (Stadtteil von Nidda im Wetteraukreis) zu einem t\u00f6dlichen Zusammensto\u00df.  &#8211; Fotos: 5VISION.NEWS<\/p>\n<p>\n                    <strong>NIDDA<\/strong><br \/>\n                    Tragischer Unfall nahe Ober\u2011Lais\n                <\/p>\n<p>21.08.26 &#8211; <strong>Tragischer Unfall am Mittwochmittag: Auf der L3185 kam es in der N\u00e4he von Ober-Lais (Stadtteil von Nidda im Wetteraukreis) zu einem t\u00f6dlichen Zusammensto\u00df. Hierbei kollidierten ein Lkw, der mit Markierungsarbeiten betraut war, und ein Auto frontal miteinander.<\/strong><\/p>\n<p>Nach dem derzeitigen Stand der Ermittlungen war ein Mazda CX-5 auf der L 3185 in Fahrtrichtung Glash\u00fctten unterwegs. Im Einm\u00fcndungsbereich zur K 199 war ein Lkw f\u00fcr Markierungsarbeiten vor einer Verkehrsinsel abgestellt, vor welchem sich ein Anh\u00e4nger befand. Der Mazda kam aus bislang unbekannter Ursache nach links von seinem Fahrstreifen ab und stie\u00df mit diesem zusammen. Durch den Aufprall wurde der Anh\u00e4nger in den dahinterstehenden Lkw geschoben und dieser wiederum gegen den Markierungswagen, der sich hinter dem Lkw befand.<\/p>\n<p>Die bisherigen polizeilichen Ermittlungen ergaben, dass sich in dem Mazda insgesamt acht Jugendliche im Alter von 14 und 15 Jahren befanden. Der 15-j\u00e4hrige Fahrer sowie eine 14-j\u00e4hrige Insassin erlitten bei dem Unfall t\u00f6dliche Verletzungen. Die anderen sechs Insassen wurden schwer verletzt in umliegende Krankenh\u00e4user eingeliefert und befinden sich dort auch weiterhin in Behandlung.<\/p>\n<p><a class=\"fancybox\" data-fancybox=\"galerie\" data-caption=\"\" rel=\"on_group\" title=\"\" href=\"https:\/\/www.europesays.com\/de\/wp-content\/uploads\/2026\/08\/11798389-5vn-2026-0583-016.jpg\"><img decoding=\"async\" class=\"imgbdr\" style=\"max-width: 98%;\" src=\"https:\/\/www.europesays.com\/de\/wp-content\/uploads\/2026\/08\/11798389-5vn-2026-0583-016.jpg\"\/><\/a><\/p>\n<p>Im F\u00fchrerhaus des Lkw befanden sich drei Arbeiter. Ein 53-J\u00e4hriger wurde schwer, sein 57-j\u00e4hriger Kollege leicht verletzt. Der dritte Arbeiter, ein 28-j\u00e4hriger Mann, blieb unverletzt und konnte nach einer Untersuchung am Unfallort entlassen werden. Seine beiden Kollegen kamen ebenfalls in ein Krankenhaus. Zur Kl\u00e4rung des genauen Unfallhergangs beauftragte die Staatsanwaltschaft Gie\u00dfen einen Gutachter.<\/p>\n<p><strong>Wie genau die Jugendlichen in Besitz des Pkw gelangten, ist Gegenstand der laufenden polizeilichen Ermittlungen. Dazu k\u00f6nnen momentan keine weiteren Angaben gemacht werden.<\/strong><\/p>\n<p>Zum Transport und zur Versorgung der Verletzten waren unter anderem mehrere<br \/>Rettungshubschrauber im Einsatz. Die Ermittlungen zum Unfallhergang und zur Unfallursache dauern an (pg\/mis\/pm) +++<\/p>\n<p><\/p>\n","protected":false},"excerpt":{"rendered":"Tragischer Unfall am Mittwochmittag: Auf der L3185 kam es in der N\u00e4he von Ober-Lais (Stadtteil von Nidda im&hellip;\n","protected":false},"author":2,"featured_media":1250778,"comment_status":"","ping_status":"","sticky":false,"template":"","format":"standard","meta":{"footnotes":"","_share_on_mastodon":"0"},"categories":[2],"tags":[6193,6195,29,6197,6192,30,13,2052,1381,14,6196,15,6194,12,10,8,9,11],"class_list":["post-1251654","post","type-post","status-publish","format-standard","has-post-thumbnail","category-deutschland","tag-alsfeld","tag-bad-hersfeld","tag-deutschland","tag-flieden","tag-fulda","tag-germany","tag-headlines","tag-hessen","tag-lauterbach","tag-nachrichten","tag-neuhof","tag-news","tag-osthessen","tag-schlagzeilen","tag-top-news","tag-top-meldungen","tag-topmeldungen","tag-topnews"],"share_on_mastodon":{"url":"https:\/\/pubeurope.com\/@de\/117134636844129201","error":""},"_links":{"self":[{"href":"https:\/\/www.europesays.com\/de\/wp-json\/wp\/v2\/posts\/1251654","targetHints":{"allow":["GET"]}}],"collection":[{"href":"https:\/\/www.europesays.com\/de\/wp-json\/wp\/v2\/posts"}],"about":[{"href":"https:\/\/www.europesays.com\/de\/wp-json\/wp\/v2\/types\/post"}],"author":[{"embeddable":true,"href":"https:\/\/www.europesays.com\/de\/wp-json\/wp\/v2\/users\/2"}],"replies":[{"embeddable":true,"href":"https:\/\/www.europesays.com\/de\/wp-json\/wp\/v2\/comments?post=1251654"}],"version-history":[{"count":0,"href":"https:\/\/www.europesays.com\/de\/wp-json\/wp\/v2\/posts\/1251654\/revisions"}],"wp:featuredmedia":[{"embeddable":true,"href":"https:\/\/www.europesays.com\/de\/wp-json\/wp\/v2\/media\/1250778"}],"wp:attachment":[{"href":"https:\/\/www.europesays.com\/de\/wp-json\/wp\/v2\/media?parent=1251654"}],"wp:term":[{"taxonomy":"category","embeddable":true,"href":"https:\/\/www.europesays.com\/de\/wp-json\/wp\/v2\/categories?post=1251654"},{"taxonomy":"post_tag","embeddable":true,"href":"https:\/\/www.europesays.com\/de\/wp-json\/wp\/v2\/tags?post=1251654"}],"curies":[{"name":"wp","href":"https:\/\/api.w.org\/{rel}","templated":true}]}}