{"id":1251690,"date":"2026-08-21T17:38:18","date_gmt":"2026-08-21T17:38:18","guid":{"rendered":"https:\/\/www.europesays.com\/de\/1251690\/"},"modified":"2026-08-21T17:38:18","modified_gmt":"2026-08-21T17:38:18","slug":"liveblog-wuppertaler-sv-vs-spvg-schonnebeck-2","status":"publish","type":"post","link":"https:\/\/www.europesays.com\/de\/1251690\/","title":{"rendered":"Liveblog: Wuppertaler SV vs. SpVg Schonnebeck"},"content":{"rendered":"<p>          Fu\u00dfball-Oberliga        Liveblog: Wuppertaler SV vs. SpVg Schonnebeck<\/p>\n<p class=\"text-50 desktop:text-70 park-container-small px-6 mb-10 desktop:mb-14\">Wuppertal \u00b7 <strong data-cy=\"intro\" data-readtime-content=\"\">Nur zw\u00f6lf Tage nach dem dramatischen Sieg im Pokal empf\u00e4ngt der Wuppertaler SV am Freitag, 21. August, erneut den Essener Oberliga-Rivalen. Diesmal geht es um Meisterschaftspunkte. Ansto\u00df im Stadion am Zoo ist um 19.30 Uhr. Hier k\u00f6nnen Sie mit uns auf Ballh\u00f6he bleiben.<\/strong><\/p>\n<p>                        <a class=\"absolute bottom-0 inset-x-0 z-10 group\/link before:float-left after:clear-both flex justify-end items-end print:hidden\" href=\"https:\/\/www.europesays.com\/de\/wp-content\/uploads\/2026\/08\/w1767_h1308_x883_y654_OK1N0185-24491cf96c47e686.JPG\" title=\"Vergr\u00f6\u00dferte Ansicht\" aria-describedby=\"park-figure-\" data-enlargable=\"image\"><\/p>\n<p>                            <\/a><\/p>\n<p>                <img class=\"inset-0 w-full h-full object-cover opacity-0 transition-opacity animated\" onload=\"this.style.opacity = '1';\" src=\"https:\/\/www.europesays.com\/de\/wp-content\/uploads\/2026\/08\/w1767_h1308_x883_y654_OK1N0185-24491cf96c47e686.JPG\"   alt=\" Z\u00e4hlte leider nicht: Das vermeintliche 1:1 von Serhat Kacmaz in Velbert. Gegen Schonnebeck d\u00fcrfte Kacmaz in der Innenverteidigung gesetzt sein. \" width=\"1767\" height=\"1308\" fetchpriority=\"high\" decoding=\"async\" data-park-image-img=\"\"\/><\/p>\n<p class=\"block font-sans text-30 text-black-almost dark:text-white-almost desktop:text-40 desktop:[.floated_&amp;]:text-30 mt-3 desktop:[.floated_&amp;]:mt-3 desktop:mt-4\" data-readtime-content=\"\">\n         Z\u00e4hlte leider nicht: Das vermeintliche 1:1 von Serhat Kacmaz in Velbert. Gegen Schonnebeck d\u00fcrfte Kacmaz in der Innenverteidigung gesetzt sein.\n    <\/p>\n<p>    Foto: Otto Krschak  <\/p>\n","protected":false},"excerpt":{"rendered":"Fu\u00dfball-Oberliga Liveblog: Wuppertaler SV vs. SpVg Schonnebeck Wuppertal \u00b7 Nur zw\u00f6lf Tage nach dem dramatischen Sieg im Pokal&hellip;\n","protected":false},"author":2,"featured_media":1251691,"comment_status":"","ping_status":"","sticky":false,"template":"","format":"standard","meta":{"footnotes":"","_share_on_mastodon":"0"},"categories":[1840],"tags":[3364,29,30,1209,12006,4418,6226,6500],"class_list":["post-1251690","post","type-post","status-publish","format-standard","has-post-thumbnail","category-wuppertal","tag-de","tag-deutschland","tag-germany","tag-nordrhein-westfalen","tag-oberliga","tag-wuppertal","tag-wuppertaler","tag-zoo"],"share_on_mastodon":{"url":"","error":""},"_links":{"self":[{"href":"https:\/\/www.europesays.com\/de\/wp-json\/wp\/v2\/posts\/1251690","targetHints":{"allow":["GET"]}}],"collection":[{"href":"https:\/\/www.europesays.com\/de\/wp-json\/wp\/v2\/posts"}],"about":[{"href":"https:\/\/www.europesays.com\/de\/wp-json\/wp\/v2\/types\/post"}],"author":[{"embeddable":true,"href":"https:\/\/www.europesays.com\/de\/wp-json\/wp\/v2\/users\/2"}],"replies":[{"embeddable":true,"href":"https:\/\/www.europesays.com\/de\/wp-json\/wp\/v2\/comments?post=1251690"}],"version-history":[{"count":0,"href":"https:\/\/www.europesays.com\/de\/wp-json\/wp\/v2\/posts\/1251690\/revisions"}],"wp:featuredmedia":[{"embeddable":true,"href":"https:\/\/www.europesays.com\/de\/wp-json\/wp\/v2\/media\/1251691"}],"wp:attachment":[{"href":"https:\/\/www.europesays.com\/de\/wp-json\/wp\/v2\/media?parent=1251690"}],"wp:term":[{"taxonomy":"category","embeddable":true,"href":"https:\/\/www.europesays.com\/de\/wp-json\/wp\/v2\/categories?post=1251690"},{"taxonomy":"post_tag","embeddable":true,"href":"https:\/\/www.europesays.com\/de\/wp-json\/wp\/v2\/tags?post=1251690"}],"curies":[{"name":"wp","href":"https:\/\/api.w.org\/{rel}","templated":true}]}}