{"id":125179,"date":"2025-05-20T10:13:09","date_gmt":"2025-05-20T10:13:09","guid":{"rendered":"https:\/\/www.europesays.com\/de\/125179\/"},"modified":"2025-05-20T10:13:09","modified_gmt":"2025-05-20T10:13:09","slug":"fall-in-frankreich-pizzabaecker-kocht-nachbarn-nach-missgluecktem-einbruch","status":"publish","type":"post","link":"https:\/\/www.europesays.com\/de\/125179\/","title":{"rendered":"Fall in Frankreich: Pizzab\u00e4cker kocht Nachbarn nach missgl\u00fccktem Einbruch"},"content":{"rendered":"<p>                    Fall in Frankreich<br \/>\n                Pizzab\u00e4cker kocht Nachbarn nach missgl\u00fccktem Einbruch<\/p>\n<p>\t\t\t\t              20.05.2025, 10:52 Uhr<\/p>\n<p>\t\t\t\t\t       Artikel anh\u00f6ren<\/p>\n<p>\t\t\t\t\t\t\tDiese Audioversion wurde k\u00fcnstlich generiert. <a href=\"https:\/\/www.n-tv.de\/23249898\" target=\"_blank\" rel=\"noopener\">Mehr Infos<\/a><\/p>\n<p><strong>In der franz\u00f6sischen Provinz verschwindet im Februar 2023 ein Mann, der ein abgelegenes Haus renoviert. Bei ihren Ermittlungen st\u00f6\u00dft die Polizei zun\u00e4chst auf Ungereimtheiten. Doch dann gesteht ein Verd\u00e4chtiger etwas, das sie nicht f\u00fcr m\u00f6glich gehalten hatten. <\/strong><\/p>\n<p>Seit Montag wird in Frankreich einem Paar der Prozess gemacht, dem Ungeheuerliches vorgeworfen wird. Philippe S. und seine Lebensgef\u00e4hrtin Nathalie C. sollen einen Mann get\u00f6tet und gekocht haben. Au\u00dfer ihnen ist noch ein weiterer Komplize angeklagt.<\/p>\n<p>Zu der Tat kam es franz\u00f6sischen Medienberichten zufolge im Februar 2023 im S\u00fcden des Landes. S. \u00fcberfiel demnach den 60-j\u00e4hrigen George Meichler, der in einem abgelegenen Haus in seiner N\u00e4he lebte. Anwalt Luc Abratkiewicz, der S. vertritt, sagte dem britischen &#8222;Telegraph&#8220;, S. habe damals ein Leben voller Alkohol und Drogen gef\u00fchrt und dann die &#8222;v\u00f6llig verr\u00fcckte Idee&#8220; gehabt, &#8222;seinen Nachbarn auszurauben&#8220;. W\u00e4hrend S. das Haus durchsuchte, wurde Meichler geknebelt und gefesselt. &#8222;Es ging schief, er starb \u2026 Er machte einen schweren Fehler&#8220;, f\u00fcgte der Anwalt hinzu. <\/p>\n<p>Gleichzeitig meldeten sich Meichlers Ex-Lebensgef\u00e4hrtin und eine Tochter bei der Polizei. Die fr\u00fchere Lebenspartnerin erreichte ihn nicht, die Tochter hatte eine eigenartige SMS von ihrem Vater bekommen. Ihr Vater schicke nie SMS und schon gar nicht eine, in der er sich f\u00fcr eine Reise abmeldet, begr\u00fcndete sie ihre Sorge. <\/p>\n<p>Schreckliche Details<\/p>\n<p>Bei ihren Ermittlungen stie\u00df die Polizei auf das Auto des Vermissten, gefahren wird es von S. und seiner Lebensgef\u00e4hrtin. Angeblich hatte Meichler, den alle nur &#8222;Diego&#8220; nennen und der zur\u00fcckgezogen lebte, ihnen das Auto anvertraut, damit sie seine H\u00fchner f\u00fcttern k\u00f6nnen. Doch bei der Untersuchung des Wagens fanden die Ermittler Blutspuren und Plastikbeutel mit menschlichen Leichenteilen.<\/p>\n<p>S. ist Koch und betrieb fr\u00fcher eine Pizzeria. Sp\u00e4ter gab er sich in einem \u00d6kodorf als &#8222;Druide&#8220; aus, wurde aber nach Gewaltvorf\u00e4llen rausgeworfen. In der Vernehmung sagte er schlie\u00dflich: &#8222;Was ich Ihnen jetzt erz\u00e4hle, ist schrecklich. Es wird schwer f\u00fcr Sie zu h\u00f6ren sein.&#8220; Dann gab er zu, Meichler get\u00f6tet, seine Leiche zerst\u00fcckelt und einige St\u00fccke gekocht zu haben. <\/p>\n<p>Seiner Aussage zufolge habe er zwei Tage gebraucht, um die Leiche seines Opfers zu beseitigen. Teile habe er verbrannt, andere mit Gem\u00fcsebr\u00fche gekocht, um den Geruch zu \u00fcberdecken und die Ein\u00e4scherung zu beschleunigen. So habe er es in Nepal gelernt. <\/p>\n<p>Der Komplize, ein 27-j\u00e4hriger fr\u00fcherer Totengr\u00e4ber, gestand, an wesentlichen Teilen der Tat beteiligt gewesen zu sein. Die Lebensgef\u00e4hrtin von S. bestritt hingegen jegliche aktive Beteiligung, sie habe nur teilweise Kenntnisse dazu gehabt. Das Urteil wird schon in dieser Woche erwartet.<\/p>\n","protected":false},"excerpt":{"rendered":"Fall in Frankreich Pizzab\u00e4cker kocht Nachbarn nach missgl\u00fccktem Einbruch 20.05.2025, 10:52 Uhr Artikel anh\u00f6ren Diese Audioversion wurde k\u00fcnstlich&hellip;\n","protected":false},"author":2,"featured_media":125180,"comment_status":"","ping_status":"","sticky":false,"template":"","format":"standard","meta":{"footnotes":""},"categories":[5],"tags":[331,332,3364,29,156,30,13,984,11752,14,15,12],"class_list":{"0":"post-125179","1":"post","2":"type-post","3":"status-publish","4":"format-standard","5":"has-post-thumbnail","7":"category-nachrichten","8":"tag-aktuelle-nachrichten","9":"tag-aktuelle-news","10":"tag-de","11":"tag-deutschland","12":"tag-frankreich","13":"tag-germany","14":"tag-headlines","15":"tag-international","16":"tag-mord-und-totschlag","17":"tag-nachrichten","18":"tag-news","19":"tag-schlagzeilen"},"share_on_mastodon":{"url":"https:\/\/pubeurope.com\/@de\/114539633363802700","error":""},"_links":{"self":[{"href":"https:\/\/www.europesays.com\/de\/wp-json\/wp\/v2\/posts\/125179","targetHints":{"allow":["GET"]}}],"collection":[{"href":"https:\/\/www.europesays.com\/de\/wp-json\/wp\/v2\/posts"}],"about":[{"href":"https:\/\/www.europesays.com\/de\/wp-json\/wp\/v2\/types\/post"}],"author":[{"embeddable":true,"href":"https:\/\/www.europesays.com\/de\/wp-json\/wp\/v2\/users\/2"}],"replies":[{"embeddable":true,"href":"https:\/\/www.europesays.com\/de\/wp-json\/wp\/v2\/comments?post=125179"}],"version-history":[{"count":0,"href":"https:\/\/www.europesays.com\/de\/wp-json\/wp\/v2\/posts\/125179\/revisions"}],"wp:featuredmedia":[{"embeddable":true,"href":"https:\/\/www.europesays.com\/de\/wp-json\/wp\/v2\/media\/125180"}],"wp:attachment":[{"href":"https:\/\/www.europesays.com\/de\/wp-json\/wp\/v2\/media?parent=125179"}],"wp:term":[{"taxonomy":"category","embeddable":true,"href":"https:\/\/www.europesays.com\/de\/wp-json\/wp\/v2\/categories?post=125179"},{"taxonomy":"post_tag","embeddable":true,"href":"https:\/\/www.europesays.com\/de\/wp-json\/wp\/v2\/tags?post=125179"}],"curies":[{"name":"wp","href":"https:\/\/api.w.org\/{rel}","templated":true}]}}