{"id":1251823,"date":"2026-08-21T19:04:19","date_gmt":"2026-08-21T19:04:19","guid":{"rendered":"https:\/\/www.europesays.com\/de\/1251823\/"},"modified":"2026-08-21T19:04:19","modified_gmt":"2026-08-21T19:04:19","slug":"augsburg-nimmt-zusaetzliche-millionen-aus-grundsteuer-ein-gruene-wollen-geld-in-wohnbau-stecken","status":"publish","type":"post","link":"https:\/\/www.europesays.com\/de\/1251823\/","title":{"rendered":"Augsburg nimmt zus\u00e4tzliche Millionen aus Grundsteuer ein \u2013 Gr\u00fcne wollen Geld in Wohnbau stecken"},"content":{"rendered":"<p>Der Wohnungsbau stockt. Vor allem gef\u00f6rderte Wohnungen werden in Augsburg kaum noch gebaut, weil <a href=\"https:\/\/www.donaukurier.de\/lokales\/region-augsburg\/foerdermittel-fiasko-im-wohnungsbau-wbg-augsburg-nimmt-freistaat-bayern-in-die-pflicht-21372998\" target=\"_blank\" rel=\"nofollow noopener\">F\u00f6rdermittel des Bundes und des Freistaats Bayern knapp sind<\/a>. Die Augsburger Gr\u00fcnen fordern, mit st\u00e4dtischen Geldern den Bau bezahlbarer Wohnungen zu unterst\u00fctzen. Wo das Geld herkommen soll? Aus unverhofften Mehreinnahmen durch die Grundsteuerreform.<\/p>\n<p>Weiterlesen mit<\/p>\n<p>                                                                                <img decoding=\"async\" src=\"https:\/\/www.europesays.com\/de\/wp-content\/uploads\/2025\/04\/donaukurier-plus.png\" alt=\"Plus-Logo\" class=\"paywall-image\"\/><\/p>\n<p class=\"text-center\">\n            Sie sind bereits registriert oder Plus-Abonnent?<\/p>\n<p>                Hier anmelden<\/p>\n","protected":false},"excerpt":{"rendered":"Der Wohnungsbau stockt. Vor allem gef\u00f6rderte Wohnungen werden in Augsburg kaum noch gebaut, weil F\u00f6rdermittel des Bundes und&hellip;\n","protected":false},"author":2,"featured_media":1251824,"comment_status":"","ping_status":"","sticky":false,"template":"","format":"standard","meta":{"footnotes":"","_share_on_mastodon":"0"},"categories":[1846],"tags":[680,772,3364,29,548,663,3934,30,2013,13,14,15,12],"class_list":["post-1251823","post","type-post","status-publish","format-standard","has-post-thumbnail","category-augsburg","tag-augsburg","tag-bayern","tag-de","tag-deutschland","tag-eu","tag-europa","tag-europe","tag-germany","tag-gruene","tag-headlines","tag-nachrichten","tag-news","tag-schlagzeilen"],"share_on_mastodon":{"url":"https:\/\/pubeurope.com\/@de\/117135059819551844","error":""},"_links":{"self":[{"href":"https:\/\/www.europesays.com\/de\/wp-json\/wp\/v2\/posts\/1251823","targetHints":{"allow":["GET"]}}],"collection":[{"href":"https:\/\/www.europesays.com\/de\/wp-json\/wp\/v2\/posts"}],"about":[{"href":"https:\/\/www.europesays.com\/de\/wp-json\/wp\/v2\/types\/post"}],"author":[{"embeddable":true,"href":"https:\/\/www.europesays.com\/de\/wp-json\/wp\/v2\/users\/2"}],"replies":[{"embeddable":true,"href":"https:\/\/www.europesays.com\/de\/wp-json\/wp\/v2\/comments?post=1251823"}],"version-history":[{"count":0,"href":"https:\/\/www.europesays.com\/de\/wp-json\/wp\/v2\/posts\/1251823\/revisions"}],"wp:featuredmedia":[{"embeddable":true,"href":"https:\/\/www.europesays.com\/de\/wp-json\/wp\/v2\/media\/1251824"}],"wp:attachment":[{"href":"https:\/\/www.europesays.com\/de\/wp-json\/wp\/v2\/media?parent=1251823"}],"wp:term":[{"taxonomy":"category","embeddable":true,"href":"https:\/\/www.europesays.com\/de\/wp-json\/wp\/v2\/categories?post=1251823"},{"taxonomy":"post_tag","embeddable":true,"href":"https:\/\/www.europesays.com\/de\/wp-json\/wp\/v2\/tags?post=1251823"}],"curies":[{"name":"wp","href":"https:\/\/api.w.org\/{rel}","templated":true}]}}