{"id":1251839,"date":"2026-08-21T19:15:46","date_gmt":"2026-08-21T19:15:46","guid":{"rendered":"https:\/\/www.europesays.com\/de\/1251839\/"},"modified":"2026-08-21T19:15:46","modified_gmt":"2026-08-21T19:15:46","slug":"messer-gezueckt-polizei-nimmt-drei-junge-maenner-in-wuppertal-fest","status":"publish","type":"post","link":"https:\/\/www.europesays.com\/de\/1251839\/","title":{"rendered":"Messer gez\u00fcckt? Polizei nimmt drei junge M\u00e4nner in Wuppertal fest"},"content":{"rendered":"<p class=\"text_ohne_einzug richtext text-em-55 !leading-serif mx-6 desktop:mx-0\">Eine Auseinandersetzung im Luisenviertel hat am Donnerstagabend um kurz vor 17 Uhr f\u00fcr Aufsehen gesorgt. Nach ersten Angaben der Polizei waren ein 21-J\u00e4hriger und ein 22-J\u00e4hriger mit einem 24-J\u00e4hrigen auf der Luisenstra\u00dfe in einen Streit geraten, bei dem nach Angaben von Zeugen auch ein Messer gez\u00fcckt worden sein soll.<\/p>\n<p class=\"richtext text-em-55 !leading-serif mx-6 desktop:mx-0\">Um den Sachverhalt zu kl\u00e4ren, hat die Polizei die drei Beteiligten kurze Zeit sp\u00e4ter festgenommen. Es wurde niemand verletzt. Die Ermittlungen laufen.<\/p>\n","protected":false},"excerpt":{"rendered":"Eine Auseinandersetzung im Luisenviertel hat am Donnerstagabend um kurz vor 17 Uhr f\u00fcr Aufsehen gesorgt. Nach ersten Angaben&hellip;\n","protected":false},"author":2,"featured_media":1251840,"comment_status":"","ping_status":"","sticky":false,"template":"","format":"standard","meta":{"footnotes":"","_share_on_mastodon":"0"},"categories":[1840],"tags":[3364,29,30,259100,18273,1981,1209,4418],"class_list":["post-1251839","post","type-post","status-publish","format-standard","has-post-thumbnail","category-wuppertal","tag-de","tag-deutschland","tag-germany","tag-gezueckt","tag-jaehriger","tag-messer","tag-nordrhein-westfalen","tag-wuppertal"],"share_on_mastodon":{"url":"https:\/\/pubeurope.com\/@de\/117135102864093477","error":""},"_links":{"self":[{"href":"https:\/\/www.europesays.com\/de\/wp-json\/wp\/v2\/posts\/1251839","targetHints":{"allow":["GET"]}}],"collection":[{"href":"https:\/\/www.europesays.com\/de\/wp-json\/wp\/v2\/posts"}],"about":[{"href":"https:\/\/www.europesays.com\/de\/wp-json\/wp\/v2\/types\/post"}],"author":[{"embeddable":true,"href":"https:\/\/www.europesays.com\/de\/wp-json\/wp\/v2\/users\/2"}],"replies":[{"embeddable":true,"href":"https:\/\/www.europesays.com\/de\/wp-json\/wp\/v2\/comments?post=1251839"}],"version-history":[{"count":0,"href":"https:\/\/www.europesays.com\/de\/wp-json\/wp\/v2\/posts\/1251839\/revisions"}],"wp:featuredmedia":[{"embeddable":true,"href":"https:\/\/www.europesays.com\/de\/wp-json\/wp\/v2\/media\/1251840"}],"wp:attachment":[{"href":"https:\/\/www.europesays.com\/de\/wp-json\/wp\/v2\/media?parent=1251839"}],"wp:term":[{"taxonomy":"category","embeddable":true,"href":"https:\/\/www.europesays.com\/de\/wp-json\/wp\/v2\/categories?post=1251839"},{"taxonomy":"post_tag","embeddable":true,"href":"https:\/\/www.europesays.com\/de\/wp-json\/wp\/v2\/tags?post=1251839"}],"curies":[{"name":"wp","href":"https:\/\/api.w.org\/{rel}","templated":true}]}}