{"id":125193,"date":"2025-05-20T10:22:09","date_gmt":"2025-05-20T10:22:09","guid":{"rendered":"https:\/\/www.europesays.com\/de\/125193\/"},"modified":"2025-05-20T10:22:09","modified_gmt":"2025-05-20T10:22:09","slug":"2-fussball-bundesliga-hannover-96-holt-finnischen-torjaeger-sport","status":"publish","type":"post","link":"https:\/\/www.europesays.com\/de\/125193\/","title":{"rendered":"2. Fu\u00dfball-Bundesliga &#8211; Hannover 96 holt finnischen Torj\u00e4ger &#8211; Sport"},"content":{"rendered":"<p data-manual=\"paragraph\" data-schema-org-speakable=\"true\" class=\"css-1ylqqlw\">Hannover (dpa) &#8211; <a href=\"https:\/\/www.sueddeutsche.de\/thema\/Hannover_96\" target=\"_blank\" rel=\"noopener\">Hannover 96<\/a> hat den finnischen Nationalspieler Benjamin K\u00e4llman verpflichtet. Der 26 Jahre alte St\u00fcrmer kommt abl\u00f6sefrei vom polnischen Erstligisten KS Cracovia und erh\u00e4lt beim <a href=\"https:\/\/www.sueddeutsche.de\/thema\/Fu%C3%9Fball\" target=\"_blank\" rel=\"noopener\">Fu\u00dfball<\/a>-Zweitligisten einen Dreijahresvertrag bis zum 30. Juni 2028. F\u00fcr seinen polnischen Club erzielte K\u00e4llman in der laufenden Saison in 33 Pflichtspielen 18 Tore.<\/p>\n<p data-manual=\"paragraph\" data-schema-org-speakable=\"true\" class=\"css-1ylqqlw\">\u201eBenjamin ist ein gestandener St\u00fcrmer mit internationaler Erfahrung, der nicht nur eine gute Quote vorweisen kann, sondern auch ein spannendes Profil besitzt\u201c, sagte Hannovers Sportchef Marcus Mann.<\/p>\n<p data-manual=\"paragraph\" data-schema-org-speakable=\"true\" class=\"css-1ylqqlw\">K\u00e4llman ist bereits der vierte Neuzugang bei den <a href=\"https:\/\/www.sueddeutsche.de\/thema\/Niedersachsen\" target=\"_blank\" rel=\"noopener\">Niedersachsen<\/a>. Zuvor hatte 96 bereits Leihr\u00fcckkehrer Marius W\u00f6rl (Arminia Bielefeld), Maurice Neubauer (SV Elversberg) und Franz Roggow (Borussia Dortmund) unter Vertrag genommen.<\/p>\n<p data-manual=\"paragraph\" data-schema-org-speakable=\"true\" class=\"css-1ylqqlw\">\u00a9 dpa-infocom, dpa:250520-930-567079\/1<\/p>\n","protected":false},"excerpt":{"rendered":"Hannover (dpa) &#8211; Hannover 96 hat den finnischen Nationalspieler Benjamin K\u00e4llman verpflichtet. Der 26 Jahre alte St\u00fcrmer kommt&hellip;\n","protected":false},"author":2,"featured_media":125194,"comment_status":"","ping_status":"","sticky":false,"template":"","format":"standard","meta":{"footnotes":""},"categories":[1836],"tags":[621,3364,29,646,347,9335,30,46,2366,47061,1411,265,149,1288],"class_list":{"0":"post-125193","1":"post","2":"type-post","3":"status-publish","4":"format-standard","5":"has-post-thumbnail","7":"category-hannover","8":"tag-2-bundesliga","9":"tag-de","10":"tag-deutschland","11":"tag-finnland","12":"tag-fussball","13":"tag-fussball-transfers","14":"tag-germany","15":"tag-hannover","16":"tag-hannover-96","17":"tag-heinz-von-heiden-arena","18":"tag-niedersachsen","19":"tag-sport","20":"tag-sueddeutsche-zeitung","21":"tag-transfers"},"share_on_mastodon":{"url":"https:\/\/pubeurope.com\/@de\/114539668666809295","error":""},"_links":{"self":[{"href":"https:\/\/www.europesays.com\/de\/wp-json\/wp\/v2\/posts\/125193","targetHints":{"allow":["GET"]}}],"collection":[{"href":"https:\/\/www.europesays.com\/de\/wp-json\/wp\/v2\/posts"}],"about":[{"href":"https:\/\/www.europesays.com\/de\/wp-json\/wp\/v2\/types\/post"}],"author":[{"embeddable":true,"href":"https:\/\/www.europesays.com\/de\/wp-json\/wp\/v2\/users\/2"}],"replies":[{"embeddable":true,"href":"https:\/\/www.europesays.com\/de\/wp-json\/wp\/v2\/comments?post=125193"}],"version-history":[{"count":0,"href":"https:\/\/www.europesays.com\/de\/wp-json\/wp\/v2\/posts\/125193\/revisions"}],"wp:featuredmedia":[{"embeddable":true,"href":"https:\/\/www.europesays.com\/de\/wp-json\/wp\/v2\/media\/125194"}],"wp:attachment":[{"href":"https:\/\/www.europesays.com\/de\/wp-json\/wp\/v2\/media?parent=125193"}],"wp:term":[{"taxonomy":"category","embeddable":true,"href":"https:\/\/www.europesays.com\/de\/wp-json\/wp\/v2\/categories?post=125193"},{"taxonomy":"post_tag","embeddable":true,"href":"https:\/\/www.europesays.com\/de\/wp-json\/wp\/v2\/tags?post=125193"}],"curies":[{"name":"wp","href":"https:\/\/api.w.org\/{rel}","templated":true}]}}