{"id":1251984,"date":"2026-08-21T20:49:22","date_gmt":"2026-08-21T20:49:22","guid":{"rendered":"https:\/\/www.europesays.com\/de\/1251984\/"},"modified":"2026-08-21T20:49:22","modified_gmt":"2026-08-21T20:49:22","slug":"liveblog-so-verliert-der-wuppertaler-sv-gegen-schonnebeck-mit-stimmen","status":"publish","type":"post","link":"https:\/\/www.europesays.com\/de\/1251984\/","title":{"rendered":"Liveblog: So verliert der Wuppertaler SV gegen Schonnebeck (mit Stimmen)"},"content":{"rendered":"<p>          Fu\u00dfball-Oberliga        Liveblog: So verliert der Wuppertaler SV gegen Schonnebeck (mit Stimmen)<\/p>\n<p class=\"text-50 desktop:text-70 park-container-small px-6 mb-10 desktop:mb-14\">Wuppertal \u00b7 <strong data-cy=\"intro\" data-readtime-content=\"\">Nur zw\u00f6lf Tage nach dem dramatischen Sieg im Pokal empfing der Wuppertaler SV erneut den Essener Oberliga-Rivalen. Diesmal ging es um Meisterschaftspunkte, die aber nach Essen wanderten. Hier k\u00f6nnen Sie nachverfolgen, wie das ablief, und erhalten Stimmen zum Spiel.<\/strong><\/p>\n<p>                        <a class=\"absolute bottom-0 inset-x-0 z-10 group\/link before:float-left after:clear-both flex justify-end items-end print:hidden\" href=\"https:\/\/www.wz.de\/imgs\/39\/2\/7\/8\/1\/2\/1\/2\/1\/7\/tok_18a5c015a1d92617c07090c5cef6784c\/w1900_h1425_x1796_y1347_WSV-cfecac34e7e480b1.jpg\" title=\"Vergr\u00f6\u00dferte Ansicht\" aria-describedby=\"park-figure-\" data-enlargable=\"image\" rel=\"nofollow noopener\" target=\"_blank\"><\/p>\n<p>                            <\/a><\/p>\n<p>                <img class=\"inset-0 w-full h-full object-cover opacity-0 transition-opacity animated\" onload=\"this.style.opacity = '1';\" src=\"https:\/\/www.europesays.com\/de\/wp-content\/uploads\/2026\/08\/w2100_h1575_x1796_y1347_WSV-cfecac34e7e480b1.jpg\"   alt=\" Von den Fans gab es nachher Ermunterung f\u00fcr die entt\u00e4uschten WSV-Spieler. Nach schwacher erster H\u00e4lfte hatte die Mannschaft sich nach der Pause deutlich gesteigert \" width=\"3592\" height=\"2694\" fetchpriority=\"high\" decoding=\"async\" data-park-image-img=\"\"\/><\/p>\n<p class=\"block font-sans text-30 text-black-almost dark:text-white-almost desktop:text-40 desktop:[.floated_&amp;]:text-30 mt-3 desktop:[.floated_&amp;]:mt-3 desktop:mt-4\" data-readtime-content=\"\">\n         Von den Fans gab es nachher Ermunterung f\u00fcr die entt\u00e4uschten WSV-Spieler. Nach schwacher erster H\u00e4lfte hatte die Mannschaft sich nach der Pause deutlich gesteigert\n    <\/p>\n<p>    Foto: Marc Posthaus  <\/p>\n","protected":false},"excerpt":{"rendered":"Fu\u00dfball-Oberliga Liveblog: So verliert der Wuppertaler SV gegen Schonnebeck (mit Stimmen) Wuppertal \u00b7 Nur zw\u00f6lf Tage nach dem&hellip;\n","protected":false},"author":2,"featured_media":1251985,"comment_status":"","ping_status":"","sticky":false,"template":"","format":"standard","meta":{"footnotes":"","_share_on_mastodon":"0"},"categories":[1840],"tags":[3364,29,30,1209,12006,4418,6226,6500],"class_list":["post-1251984","post","type-post","status-publish","format-standard","has-post-thumbnail","category-wuppertal","tag-de","tag-deutschland","tag-germany","tag-nordrhein-westfalen","tag-oberliga","tag-wuppertal","tag-wuppertaler","tag-zoo"],"share_on_mastodon":{"url":"https:\/\/pubeurope.com\/@de\/117135474230907968","error":""},"_links":{"self":[{"href":"https:\/\/www.europesays.com\/de\/wp-json\/wp\/v2\/posts\/1251984","targetHints":{"allow":["GET"]}}],"collection":[{"href":"https:\/\/www.europesays.com\/de\/wp-json\/wp\/v2\/posts"}],"about":[{"href":"https:\/\/www.europesays.com\/de\/wp-json\/wp\/v2\/types\/post"}],"author":[{"embeddable":true,"href":"https:\/\/www.europesays.com\/de\/wp-json\/wp\/v2\/users\/2"}],"replies":[{"embeddable":true,"href":"https:\/\/www.europesays.com\/de\/wp-json\/wp\/v2\/comments?post=1251984"}],"version-history":[{"count":0,"href":"https:\/\/www.europesays.com\/de\/wp-json\/wp\/v2\/posts\/1251984\/revisions"}],"wp:featuredmedia":[{"embeddable":true,"href":"https:\/\/www.europesays.com\/de\/wp-json\/wp\/v2\/media\/1251985"}],"wp:attachment":[{"href":"https:\/\/www.europesays.com\/de\/wp-json\/wp\/v2\/media?parent=1251984"}],"wp:term":[{"taxonomy":"category","embeddable":true,"href":"https:\/\/www.europesays.com\/de\/wp-json\/wp\/v2\/categories?post=1251984"},{"taxonomy":"post_tag","embeddable":true,"href":"https:\/\/www.europesays.com\/de\/wp-json\/wp\/v2\/tags?post=1251984"}],"curies":[{"name":"wp","href":"https:\/\/api.w.org\/{rel}","templated":true}]}}