{"id":1252058,"date":"2026-08-21T21:40:18","date_gmt":"2026-08-21T21:40:18","guid":{"rendered":"https:\/\/www.europesays.com\/de\/1252058\/"},"modified":"2026-08-21T21:40:18","modified_gmt":"2026-08-21T21:40:18","slug":"supercup-in-hamburg-offensiv-feuerwerk-mit-einer-sekunde-verspaetung-sport","status":"publish","type":"post","link":"https:\/\/www.europesays.com\/de\/1252058\/","title":{"rendered":"Supercup in Hamburg: Offensiv-Feuerwerk mit einer Sekunde Versp\u00e4tung | Sport"},"content":{"rendered":"<p><a class=\"skip-content skip-content--link\" href=\"#in-content-skip-link-target-v-0-0\">TTS-Player \u00fcberspringen\u21b5<\/a><a id=\"in-content-skip-link-target-v-0-0\" class=\"skip-content--target-link-hidden skip-content skip-content--target-link\" href=\"#in-content-skip-link-target-v-0-0\">Artikel weiterlesen<\/a><\/p>\n<p data-21134c99=\"0-3844\"><b>Die deutschen <\/b><a href=\"https:\/\/www.bild.de\/sport\/mehr-sport\/basketball\/startseite-sport-sport-mix-basketball-26394584.bild.html\" class=\"text-link\" rel=\"nofollow noopener\" target=\"_blank\"><b>Basketballer<\/b><\/a><b> sind Welt- und Europameister. Dieses Jahr steigt zum ersten Mal seit 2020 kein gro\u00dfes, internationales Turnier. Auf ein (kleines) Finale m\u00fcssen die Fans trotzdem nicht verzichten: Bei der 35. Auflage des \u201eTurkish Airlines Supercup\u201c in Hamburg besiegte das Team um NBA-Star Dennis Schr\u00f6der (32\/Charlotte Hornets) die Nr. 23 der Welt, Tschechien, mit 115:82 (50:49). Und trifft am Samstag im Endspiel des traditionellen Vorbereitungsturniers auf Kroatien (20.30 Uhr\/Magenta Sport).<\/b><\/p>\n<p><img decoding=\"async\" width=\"992\" height=\"117\" alt=\"-\" loading=\"lazy\" src=\"https:\/\/www.europesays.com\/de\/wp-content\/uploads\/2026\/08\/12caf980f5c264ba503b22afcf842ed8,ef88e9a1.jpeg\"   class=\"dynamic\"\/><\/p>\n<p class=\"fig__caption__text\">&#8211;<\/p>\n<p>Foto: Dyn<\/p>\n<p data-21134c99=\"0-3844\">Vor allem in der zweiten H\u00e4lfte bot das DBB-Team den 8739 Fans in der Barclays Arena ein Offensiv-Spektakel. Bundestrainer \u00c1lex Mumbr\u00fa (47) war dennoch unzufrieden. \u201eDie erste H\u00e4lfte mochte ich nicht\u201c, sagte der Spanier nach dem Pflichtsieg. \u201eWir sind nicht in der besten Form. Das ist normal, wenn man erst seit vier Tagen zusammen ist. Das ist nicht leicht. In der zweiten H\u00e4lfte waren wir ein bisschen besser. Aber in der ersten H\u00e4lfte waren wir immer zwei oder drei Sekunden zu sp\u00e4t, in der zweiten H\u00e4lfte vielleicht eine Sekunde. Aber wir waren trotzdem zu sp\u00e4t. Und wir m\u00fcssen auf den Punkt zur Stelle sein.\u201c<\/p>\n<p>Mehr zum Thema<\/p>\n<p data-21134c99=\"0-3844\">Von den deutschen NBA-Stars hatten nur die zuletzt von Verletzungen gebeutelten Wagner-Br\u00fcder Franz (24\/Orlando Magic) und Moritz (29\/Brooklyn Nets) abgesagt. Um sich im Hinblick auf Olympia 2028 in Stellung zu bringen, reisten nach l\u00e4ngerer Nationalmannschaftspause sogar die NBA-Champions Isaiah Hartenstein (28\/Oklahoma City Thunder) und Ariel Hukporti (24\/jetzt Philadelphia 76ers) an \u2013 obwohl sie wegen kleinerer Blessuren nicht spielen konnten.<\/p>\n<p data-21134c99=\"0-3844\">\u201eDas macht richtig Bock\u201c, stellte NBA-Aufsteiger Tristan da Silva (25\/Orlando) im Interview bei Magenta Sport fest. \u201eNat\u00fcrlich m\u00fcssen wir das auch auf dem Feld zeigen.\u201c<\/p>\n<p><img decoding=\"async\" width=\"992\" height=\"558\" alt=\"Die angeschlagenen NBA-Stars  Isaiah Hartenstein (M.) und Ariel Hukporti (r.) feuerten das Team auf der Bank an\" loading=\"lazy\" src=\"https:\/\/www.europesays.com\/de\/wp-content\/uploads\/2026\/08\/1a9be0672c612798f788fe5c1ac82586,261df196.jpeg\"   class=\"landscape\"\/><\/p>\n<p class=\"fig__caption__text\">Die angeschlagenen NBA-Stars Isaiah Hartenstein (M.) und Ariel Hukporti (r.) feuerten das Team auf der Bank an<\/p>\n<p>Foto: picture alliance\/BEAUTIFUL SPORTS<\/p>\n<p data-21134c99=\"0-3844\">Nach drei gemeinsamen Einheiten fehlte beim DBB-Team in der ersten H\u00e4lfte vor allem in der Defensive noch die Intensit\u00e4t. Als Kapit\u00e4n Dennis Schr\u00f6der (32\/Charlotte Hornets) im zweiten Viertel zum ersten Mal das Tempo anzog, wuchs der Vorsprung sofort auf sieben Punkte an (43:36). Doch die k\u00f6rperlich unterlegenen und kleineren Tschechen machten ihre Nachteile durch starke Wurfquoten wett. Allen voran der Bamberger Richard Balint (23), der in der ersten H\u00e4lfte 19 seiner 27 Punkte machte.<\/p>\n<p>Basketball: DBB-Team im Supercup-Finale: Offensiv-Feuerwerk mit einer Sekunde Versp\u00e4tung<\/p>\n<p data-21134c99=\"0-3844\">Nach der Halbzeit machte der Welt- und Europameister vor 8739 Fans in der Barclays Arena ernst. Konsequenz: Der Vorsprung wuchs schnell auf 22 Z\u00e4hler (84:62\/29.) an. \u201eWir haben ein bisschen gebraucht, um in das Spiel reinzukommen\u201c, stellte Isaac Bonga (26\/Panathinaikos Athen) fest. \u201eIn der Halbzeit gab es eine gute Ansage vom Coach, dass wir nicht unser Spiel gespielt haben. In der zweiten H\u00e4lfte hat man gesehen, dass wir physischer und schneller waren.\u201c<\/p>\n<p data-21134c99=\"0-3844\">Mumbr\u00fa gab allen 13 Spielern Einsatzzeit. Bei den Tschechen ging nichts mehr. Schr\u00f6der stellte mit einem Dreier auf plus 30 (98:68). Bester Werfer war Johannes Thiemann (32). Der frisch aus Japan zum FC Bayern gewechselte Weltmeister machte 20 Punkte. Anf\u00fchrer Schr\u00f6der legte mit 17 Z\u00e4hlern und 10 Assists ein Double-Double auf. Und schrieb noch eine halbe Stunde nach Ende Autogramme.<\/p>\n<p data-21134c99=\"0-3844\">Im ersten Spiel des Abends schlug Kroatien \u00fcberraschend Vize-Europameister T\u00fcrkei mit 95:94 (39:48). NBA-Star Mario Hezonja (31\/Cleveland Cavaliers) machte vier Sekunden vor Schluss per Dreier den Sieg klar. In der WM-Qualifikation hatte Deutschland in der Gruppenphase zuletzt zweimal gegen die Kroaten gespielt. Bilanz: ein Sieg und eine Niederlage. Mumbru stellt darum vor dem Endspiel klar: \u201eIch will Verbesserung sehen.\u201c<\/p>\n<p data-21134c99=\"0-3844\">Zuvor spielen die T\u00fcrkei und Tschechien um Platz\u00a03 (17.45\u00a0Uhr). Kommende Woche stehen f\u00fcr die DBB-Auswahl dann die WM-Qualifikationsspiele gegen die Niederlande in K\u00f6ln (27. August) sowie in Danzig gegen Polen (30. August) an.<\/p>\n","protected":false},"excerpt":{"rendered":"TTS-Player \u00fcberspringen\u21b5Artikel weiterlesen Die deutschen Basketballer sind Welt- und Europameister. Dieses Jahr steigt zum ersten Mal seit 2020&hellip;\n","protected":false},"author":2,"featured_media":1252059,"comment_status":"","ping_status":"","sticky":false,"template":"","format":"standard","meta":{"footnotes":"","_share_on_mastodon":"0"},"categories":[1826],"tags":[2493,140346,2472,54435,9954,29,30,692,11254,37715,542],"class_list":["post-1252058","post","type-post","status-publish","format-standard","has-post-thumbnail","category-hamburg","tag-basketball","tag-basketball-wm","tag-bbl","tag-brose-baskets-bamberg","tag-dbb","tag-deutschland","tag-germany","tag-hamburg","tag-schmitt-ralf","tag-schroeder-dennis","tag-sport-leuchtturm-hamburg"],"share_on_mastodon":{"url":"https:\/\/pubeurope.com\/@de\/117135675430472144","error":""},"_links":{"self":[{"href":"https:\/\/www.europesays.com\/de\/wp-json\/wp\/v2\/posts\/1252058","targetHints":{"allow":["GET"]}}],"collection":[{"href":"https:\/\/www.europesays.com\/de\/wp-json\/wp\/v2\/posts"}],"about":[{"href":"https:\/\/www.europesays.com\/de\/wp-json\/wp\/v2\/types\/post"}],"author":[{"embeddable":true,"href":"https:\/\/www.europesays.com\/de\/wp-json\/wp\/v2\/users\/2"}],"replies":[{"embeddable":true,"href":"https:\/\/www.europesays.com\/de\/wp-json\/wp\/v2\/comments?post=1252058"}],"version-history":[{"count":0,"href":"https:\/\/www.europesays.com\/de\/wp-json\/wp\/v2\/posts\/1252058\/revisions"}],"wp:featuredmedia":[{"embeddable":true,"href":"https:\/\/www.europesays.com\/de\/wp-json\/wp\/v2\/media\/1252059"}],"wp:attachment":[{"href":"https:\/\/www.europesays.com\/de\/wp-json\/wp\/v2\/media?parent=1252058"}],"wp:term":[{"taxonomy":"category","embeddable":true,"href":"https:\/\/www.europesays.com\/de\/wp-json\/wp\/v2\/categories?post=1252058"},{"taxonomy":"post_tag","embeddable":true,"href":"https:\/\/www.europesays.com\/de\/wp-json\/wp\/v2\/tags?post=1252058"}],"curies":[{"name":"wp","href":"https:\/\/api.w.org\/{rel}","templated":true}]}}