{"id":1252064,"date":"2026-08-21T21:43:17","date_gmt":"2026-08-21T21:43:17","guid":{"rendered":"https:\/\/www.europesays.com\/de\/1252064\/"},"modified":"2026-08-21T21:43:17","modified_gmt":"2026-08-21T21:43:17","slug":"berlin-vermisster-psychatrie-ausbrecher-zurueck-in-klinik-regional","status":"publish","type":"post","link":"https:\/\/www.europesays.com\/de\/1252064\/","title":{"rendered":"Berlin: Vermisster Psychatrie-Ausbrecher zur\u00fcck in Klinik | Regional"},"content":{"rendered":"<p><a class=\"skip-content skip-content--link\" href=\"#in-content-skip-link-target-v-0-0\">TTS-Player \u00fcberspringen\u21b5<\/a><a id=\"in-content-skip-link-target-v-0-0\" class=\"skip-content--target-link-hidden skip-content skip-content--target-link\" href=\"#in-content-skip-link-target-v-0-0\">Artikel weiterlesen<\/a><\/p>\n<p>Berlin \u2013 <b>Er galt als gef\u00e4hrlich und war stundenlang verschwunden! Ein 20-J\u00e4hriger verlie\u00df am Freitagvormittag die psychiatrische Station eines Krankenhauses in Berlin-Kreuzberg und l\u00f6ste damit einen Gro\u00dfeinsatz aus. Die Polizei warnte die Bev\u00f6lkerung: Von ihm k\u00f6nnte eine erhebliche Gefahr ausgehen. Erst am Abend konnte Entwarnung gegeben werden. <\/b><\/p>\n<p>Der Gesuchte wurde seit 10.45 Uhr vermisst. Laut <a href=\"https:\/\/www.bild.de\/regional\/aktuelles\/polizei\/polizeieinsatz-alle-infos-76681760.bild.html\" class=\"text-link\" rel=\"nofollow noopener\" target=\"_blank\">Polizei<\/a> soll der Mann Gewaltfantasien ge\u00e4u\u00dfert haben. Demnach habe er unter anderem davon gesprochen, einen Menschen mit Benzin zu \u00fcbergie\u00dfen und anzuz\u00fcnden. Die Beamten stufen ihn deshalb als <a href=\"https:\/\/www.bild.de\/themen\/specials\/sicherheit\/news-fotos-videos-17025364.bild.html\" class=\"text-link\" rel=\"nofollow noopener\" target=\"_blank\">stark fremdgef\u00e4hrdend<\/a>.<\/p>\n<p>Polizei bringt Mann zur\u00fcck in Klinik<\/p>\n<p>Die Berliner Polizei appellierte w\u00e4hrend der Fahndung an die Bev\u00f6lkerung, dem Mann keinesfalls zu nahe zu kommen oder ihn anzusprechen. Wer ihn sehe, solle sofort den Notruf w\u00e4hlen. Am Abend ging schlie\u00dflich der entscheidende Hinweis ein: Der Gesuchte soll sich am Helsingsforser Platz aufgehalten haben. Der Ort liegt rund dreieinhalb Kilometer vom Krankenhaus entfernt.<\/p>\n<p>Die Einsatzkr\u00e4fte r\u00fcckten umgehend aus. \u201eAm Ort konnten die Einsatzkr\u00e4fte den Vermissten schnell identifizieren und in Gewahrsam nehmen. Anschlie\u00dfend brachten sie ihn zur\u00fcck ins Krankenhaus, wo er seitdem wieder in Obhut ist\u201c, teilte die Berliner Polizei mit.<\/p>\n<p>Damit endete die stundenlange Suche ohne weitere Zwischenf\u00e4lle. Der 20-J\u00e4hrige befindet sich inzwischen wieder in \u00e4rztlicher Betreuung. Das zur \u00d6ffentlichkeitsfahndung verwendete Foto wurde unkenntlich gemacht.<\/p>\n","protected":false},"excerpt":{"rendered":"TTS-Player \u00fcberspringen\u21b5Artikel weiterlesen Berlin \u2013 Er galt als gef\u00e4hrlich und war stundenlang verschwunden! Ein 20-J\u00e4hriger verlie\u00df am Freitagvormittag&hellip;\n","protected":false},"author":2,"featured_media":1252065,"comment_status":"","ping_status":"","sticky":false,"template":"","format":"standard","meta":{"footnotes":"","_share_on_mastodon":"0"},"categories":[1825],"tags":[296,29,122,123,30,121,138370,120,119],"class_list":["post-1252064","post","type-post","status-publish","format-standard","has-post-thumbnail","category-berlin","tag-berlin","tag-deutschland","tag-fahndungen","tag-fahndungsfoto","tag-germany","tag-polizei","tag-team-first","tag-vermisst","tag-vermisste-personen"],"share_on_mastodon":{"url":"https:\/\/pubeurope.com\/@de\/117135684942864554","error":""},"_links":{"self":[{"href":"https:\/\/www.europesays.com\/de\/wp-json\/wp\/v2\/posts\/1252064","targetHints":{"allow":["GET"]}}],"collection":[{"href":"https:\/\/www.europesays.com\/de\/wp-json\/wp\/v2\/posts"}],"about":[{"href":"https:\/\/www.europesays.com\/de\/wp-json\/wp\/v2\/types\/post"}],"author":[{"embeddable":true,"href":"https:\/\/www.europesays.com\/de\/wp-json\/wp\/v2\/users\/2"}],"replies":[{"embeddable":true,"href":"https:\/\/www.europesays.com\/de\/wp-json\/wp\/v2\/comments?post=1252064"}],"version-history":[{"count":0,"href":"https:\/\/www.europesays.com\/de\/wp-json\/wp\/v2\/posts\/1252064\/revisions"}],"wp:featuredmedia":[{"embeddable":true,"href":"https:\/\/www.europesays.com\/de\/wp-json\/wp\/v2\/media\/1252065"}],"wp:attachment":[{"href":"https:\/\/www.europesays.com\/de\/wp-json\/wp\/v2\/media?parent=1252064"}],"wp:term":[{"taxonomy":"category","embeddable":true,"href":"https:\/\/www.europesays.com\/de\/wp-json\/wp\/v2\/categories?post=1252064"},{"taxonomy":"post_tag","embeddable":true,"href":"https:\/\/www.europesays.com\/de\/wp-json\/wp\/v2\/tags?post=1252064"}],"curies":[{"name":"wp","href":"https:\/\/api.w.org\/{rel}","templated":true}]}}