{"id":1252268,"date":"2026-08-21T23:46:32","date_gmt":"2026-08-21T23:46:32","guid":{"rendered":"https:\/\/www.europesays.com\/de\/1252268\/"},"modified":"2026-08-21T23:46:32","modified_gmt":"2026-08-21T23:46:32","slug":"dfb-pokal-ausschreitungen-in-mannheim-ueberschatten-pokalabend-sport","status":"publish","type":"post","link":"https:\/\/www.europesays.com\/de\/1252268\/","title":{"rendered":"DFB-Pokal: Ausschreitungen in Mannheim \u00fcberschatten Pokalabend &#8211; Sport"},"content":{"rendered":"<p data-manual=\"paragraph\" data-schema-org-speakable=\"true\" class=\"css-1eosz7k\">Der <a href=\"https:\/\/www.sueddeutsche.de\/thema\/VfB_Stuttgart\" rel=\"nofollow noopener\" target=\"_blank\">VfB Stuttgart<\/a> hat mit einem 4:0-Sieg beim Drittligisten Hansa Rostock die erste H\u00fcrde im <a href=\"https:\/\/www.sueddeutsche.de\/thema\/DFB-Pokal\" rel=\"nofollow noopener\" target=\"_blank\">DFB-Pokal<\/a> genommen. Auch <a href=\"https:\/\/www.sueddeutsche.de\/thema\/Eintracht_Frankfurt\" rel=\"nofollow noopener\" target=\"_blank\">Eintracht Frankfurt<\/a> zog mit dem h\u00f6chsten Sieg der Vereinsgeschichte im DFB-Pokal in die zweite Runde ein. \u00dcberschattet wurde der erste Pokalabend am Freitag jedoch von chaotischen Szenen beim S\u00fcdwest-Derby zwischen <a href=\"https:\/\/www.sueddeutsche.de\/thema\/Waldhof_Mannheim\" rel=\"nofollow noopener\" target=\"_blank\">Waldhof Mannheim<\/a> und dem <a href=\"https:\/\/www.sueddeutsche.de\/thema\/1._FC_Kaiserslautern\" rel=\"nofollow noopener\" target=\"_blank\">1. FC Kaiserslautern<\/a>. Die hochemotionale und von Ausschreitungen gepr\u00e4gte Partie stand kurz vor dem Spielabbruch.<\/p>\n<p data-manual=\"paragraph\" data-schema-org-speakable=\"true\" class=\"css-1eosz7k\">Der Zweitligist 1. FC Kaiserslautern gewann die Begegnung beim Drittligisten Waldhof Mannheim letztlich dank eines sp\u00e4ten Treffers in der Verl\u00e4ngerung mit 1:0 (0:0). Nach der regul\u00e4ren Spielzeit mussten Einsatzkr\u00e4fte der Polizei und berittene Polizisten eingreifen, um die Situation wieder unter Kontrolle zu bringen. Erst waren die Spieler beider Mannschaften aneinandergeraten, dann schossen Zuschauer Raketen auf das Spielfeld und die Haupttrib\u00fcne. Einige Mannheim-Anh\u00e4nger st\u00fcrmten auf den Platz. Die Polizei beruhigte das Geschehen. Nach etwa 30-min\u00fctiger Unterbrechung pfiff Schiedsrichter Robert Schr\u00f6der zur Verl\u00e4ngerung an.<\/p>\n<p><a href=\"https:\/\/www.sueddeutsche.de\/sport\/fussball-bvb-dortmund-transfers-lars-ricken-supercup-fc-bayern-li.3534731\" aria-label=\"Artikelverlinkung:\" data-track-szde=\"{&quot;event&quot;:&quot;teaser_clicked&quot;,&quot;teaser_clicked&quot;:{&quot;article_title&quot;:&quot;das_schwarz_gelbe_herz_huepft&quot;,&quot;doctype&quot;:&quot;&quot;,&quot;label&quot;:&quot;szplus&quot;,&quot;main_topic&quot;:&quot;fussball&quot;,&quot;object_id&quot;:&quot;li.3534731&quot;,&quot;pcat&quot;:&quot;paid&quot;,&quot;section&quot;:&quot;sport&quot;,&quot;teaser_type&quot;:&quot;article_teaser_top&quot;}}\" data-manual=\"teaser-url\" data-tb-link=\"\" aria-labelledby=\"teaser-httpswwwsueddeutschedesportfussball-bvb-dortmund-transfers-lars-ricken-supercup-fc-bayern-li3534731\" class=\"css-14tg8sh\" rel=\"nofollow noopener\" target=\"_blank\"><img decoding=\"async\" src=\"https:\/\/www.europesays.com\/de\/wp-content\/uploads\/2026\/08\/babc3490-27e9-490b-9e4c-bbc3af9c86b9.jpg\"   alt=\"\" loading=\"lazy\" class=\"css-8atqhb\"\/><\/p>\n<p>Borussia Dortmund<\/p>\n<p>:Das schwarz-gelbe Herz h\u00fcpft<\/p>\n<p class=\"css-a6ecqs\" data-manual=\"teaser-text\" data-tb-description=\"\" data-schema-org-speakable=\"true\">Zwei griechische Gro\u00dftalente und ein niederl\u00e4ndischer Verbindungsmann: Die j\u00fcngsten Transfers zeigen bei Borussia Dortmund die Richtung an und lassen den Klub gro\u00dfe Ziele ins Auge fassen. Nicht nur f\u00fcr den Supercup.<\/p>\n<p>SZ PlusVon Freddie R\u00f6ckenhaus<\/p>\n<p data-manual=\"paragraph\" data-schema-org-speakable=\"true\" class=\"css-1eosz7k\">Mannheims Sportdirektor Mathias Schober \u00e4u\u00dfert sich am Mikrofon des Senders Sky zu den Tumulten: Ein Platzsturm \u201egeh\u00f6rt auf keinen Fall ins Stadion\u201c, sagte er. FCK-Sportgesch\u00e4ftsf\u00fchrer Thomas Hengen betonte: \u201eDas war ein Derby, das muss auf dem Platz bleiben. Was dann auf den R\u00e4ngen abgegangen ist, war dr\u00fcber.\u201c Hengen f\u00fcgte an: \u201eDas schadet uns, das schadet allen, das schadet dem <a href=\"https:\/\/www.sueddeutsche.de\/thema\/Fu%C3%9Fball\" rel=\"nofollow noopener\" target=\"_blank\">Fu\u00dfball<\/a>.\u201c<\/p>\n<p data-manual=\"paragraph\" data-schema-org-speakable=\"true\" class=\"css-1eosz7k\">In der Verl\u00e4ngerung traf Ibrahim Kanate (120.) vor 23 513 Zuschauern zum Sieg f\u00fcr den FCK, der zum vierten Mal in Folge die erste Runde \u00fcberstand. Die Mannheimer kassierten nach einem guten Saisonstart mit vier Z\u00e4hlern in der 3. Liga die erste Pflichtspielniederlage der Spielzeit.<\/p>\n<p>Drei Tore von Dzenan Pejcinovic f\u00fcr Stuttgart<\/p>\n<p data-manual=\"paragraph\" data-schema-org-speakable=\"true\" class=\"css-1eosz7k\">Der VfB Stuttgart profitierte in Rostock von seinem 25-Millionen-Euro-Transfer Dzenan Pejcinovic, der den\u00a0Klub fast im Alleingang eine Runde weiter brachte. Der Neueinkauf vom VfL Wolfsburg erzielte bei seinem Pflichtspieldeb\u00fct f\u00fcr den VfB gleich drei Tore zum 4:0 (2:0)-Erfolg beim Drittligisten FC Hansa Rostock. Vor 27 453 Zuschauern im Ostseestadion traf der 21 Jahre alte Pejcinovic in der 18., 37. sowie 82. Minute und belohnte damit einen sehr dominanten und spielfreudigen Auftritt des Fu\u00dfball-Bundesligisten. Tiago Tomas (74.) schoss in der zweiten Halbzeit das 3:0.<\/p>\n<p data-manual=\"paragraph\" data-schema-org-speakable=\"true\" class=\"css-1eosz7k\">Der DFB-Pokal ist mittlerweile so etwas wie ein Lieblingswettbewerb der Stuttgarter: 2025 gewann das Team von Sebastian Hoene\u00df den Cup, 2026 stand es im Finale. Von den vergangenen 22 Pokalspielen hat der VfB nur drei verloren.<\/p>\n<p>Frankfurt l\u00e4sst dem F\u00fcnftligisten SC St. T\u00f6nis beim 11:0 keine Chance<\/p>\n<p data-manual=\"paragraph\" data-schema-org-speakable=\"true\" class=\"css-1eosz7k\">Eintracht Frankfurt feierte zum Saisonauftakt gleich ein Sch\u00fctzenfest. Der favorisierte Bundesligist lie\u00df dem F\u00fcnftligisten und Pokal-Deb\u00fctanten SC St. T\u00f6nis beim 11:0 (10:0) nicht den Hauch einer Chance und stellte beim h\u00f6chsten Pokalsieg der Vereinsgeschichte eine Bestmarke auf: Vor 10 893 Zuschauern in der ausverkauften Krefelder Grotenburg trafen im ersten Pflichtspiel unter Trainer Adi H\u00fctter, der zur Eintracht zur\u00fcckgekehrt ist, Jonathan Burkardt (4.\/29.\/41. Minute) mit einem Hattrick, Robin Koch (10.), Ayoube Amaimouni (17.), Can Uzun (34.\/36.), Elias Baum (44.), Younes Ebnoutalib (45.+1) und Mario G\u00f6tze (45.+5) und Fares Chaibi (87.).<\/p>\n<p data-manual=\"paragraph\" data-schema-org-speakable=\"true\" class=\"css-1eosz7k\">F\u00fcr Stimmung sorgten schon vor Anpfiff die etwa 6000 mitgereisten Eintracht-Fans. Die Heimfans des Vereins aus der 30 000 Einwohner Stadt T\u00f6nisvorst z\u00fcndeten auf der Gegenseite eine bunte Konfettikanone.\u00a0Trotz eines durchaus mutigen Beginns der Amateure nahmen die Hessen dem Oberligisten mit zwei fr\u00fchen Kopfball-Toren nach Ecken durch Burkardt und Kapit\u00e4n Koch schnell die Hoffnung auf eine \u00dcberraschung.<\/p>\n<p data-manual=\"paragraph\" data-schema-org-speakable=\"true\" class=\"css-1eosz7k\">Der Karlsruher SC zog beim SC Preu\u00dfen M\u00fcnster nach einem R\u00fcckstand noch in die zweite Runde ein. Die Zweitliga-Mannschaft von Trainer Maximilian Senft besiegte den Drittligisten mit 2:1 (0:1). Im ausverkauften Preu\u00dfenstadion drehten Marvin Wanitzek (69. Minute) und Sebastian Jung (81.) die Partie mit ihren Toren f\u00fcr den KSC. Montell Ndikom (35.) hatte M\u00fcnster zun\u00e4chst in F\u00fchrung geschossen.<\/p>\n","protected":false},"excerpt":{"rendered":"Der VfB Stuttgart hat mit einem 4:0-Sieg beim Drittligisten Hansa Rostock die erste H\u00fcrde im DFB-Pokal genommen. Auch&hellip;\n","protected":false},"author":2,"featured_media":1252269,"comment_status":"","ping_status":"","sticky":false,"template":"","format":"standard","meta":{"footnotes":"","_share_on_mastodon":"0"},"categories":[1845],"tags":[7974,1634,3364,29,1264,460,548,663,3934,347,30,13,148,2096,14,15,12,265,149,2915,17594],"class_list":["post-1252268","post","type-post","status-publish","format-standard","has-post-thumbnail","category-mannheim","tag-1-fc-kaiserslautern","tag-baden-wuerttemberg","tag-de","tag-deutschland","tag-dfb-pokal","tag-eintracht-frankfurt","tag-eu","tag-europa","tag-europe","tag-fussball","tag-germany","tag-headlines","tag-leserdiskussion","tag-mannheim","tag-nachrichten","tag-news","tag-schlagzeilen","tag-sport","tag-sueddeutsche-zeitung","tag-vfb-stuttgart","tag-waldhof-mannheim"],"share_on_mastodon":{"url":"https:\/\/pubeurope.com\/@de\/117136170244602622","error":""},"_links":{"self":[{"href":"https:\/\/www.europesays.com\/de\/wp-json\/wp\/v2\/posts\/1252268","targetHints":{"allow":["GET"]}}],"collection":[{"href":"https:\/\/www.europesays.com\/de\/wp-json\/wp\/v2\/posts"}],"about":[{"href":"https:\/\/www.europesays.com\/de\/wp-json\/wp\/v2\/types\/post"}],"author":[{"embeddable":true,"href":"https:\/\/www.europesays.com\/de\/wp-json\/wp\/v2\/users\/2"}],"replies":[{"embeddable":true,"href":"https:\/\/www.europesays.com\/de\/wp-json\/wp\/v2\/comments?post=1252268"}],"version-history":[{"count":0,"href":"https:\/\/www.europesays.com\/de\/wp-json\/wp\/v2\/posts\/1252268\/revisions"}],"wp:featuredmedia":[{"embeddable":true,"href":"https:\/\/www.europesays.com\/de\/wp-json\/wp\/v2\/media\/1252269"}],"wp:attachment":[{"href":"https:\/\/www.europesays.com\/de\/wp-json\/wp\/v2\/media?parent=1252268"}],"wp:term":[{"taxonomy":"category","embeddable":true,"href":"https:\/\/www.europesays.com\/de\/wp-json\/wp\/v2\/categories?post=1252268"},{"taxonomy":"post_tag","embeddable":true,"href":"https:\/\/www.europesays.com\/de\/wp-json\/wp\/v2\/tags?post=1252268"}],"curies":[{"name":"wp","href":"https:\/\/api.w.org\/{rel}","templated":true}]}}