{"id":1252274,"date":"2026-08-21T23:51:41","date_gmt":"2026-08-21T23:51:41","guid":{"rendered":"https:\/\/www.europesays.com\/de\/1252274\/"},"modified":"2026-08-21T23:51:41","modified_gmt":"2026-08-21T23:51:41","slug":"ndikoms-fuehrung-reicht-nicht-preussen-muenster-unterliegt-ksc-12","status":"publish","type":"post","link":"https:\/\/www.europesays.com\/de\/1252274\/","title":{"rendered":"Ndikoms F\u00fchrung reicht nicht: Preu\u00dfen M\u00fcnster unterliegt KSC 1:2"},"content":{"rendered":"<p>Eine \u00dcberraschung lag in der Luft, dann aber steigerte sich der KSC und beendete die Pokaltr\u00e4ume des SC Preu\u00dfen M\u00fcnster.<\/p>\n<p>M\u00fcnster (nd) &#8211; Gef\u00fchrt, gek\u00e4mpft, gelitten \u2013 am Ende geschlagen. Eine gute Stunde durfte Preu\u00dfen M\u00fcnster am Freitagabend in der ersten Runde des DFB-Pokals auf eine \u00dcberraschung gegen den Karlsruher SC hoffen. Dann drehte der favorisierte Zweitligist das Spiel an der Hammer Stra\u00dfe und beendete\u2026<\/p>\n<p>            <img decoding=\"async\" src=\"https:\/\/www.die-glocke.de\/typo3conf\/ext\/bo_dieglocke_template\/Resources\/Public\/Images\/logo\/glocke_plus_icon.svg\" class=\"pwTopImage\" alt=\"Glocke Plus\"\/><\/p>\n<p>                Jetzt weiterlesen mit G+<\/p>\n<p class=\"card-text equal-height text-center\" data-equalheightgroup=\"1\">\n                0,99 \u20ac im 1. Monat \u2013 monatlich k\u00fcndbar\n            <\/p>\n<tr>\n<tr>\n<td class=\"w-25px p-1\">\n<\/td>\n<td class=\"p-1\">\n<p>                                            aktuelle Nachrichten rund um die Uhr<\/p>\n<\/td>\n<\/tr>\n<tr>\n<td class=\"w-25px p-1\">\n<\/td>\n<td class=\"p-1\">\n<p>                                            nur 79 \u20ac (ab dem 13. Monat 7,90 \u20ac monatlich)<\/p>\n<\/td>\n<\/tr>\n<tr>\n<td class=\"w-25px p-1\">\n<\/td>\n<td class=\"p-1\">\n<p>                                            nach 12 Monaten Mindestlaufzeit monatlich k\u00fcndbar<\/p>\n<\/td>\n<\/tr>\n<tr>\n<td class=\"w-25px p-1\">\n<\/td>\n<td class=\"p-1\">\n<p>                                            sparen Sie 15,80 \u20ac gegen\u00fcber dem Monatsabo<\/p>\n<\/td>\n<\/tr>\n<\/tr>\n<p>\n                        79 \u20ac f\u00fcr 12 Monate\n                    <\/p>\n<p>                    <a data-upscore-conversion=\"1\" rel=\"nofollow noopener\" class=\"btn link-primary border rounded border-2 border-primary d-block w-100 mb-4\" href=\"https:\/\/shop.die-glocke.de\/bestellen\/g-jahresabo-bc91?type=paypal&amp;upscore_object_id=7d96eb60-8748-41af-bd36-2abc790a9047-Portal&amp;upscore_offer_id=&amp;upscore_click_id=&amp;upscore_object_url=https%3A%2F%2Fwww.die-glocke.de%2Flokalsport%2Fkreis-warendorf%2Fartikel%2Fndikoms-fuehrung-reicht-nicht-preussen-muenster-unterliegt-ksc-12-1787337304&amp;target=https%3A%2F%2Fwww.die-glocke.de%2Flokalsport%2Fkreis-warendorf%2Fartikel%2Fndikoms-fuehrung-reicht-nicht-preussen-muenster-unterliegt-ksc-12-1787337304\" target=\"_blank\"><br \/>\n                        <strong>Jahresabo bestellen mit <\/strong><br \/>\n                        <img loading=\"lazy\" decoding=\"async\" class=\"me-2 icon-paypal\" src=\"https:\/\/www.die-glocke.de\/fileadmin\/images\/demo\/paypal.svg\" width=\"65\" height=\"15\" alt=\"Paypal\"\/><br \/>\n                    <\/a><\/p>\n<p>                    <a data-upscore-conversion=\"1\" class=\"paywall_order_btn-668975\" href=\"https:\/\/shop.die-glocke.de\/gplus-jahresabo?upscore_object_id=7d96eb60-8748-41af-bd36-2abc790a9047-Portal&amp;upscore_offer_id=&amp;upscore_click_id=&amp;upscore_object_url=https%3A%2F%2Fwww.die-glocke.de%2Flokalsport%2Fkreis-warendorf%2Fartikel%2Fndikoms-fuehrung-reicht-nicht-preussen-muenster-unterliegt-ksc-12-1787337304&amp;target=https%3A%2F%2Fwww.die-glocke.de%2Flokalsport%2Fkreis-warendorf%2Fartikel%2Fndikoms-fuehrung-reicht-nicht-preussen-muenster-unterliegt-ksc-12-1787337304\" rel=\"nofollow noopener\" target=\"_blank\"><br \/>\n                        Jahresabo bestellen<br \/>\n                    <\/a><\/p>\n<p>Texte und Fotos von die-glocke.de sind urheberrechtlich gesch\u00fctzt.<br \/>\n            Weiterverwendung nur mit Genehmigung der Chefredaktion.<\/p>\n","protected":false},"excerpt":{"rendered":"Eine \u00dcberraschung lag in der Luft, dann aber steigerte sich der KSC und beendete die Pokaltr\u00e4ume des SC&hellip;\n","protected":false},"author":2,"featured_media":1252275,"comment_status":"","ping_status":"","sticky":false,"template":"","format":"standard","meta":{"footnotes":"","_share_on_mastodon":"0"},"categories":[1843],"tags":[3364,29,1264,347,30,3850,29602,259173,8970,1209,173653],"class_list":["post-1252274","post","type-post","status-publish","format-standard","has-post-thumbnail","category-muenster","tag-de","tag-deutschland","tag-dfb-pokal","tag-fussball","tag-germany","tag-karlsruher-sc","tag-marvin-wanitzek","tag-montell-ndikom","tag-muenster","tag-nordrhein-westfalen","tag-sebastian-jung"],"share_on_mastodon":{"url":"https:\/\/pubeurope.com\/@de\/117136191250584822","error":""},"_links":{"self":[{"href":"https:\/\/www.europesays.com\/de\/wp-json\/wp\/v2\/posts\/1252274","targetHints":{"allow":["GET"]}}],"collection":[{"href":"https:\/\/www.europesays.com\/de\/wp-json\/wp\/v2\/posts"}],"about":[{"href":"https:\/\/www.europesays.com\/de\/wp-json\/wp\/v2\/types\/post"}],"author":[{"embeddable":true,"href":"https:\/\/www.europesays.com\/de\/wp-json\/wp\/v2\/users\/2"}],"replies":[{"embeddable":true,"href":"https:\/\/www.europesays.com\/de\/wp-json\/wp\/v2\/comments?post=1252274"}],"version-history":[{"count":0,"href":"https:\/\/www.europesays.com\/de\/wp-json\/wp\/v2\/posts\/1252274\/revisions"}],"wp:featuredmedia":[{"embeddable":true,"href":"https:\/\/www.europesays.com\/de\/wp-json\/wp\/v2\/media\/1252275"}],"wp:attachment":[{"href":"https:\/\/www.europesays.com\/de\/wp-json\/wp\/v2\/media?parent=1252274"}],"wp:term":[{"taxonomy":"category","embeddable":true,"href":"https:\/\/www.europesays.com\/de\/wp-json\/wp\/v2\/categories?post=1252274"},{"taxonomy":"post_tag","embeddable":true,"href":"https:\/\/www.europesays.com\/de\/wp-json\/wp\/v2\/tags?post=1252274"}],"curies":[{"name":"wp","href":"https:\/\/api.w.org\/{rel}","templated":true}]}}