{"id":1252278,"date":"2026-08-21T23:53:19","date_gmt":"2026-08-21T23:53:19","guid":{"rendered":"https:\/\/www.europesays.com\/de\/1252278\/"},"modified":"2026-08-21T23:53:19","modified_gmt":"2026-08-21T23:53:19","slug":"hamburg-deutsche-basketballer-im-supercup-finale","status":"publish","type":"post","link":"https:\/\/www.europesays.com\/de\/1252278\/","title":{"rendered":"Hamburg | Deutsche Basketballer im Supercup-Finale"},"content":{"rendered":"<p>Hamburg (dpa) &#8211; Deutschlands Basketballer haben beim Supercup in Hamburg souver\u00e4n das Finale erreicht. Angef\u00fchrt von Welt- und Europameister Dennis Schr\u00f6der gewann die Auswahl des Deutschen Basketball Bundes ihr Halbfinale gegen Tschechien dank einer klaren Leistungssteigerung nach der Pause mit 115:82 (50:49). Bester deutscher Werfer war Johannes Thiemann mit 20 Punkten. Insgesamt trafen f\u00fcnf Spieler aus dem Team von Bundestrainer Alex Mumbr\u00fa zweistellig.<\/p>\n<p>Im Endspiel an diesem Samstag trifft die deutsche Mannschaft um 20.30 Uhr (MagentaSport) auf Kroatien. Die Kroaten setzten sich im ersten Halbfinale knapp mit 95:94 (39:48) gegen Vize-Europameister T\u00fcrkei durch.<\/p>\n<p>NBA-Sextett fehlt<\/p>\n<p>Mumbr\u00fa muss in diesem Sommer auf zahlreiche Topspieler verzichten. Franz und Moritz Wagner hatten bereits vor einiger Zeit angek\u00fcndigt, dass sie in diesem Jahr ohne gro\u00dfes Turnier eine Pause einlegen. Die NBA-Youngster Hannes Steinbach und Christian Anderson konzentrieren sich ebenfalls auf ihre erste Saison in der besten Liga der Welt. Und auch die NBA-Profis Isaiah Hartenstein und Ariel Hukporti fehlen wegen Verletzungen, weilten in Hamburg aber beim Team.<\/p>\n<p>Trotz der Ausf\u00e4lle hat Mumbr\u00fa aber immer noch eine Mannschaft mit ganz viel Qualit\u00e4t zur Verf\u00fcgung, was die beeindruckende Entwicklung des deutschen Basketballs ein weiteres Mal unterstreicht. Dirigiert von Kapit\u00e4n Schr\u00f6der lieferte das deutsche Team den 8.739 Zuschauern in der Barclays Arena eine gute Show.<\/p>\n<p>Schw\u00e4chen in der Defensive<\/p>\n<p>Schon mit der ersten Aktion sorgten die Gastgeber f\u00fcr Begeisterung. Nach einem Schr\u00f6der-Pass \u00fcber das komplette Feld sorgte dessen Kumpel Daniel Theis nach wenigen Sekunden f\u00fcr die ersten Punkte. Danach lief zwar bei weitem nicht alles rund im deutschen Team, Schr\u00f6der und Co. hatten die Partie aber jederzeit im Griff. Weil in der Defensive aber oft die n\u00f6tige Intensit\u00e4t fehlte, lag Deutschland zur Pause nur knapp vorn (50:49).<\/p>\n<p>Nach dem Seitenwechsel zog das deutsche Team das Tempo aber an und spielte deutlich aggressiver. Das dritte Viertel entschied Deutschland mit 36:17 f\u00fcr sich und sorgte damit fr\u00fchzeitig f\u00fcr klare Verh\u00e4ltnisse. Mitte des vierten Viertels machte Oscar da Silva die 100 Punkte voll.<\/p>\n<p>Nach dem Supercup geht es f\u00fcr die deutsche Mannschaft in der WM-Qualifikation weiter. Am Donnerstag sind in K\u00f6ln die Niederlande der Gegner, drei Tage sp\u00e4ter geht es in Danzig gegen Polen.<\/p>\n","protected":false},"excerpt":{"rendered":"Hamburg (dpa) &#8211; Deutschlands Basketballer haben beim Supercup in Hamburg souver\u00e4n das Finale erreicht. Angef\u00fchrt von Welt- und&hellip;\n","protected":false},"author":2,"featured_media":1252279,"comment_status":"","ping_status":"","sticky":false,"template":"","format":"standard","meta":{"footnotes":"","_share_on_mastodon":"0"},"categories":[1841],"tags":[2493,1605,3364,29,30,692,10702,1209,52260,12475],"class_list":["post-1252278","post","type-post","status-publish","format-standard","has-post-thumbnail","category-bielefeld","tag-basketball","tag-bielefeld","tag-de","tag-deutschland","tag-germany","tag-hamburg","tag-nationalmannschaft","tag-nordrhein-westfalen","tag-supercup","tag-tschechien"],"share_on_mastodon":{"url":"https:\/\/pubeurope.com\/@de\/117136196095001772","error":""},"_links":{"self":[{"href":"https:\/\/www.europesays.com\/de\/wp-json\/wp\/v2\/posts\/1252278","targetHints":{"allow":["GET"]}}],"collection":[{"href":"https:\/\/www.europesays.com\/de\/wp-json\/wp\/v2\/posts"}],"about":[{"href":"https:\/\/www.europesays.com\/de\/wp-json\/wp\/v2\/types\/post"}],"author":[{"embeddable":true,"href":"https:\/\/www.europesays.com\/de\/wp-json\/wp\/v2\/users\/2"}],"replies":[{"embeddable":true,"href":"https:\/\/www.europesays.com\/de\/wp-json\/wp\/v2\/comments?post=1252278"}],"version-history":[{"count":0,"href":"https:\/\/www.europesays.com\/de\/wp-json\/wp\/v2\/posts\/1252278\/revisions"}],"wp:featuredmedia":[{"embeddable":true,"href":"https:\/\/www.europesays.com\/de\/wp-json\/wp\/v2\/media\/1252279"}],"wp:attachment":[{"href":"https:\/\/www.europesays.com\/de\/wp-json\/wp\/v2\/media?parent=1252278"}],"wp:term":[{"taxonomy":"category","embeddable":true,"href":"https:\/\/www.europesays.com\/de\/wp-json\/wp\/v2\/categories?post=1252278"},{"taxonomy":"post_tag","embeddable":true,"href":"https:\/\/www.europesays.com\/de\/wp-json\/wp\/v2\/tags?post=1252278"}],"curies":[{"name":"wp","href":"https:\/\/api.w.org\/{rel}","templated":true}]}}