{"id":1252390,"date":"2026-08-22T01:07:15","date_gmt":"2026-08-22T01:07:15","guid":{"rendered":"https:\/\/www.europesays.com\/de\/1252390\/"},"modified":"2026-08-22T01:07:15","modified_gmt":"2026-08-22T01:07:15","slug":"iphone-18-pro-max-apple-sperrt-variable-blende-exklusiv-ein","status":"publish","type":"post","link":"https:\/\/www.europesays.com\/de\/1252390\/","title":{"rendered":"iPhone 18 Pro Max: Apple sperrt variable Blende exklusiv ein"},"content":{"rendered":"<p>In der kommenden Smartphone-Generation von Apple deutet sich eine st\u00e4rkere technische Differenzierung zwischen den verschiedenen Modellen der Pro-Serie an.<\/p>\n<p>J\u00fcngsten Berichten vom August 2026 zufolge soll lediglich das Spitzenmodell, das iPhone 18 Pro Max, eine Hauptkamera mit variabler Blende erhalten. Damit w\u00fcrde Apple die bisherige Bauweise der Generationen iPhone 14 Pro bis iPhone 17 Pro beenden, die allesamt \u00fcber eine feste Blende von \u0192\/1.78 verf\u00fcgten.<\/p>\n<p>Platzmangel verhindert Upgrade beim kleineren Pro-Modell<\/p>\n<p>Branchenexperten wie der Leaker Ice Universe weisen darauf hin, dass die variable Blende exklusiv im iPhone 18 Pro Max verbaut werde. Grund f\u00fcr diese Entscheidung sei vor allem der begrenzte Bauraum im kleineren Pro-Modell, der die Integration der komplexen Mechanik erschwere.<\/p>\n<p>Die neue Kameratechnologie basiert laut Informationen aus der Lieferkette auf dem Sony IMX905-Sensor. Dieser werde im Zusammenhang mit Tata Electronics produziert, wie bereits im Juni 2026 bekannt wurde. W\u00e4hrend die Hauptkamera dieses signifikante Upgrade erfahre, blieben die restlichen Sensoren f\u00fcr Teleobjektiv, Ultraweitwinkel, LiDAR und die Frontkamera unver\u00e4ndert.<\/p>\n<p>Anzeige<\/p>\n<p>Wer sich mit der neuesten Kameratechnik befasst, verliert bei Begriffen wie LiDAR oder variabler Blende schnell den \u00dcberblick. Dieses kostenlose Lexikon erkl\u00e4rt die 53 wichtigsten iPhone-Begriffe in einfachen Worten \u2013 inklusive Aussprachehilfen. <strong><a href=\"https:\/\/www.info.computerwissen-online.com\/apple\/iphone\/lexikon\/?af=KOOP_CW_AG_DNV_YES_IPHONE-LEXIKON_X-AD1of2-EAID-1103107-CWBNC-BCPID_43890\" rel=\"noopener nofollow\" target=\"_blank\">Die 53 wichtigsten iPhone-Begriffe hier kostenlos entdecken<\/a><\/strong><\/p>\n<p>Die Einf\u00fchrung der variablen Blende ist mit erheblichen Mehrkosten verbunden. Analyst Ming-Chi Kuo geht davon aus, dass die entsprechenden Komponenten etwa 50 Prozent teurer in der Herstellung seien als die bisherigen L\u00f6sungen mit fester Blende. Als wesentlicher Zulieferer gilt das Unternehmen Sunny, das sch\u00e4tzungsweise 40 bis 50 Prozent der ben\u00f6tigten Komponenten bereitstellt.<\/p>\n<p>Leistungssteigerung durch A20 Pro-Chip und neue Geh\u00e4usema\u00dfeLesen Sie auch:<a href=\"https:\/\/borncity.com\/news\/excel-zu-sas-datums-konvertierung-mit-21-916-tage-offset\/\" class=\"bc-inline-link\" rel=\"nofollow noopener\" target=\"_blank\">Excel zu SAS: Datums-Konvertierung mit 21.916-Tage-Offset<\/a><\/p>\n<p>Zus\u00e4tzlich zur Kamera unterscheiden sich die Modelle bei den optischen Zoom-F\u00e4higkeiten. Das iPhone 18 Pro Max soll exklusiv \u00fcber einen 6-fachen optischen Zoom verf\u00fcgen, der mittels eines 5-fach Prismas realisiert wird. F\u00fcr das regul\u00e4re Pro-Modell wird hingegen ein variabler Bereich zwischen 5-fachem und 6-fachem Zoom erwartet.<\/p>\n<p>Unter der Haube setzen beide Pro-Varianten auf den neuen A20 Pro-Chip. Dieser wird im 2nm-Verfahren (GAA) bei TSMC gefertigt. Technische Auswertungen von Fixed Focus Digital deuten darauf hin, dass dieser Prozessor eine um 18 Prozent h\u00f6here Geschwindigkeit im Vergleich zum A19 Pro erreicht und gleichzeitig eine um 30 Prozent gesteigerte Energieeffizienz bietet.<\/p>\n<p>Trotz der Effizienzsteigerung wachsen die Geh\u00e4useabmessungen des Flaggschiffs. Das iPhone 18 Pro Max soll eine Dicke von 9 Millimetern aufweisen und ein Gewicht von 240 Gramm erreichen. Damit einher geht eine Erh\u00f6hung der Akkukapazit\u00e4t auf 5.567 mAh, w\u00e4hrend das Vorg\u00e4ngermodell noch \u00fcber 5.088 mAh verf\u00fcgte. Beim kleineren iPhone 18 Pro f\u00e4llt der Zuwachs mit 4.288 mAh (plus 1 Prozent) deutlich geringer aus.<\/p>\n<p>Anzeige<\/p>\n<p>Neben neuer Hardware spielt auch die Software eine entscheidende Rolle f\u00fcr die Leistung und Sicherheit Ihres Ger\u00e4ts. Ein Apple-Experte erkl\u00e4rt in diesem Gratis-Ratgeber, wie Sie wichtige Einstellungen nach einem Update \u00fcberpr\u00fcfen und Ihre Daten mit wenigen Klicks sch\u00fctzen. <strong><a href=\"https:\/\/www.info.computerwissen-online.com\/apple\/ios-updates\/?af=KOOP_CW_AG_DNV_YES_IOS-UPDATES_X-AD2of2-EAID-1103107-CWBNC-BCPID_43890\" rel=\"noopener nofollow\" target=\"_blank\">Kostenlosen Ratgeber f\u00fcr sichere iOS-Updates herunterladen<\/a><\/strong><\/p>\n<p>Designanpassungen und Marktstart im September 2026<\/p>\n<p>Optisch plant Apple offenbar eine Vereinheitlichung der R\u00fcckseite, die k\u00fcnftig auf ein zweifarbiges Design verzichtet. Als neue Farbvarianten werden Dark Cherry, Silber und Hellblau gehandelt.<\/p>\n<p>An der Front soll das Dynamic Island um etwa 35 Prozent schrumpfen, da Teile der Face-ID-Hardware unter das Display wandern. In technischer Hinsicht ist zudem die Integration eines C2-Modems vorgesehen, wobei dieses m\u00f6glicherweise ausschlie\u00dflich in Modellen au\u00dferhalb der USA verbaut wird.<\/p>\n<p>Die Preisgestaltung spiegelt den erh\u00f6hten technischen Aufwand wider. Marktbeobachter von TrendForce sch\u00e4tzen eine Preissteigerung von 150 bis 200 US-Dollar. Damit d\u00fcrfte das iPhone 18 Pro Max zwischen 1.299 und 1.499 US-Dollar kosten, w\u00e4hrend das Pro-Modell bei 1.249 bis 1.299 US-Dollar liegen k\u00f6nnte.<\/p>\n<p>Die offizielle Vorstellung der neuen Modellreihe wird f\u00fcr den 8. oder 9. September 2026 erwartet. Der Vorbestellungszeitraum soll am 11. September beginnen, gefolgt von der Markteinf\u00fchrung am 18. September 2026. Bisher liegen seitens Apple keine offiziellen Best\u00e4tigungen zu den technischen Details der variablen Blende vor.<\/p>\n","protected":false},"excerpt":{"rendered":"In der kommenden Smartphone-Generation von Apple deutet sich eine st\u00e4rkere technische Differenzierung zwischen den verschiedenen Modellen der Pro-Serie&hellip;\n","protected":false},"author":2,"featured_media":1252391,"comment_status":"","ping_status":"","sticky":false,"template":"","format":"standard","meta":{"footnotes":"","_share_on_mastodon":"0"},"categories":[135],"tags":[231,29,30,167559,190,189,4332,194,425,191,193,192],"class_list":["post-1252390","post","type-post","status-publish","format-standard","has-post-thumbnail","category-wissenschaft-technik","tag-apple","tag-deutschland","tag-germany","tag-produkteinfuehrung","tag-science","tag-science-technology","tag-smartphones","tag-technik","tag-technologie","tag-technology","tag-wissenschaft","tag-wissenschaft-technik"],"share_on_mastodon":{"url":"https:\/\/pubeurope.com\/@de\/117136486941616526","error":""},"_links":{"self":[{"href":"https:\/\/www.europesays.com\/de\/wp-json\/wp\/v2\/posts\/1252390","targetHints":{"allow":["GET"]}}],"collection":[{"href":"https:\/\/www.europesays.com\/de\/wp-json\/wp\/v2\/posts"}],"about":[{"href":"https:\/\/www.europesays.com\/de\/wp-json\/wp\/v2\/types\/post"}],"author":[{"embeddable":true,"href":"https:\/\/www.europesays.com\/de\/wp-json\/wp\/v2\/users\/2"}],"replies":[{"embeddable":true,"href":"https:\/\/www.europesays.com\/de\/wp-json\/wp\/v2\/comments?post=1252390"}],"version-history":[{"count":0,"href":"https:\/\/www.europesays.com\/de\/wp-json\/wp\/v2\/posts\/1252390\/revisions"}],"wp:featuredmedia":[{"embeddable":true,"href":"https:\/\/www.europesays.com\/de\/wp-json\/wp\/v2\/media\/1252391"}],"wp:attachment":[{"href":"https:\/\/www.europesays.com\/de\/wp-json\/wp\/v2\/media?parent=1252390"}],"wp:term":[{"taxonomy":"category","embeddable":true,"href":"https:\/\/www.europesays.com\/de\/wp-json\/wp\/v2\/categories?post=1252390"},{"taxonomy":"post_tag","embeddable":true,"href":"https:\/\/www.europesays.com\/de\/wp-json\/wp\/v2\/tags?post=1252390"}],"curies":[{"name":"wp","href":"https:\/\/api.w.org\/{rel}","templated":true}]}}