{"id":1252501,"date":"2026-08-22T02:25:13","date_gmt":"2026-08-22T02:25:13","guid":{"rendered":"https:\/\/www.europesays.com\/de\/1252501\/"},"modified":"2026-08-22T02:25:13","modified_gmt":"2026-08-22T02:25:13","slug":"schulweg-kann-gefaehrlich-sein-frankfurter-familien-radeln-fuer-sichere-strassen","status":"publish","type":"post","link":"https:\/\/www.europesays.com\/de\/1252501\/","title":{"rendered":"Schulweg kann gef\u00e4hrlich sein: Frankfurter Familien radeln f\u00fcr sichere Stra\u00dfen"},"content":{"rendered":"<p class=\"mb-6 text-xs-varying md:text-m lg:text-l font-serif group-[.font-sans]:font-sans \">\n    Hunderte Radler und Radlerinnen, gro\u00df und klein, fahren in einem gro\u00dfen Demo-Zug durch die Frankfurter Innenstadt: Sie treten f\u00fcr mehr Sicherheit von Kindern auf dem Fahrrad ein. Organisiert wird die Familien-Fahrrad-Demo am Sonntagnachmittag (23.) vom Team der \u201eKidical Mass\u201c &#8211; und das bereits seit acht Jahren mehrmals im Jahr in <a href=\"https:\/\/www.mainpost.de\/orte\/mp-frankfurt\" target=\"_self\" class=\"underline \" rel=\"nofollow noopener\">Frankfurt<\/a>.\n  <\/p>\n<p>            Wie steht es um die Sicherheit von Kindern im Stra\u00dfenverkehr?<\/p>\n<p class=\"mb-6 text-xs-varying md:text-m lg:text-l font-serif group-[.font-sans]:font-sans \">\n    Alle 18 Minuten ist im vergangenen Jahr im Schnitt ein Kind im Stra\u00dfenverkehr verletzt worden oder ums Leben gekommen, teilt das Statistische Bundesamt mit. 2025 kamen demnach sieben Prozent mehr Kinder zu Schaden als noch im Jahr zuvor.\n  <\/p>\n<p class=\"mb-6 text-xs-varying md:text-m lg:text-l font-serif group-[.font-sans]:font-sans \">\n    Die meisten der im Stra\u00dfenverkehr verungl\u00fcckten Kinder sa\u00dfen dabei auf einem Fahrrad (34 Prozent). Die Zahlen zeigen auch: Der Schulweg kann f\u00fcr Kinder und Jugendliche sehr gef\u00e4hrlich sein.\n  <\/p>\n<p>            Was bedeutet \u201eKidical Mass\u201c?<\/p>\n<p class=\"mb-6 text-xs-varying md:text-m lg:text-l font-serif group-[.font-sans]:font-sans \">\n    Die \u201eKidical Mass\u201c gehe auf die \u201eCritical Mass\u201c zur\u00fcck, sagt Torsten Willner vom Allgemeinen Deutschen Fahrrad-Club (ADFC) Hessen. Diese Bewegung schwappte in den 90er Jahren aus den USA auf Deutschland \u00fcber. Im scheinbar unorganisierten und unangek\u00fcndigten Auftreten von Fahrr\u00e4dern in so gro\u00dfer Menge, dass der Verkehr lahmgelegt wird, wollte man auf die Anliegen des Radverkehrs aufmerksam machen.\n  <\/p>\n<p class=\"mb-6 text-xs-varying md:text-m lg:text-l font-serif group-[.font-sans]:font-sans \">\n    Daraus leitet sich in einem Wortspiel die \u201eKidical Mass\u201c ab, die ordentlich als politische Versammlung angemeldet sei, erkl\u00e4rt Willner. Im Jahr 2018 sammelte der Radentscheid Frankfurt fast 40.000 Unterschriften f\u00fcr bessere Radwege. Im Zuge dessen sei auch die \u201eKidical Mass\u201c entstanden, welche in der Regel dreimal pro Jahr ehrenamtlich organisiert werde. An diesem Sonntag geht sie in die 20. Runde &#8211; um 15.00 Uhr ist Start am Goetheplatz.\n  <\/p>\n<p>            Wer macht mit?<\/p>\n<p class=\"mb-6 text-xs-varying md:text-m lg:text-l font-serif group-[.font-sans]:font-sans \">\n    300 bis 500 Teilnehmer und Teilnehmerinnen haben in den vergangenen Jahren teilgenommen, sagt Willner. Der ADFC unterst\u00fctzt das \u201eKidical-Mass\u201c-Team Frankfurt. Unter den Teilnehmenden seien sowohl Kinder und Jugendliche als auch deren Eltern und Gro\u00dfeltern.\n  <\/p>\n<p>            Was ist das Ziel?<\/p>\n<p class=\"mb-6 text-xs-varying md:text-m lg:text-l font-serif group-[.font-sans]:font-sans \">\n    Um auf die Gefahren im Stra\u00dfenverkehr aufmerksam zu machen, werden die Fahrr\u00e4der zun\u00e4chst gemeinsam geschm\u00fcckt, bevor der Korso sich auf seinen Weg durch Frankfurt macht. Mit F\u00e4hnchen, Transparenten und Stickern \u201eergibt sich eine ziemlich bunte Mischung\u201c, sagt Willner. So werde Sichtbarkeit geschaffen: \u201eAuch uns geh\u00f6rt die Stra\u00dfe!\u201c ist das Motto.\n  <\/p>\n<p class=\"mb-6 text-xs-varying md:text-m lg:text-l font-serif group-[.font-sans]:font-sans \">\n    Der Radentscheid FFM fordert mehr und sicher ausgebaute Fahrradwege \u00fcberall in Frankfurt: \u201eJeder Mensch soll die M\u00f6glichkeit haben, sich sicher, z\u00fcgig und ohne Angst mit dem Rad durch Frankfurt zu bewegen.\u201c\n  <\/p>\n","protected":false},"excerpt":{"rendered":"Hunderte Radler und Radlerinnen, gro\u00df und klein, fahren in einem gro\u00dfen Demo-Zug durch die Frankfurter Innenstadt: Sie treten&hellip;\n","protected":false},"author":2,"featured_media":1252502,"comment_status":"","ping_status":"","sticky":false,"template":"","format":"standard","meta":{"footnotes":"","_share_on_mastodon":"0"},"categories":[1829],"tags":[7380,29,1234,2050,2051,30,2052,3902,874,259200,64],"class_list":["post-1252501","post","type-post","status-publish","format-standard","has-post-thumbnail","category-frankfurt-am-main","tag-adfc","tag-deutschland","tag-fahrrad","tag-frankfurt","tag-frankfurt-am-main","tag-germany","tag-hessen","tag-mainmetropole","tag-statistisches-bundesamt","tag-torsten-willner","tag-usa"],"share_on_mastodon":{"url":"","error":""},"_links":{"self":[{"href":"https:\/\/www.europesays.com\/de\/wp-json\/wp\/v2\/posts\/1252501","targetHints":{"allow":["GET"]}}],"collection":[{"href":"https:\/\/www.europesays.com\/de\/wp-json\/wp\/v2\/posts"}],"about":[{"href":"https:\/\/www.europesays.com\/de\/wp-json\/wp\/v2\/types\/post"}],"author":[{"embeddable":true,"href":"https:\/\/www.europesays.com\/de\/wp-json\/wp\/v2\/users\/2"}],"replies":[{"embeddable":true,"href":"https:\/\/www.europesays.com\/de\/wp-json\/wp\/v2\/comments?post=1252501"}],"version-history":[{"count":0,"href":"https:\/\/www.europesays.com\/de\/wp-json\/wp\/v2\/posts\/1252501\/revisions"}],"wp:featuredmedia":[{"embeddable":true,"href":"https:\/\/www.europesays.com\/de\/wp-json\/wp\/v2\/media\/1252502"}],"wp:attachment":[{"href":"https:\/\/www.europesays.com\/de\/wp-json\/wp\/v2\/media?parent=1252501"}],"wp:term":[{"taxonomy":"category","embeddable":true,"href":"https:\/\/www.europesays.com\/de\/wp-json\/wp\/v2\/categories?post=1252501"},{"taxonomy":"post_tag","embeddable":true,"href":"https:\/\/www.europesays.com\/de\/wp-json\/wp\/v2\/tags?post=1252501"}],"curies":[{"name":"wp","href":"https:\/\/api.w.org\/{rel}","templated":true}]}}