{"id":125251,"date":"2025-05-20T10:53:14","date_gmt":"2025-05-20T10:53:14","guid":{"rendered":"https:\/\/www.europesays.com\/de\/125251\/"},"modified":"2025-05-20T10:53:14","modified_gmt":"2025-05-20T10:53:14","slug":"joe-abercrombie-the-devils-buch","status":"publish","type":"post","link":"https:\/\/www.europesays.com\/de\/125251\/","title":{"rendered":"Joe Abercrombie: The Devils (Buch)"},"content":{"rendered":"<p>\t\t\tJoe Abercrombie: The Devils (Buch)\t\t<\/p>\n<ul class=\"actions\">\n<li class=\"print-icon\">\n\t\t\t\t\t\t<a href=\"https:\/\/www.phantastiknews.de\/index.php\/rezensionen\/30250-joe-abercrombie-the-devils-buch?tmpl=component&amp;print=1&amp;layout=default\" title=\"Eintrag ausdrucken &lt; Joe Abercrombie: The Devils (Buch) &gt;\" onclick=\"window.open(this.href,&#039;win2&#039;,&#039;status=no,toolbar=no,scrollbars=yes,titlebar=no,menubar=no,resizable=yes,width=640,height=480,directories=no,location=no&#039;); return false;\" rel=\"nofollow noopener\" target=\"_blank\">\t\t\t\t\t<img decoding=\"async\" src=\"https:\/\/www.europesays.com\/de\/wp-content\/uploads\/2025\/04\/printButton.png\" alt=\"Drucken\"\/>\t<\/a>\t\t\t\t<\/li>\n<li class=\"email-icon\">\n\t\t\t\t\t\t<a href=\"https:\/\/www.phantastiknews.de\/index.php\/component\/mailto\/?tmpl=component&amp;template=pn_beez3&amp;link=9cbfe63dd5811b061d887c9d7897f5a5a15109c6\" title=\"Link einem Freund via E-Mail senden\" onclick=\"window.open(this.href,&#039;win2&#039;,&#039;width=400,height=450,menubar=yes,resizable=yes&#039;); return false;\" rel=\"nofollow noopener\" target=\"_blank\">\t\t\t<img decoding=\"async\" src=\"https:\/\/www.europesays.com\/de\/wp-content\/uploads\/2025\/04\/emailButton.png\" alt=\"E-Mail\"\/>\t<\/a>\t\t\t\t<\/li>\n<\/ul>\n<dl class=\"article-info\">\n<dt class=\"article-info-term\">Details<\/dt>\n<dd class=\"category-name\">\n\t\t\t\t\t\t\t\t\t\tKategorie: Rezensionen\t\t\t\t\t<\/dd>\n<dd class=\"published\">\n\t\tVer\u00f6ffentlicht: Dienstag, 20. Mai 2025 11:55\t\t<\/dd>\n<\/dl>\n<p>\t\t<img loading=\"lazy\" decoding=\"async\" src=\"https:\/\/www.europesays.com\/de\/wp-content\/uploads\/2025\/05\/5723.jpg\" width=\"177\" height=\"283\"\/>&#13;<\/p>\n<p>Joe Abercrombie<br \/>The Devils <br \/>(The Devils, 2025)<br \/>\u00dcbersetzung: Kirsten Borchardt<br \/><a href=\"http:\/\/www.heyne.de\" target=\"_blank\" rel=\"noopener noreferrer nofollow\">Heyne<\/a>, 2025, Hardcover, 864 Seiten, 24,00 EUR<\/p>\n<p class=\"autor\">Rezension von\u00a0Carsten Kuhr<\/p>\n<p>&#13;<\/p>\n<p style=\"text-align: justify;\">Stellen Sie sich eine Welt vor, die der unseres Mittelalters \u00e4hnelt. Die Kirchentrennung hat ebenso stattgefunden wie die Kreuzz\u00fcge &#8211; doch auf dem Heiligen Stuhl sitzt eine P\u00e4pstin, das Heilige Land wird von Elfen bev\u00f6lkert und Magie ist ebenso real wie D\u00e4monen, Werw\u00f6lfe oder Vampire.<\/p>\n<p>&#13;<\/p>\n<p style=\"text-align: justify;\">Bruder Diaz kommt in die Heilige Stadt, um Karriere zu machen. Er tr\u00e4umt von Pfr\u00fcnden, die es ihm erm\u00f6glichen, seiner Passion f\u00fcr alte Handschriften und heilige Texte zu fr\u00f6nen. Doch die Kinderp\u00e4pstin und ihre beiden Kurien-Kardinalinnen haben anderes mit dem Mann aus der Provinz vor.<\/p>\n<p>&#13;<br \/>\n &#13;<\/p>\n<p style=\"text-align: justify;\">Gerade ist ein Posten frei geworden: das Vikariat \u00fcber die \u201eKapelle der geheiligten Zweckdienlichkeit\u201c. Hier sammelt die Kirche ihre Sch\u00e4fchen, die sich um die besonders \u00fcblen Gefahren und Bedrohungen k\u00fcmmern. Angef\u00fchrt von einem alten Krieger, der im wahrsten Sinne des Wortes nicht sterben kann, warten dort ein Todfeind, eine Elfin, ein Hexenmeister, ein Vampir und eine Werw\u00f6lfin auf unseren Kleriker.<\/p>\n<p>&#13;<\/p>\n<p style=\"text-align: justify;\">Die erste Mission: Die gerade entdeckte Erbin des \u00f6stlichen Reiches &#8211; eine Diebin und Betr\u00fcgerin &#8211; soll quer durch die bekannte Welt nach Troja gebracht, vor den Anschl\u00e4gen ihrer Neffen sowie den diese begleitenden Mischwesen, D\u00e4monen und Teufeln besch\u00fctzt und schlie\u00dflich auf den dortigen Kaiserthron gesetzt werden\u2026<\/p>\n<p>&#13;<\/p>\n<p style=\"text-align: justify;\">Joe Abercrombie hat mit seinen bisherigen Romanen Leserinnen und Leser begeistert. Zu Recht gilt er als eine der interessantesten, eigenst\u00e4ndigsten und versiertesten Stimmen der neuen Dark Fantasy.<\/p>\n<p>&#13;<\/p>\n<p style=\"text-align: justify;\">Nun hat er sich etwas ganz Neues, etwas anderes f\u00fcr seine Fans einfallen lassen: Ein &#8211; zumindest vorerst &#8211; Einzelroman, der mit einer Welt spielt, die uns aus dem Geschichtsunterricht bekannt ist, in entscheidenden Details jedoch vom \u00dcberlieferten abweicht: Was w\u00e4re, wenn die Kreuzz\u00fcge nicht gegen muslimische Heiden, sondern gegen Elfen gef\u00fchrt worden w\u00e4ren? Wenn die Kirche von Frauen angef\u00fchrt und gelenkt w\u00fcrde? Wenn \u00fcberall Herrscherinnen auf den Thronen s\u00e4\u00dfen?<\/p>\n<p>&#13;<\/p>\n<p style=\"text-align: justify;\">Was sich auf den ersten Blick verr\u00fcckt und unm\u00f6glich anh\u00f6rt, nimmt im Buch schnell \u00fcberzeugende Gestalt an.<\/p>\n<p>&#13;<\/p>\n<p style=\"text-align: justify;\">Auf dieser B\u00fchne platziert Abercrombie dann seine zwei Hauptcharaktere: die Thronerbin, die als Diebin aufgewachsen ist und mit dem Adel wenig gemein hat, sowie den klerikalen Empork\u00f6mmling, der zun\u00e4chst nur daran interessiert ist, seine Sch\u00e4fchen ins Trockene zu bringen. Dazu kommen die Agenten der Kirche &#8211; mehr oder minder freiwillig, na eher nicht ganz freiwillig im Dienst, denn die Kinderp\u00e4pstin ist die m\u00e4chtigste Magierin unter Gottes weitem Himmel und ihre Banne sind ebenso unauff\u00e4llig, wie unl\u00f6sbar.<\/p>\n<p>&#13;<\/p>\n<p style=\"text-align: justify;\">Was folgt, ist eine \u00fcberaus vergn\u00fcgliche Reise quer durch ein in den Details wunderbar ungew\u00f6hnliches Europa: Ein Abenteuer jagt das n\u00e4chste. Besonders daran ist auch, dass Abercrombie &#8211; ganz untypisch f\u00fcr ihn &#8211; einen locker-leichten Ton anschl\u00e4gt. Mit viel Humor, Selbstironie und Situationskomik erwartet uns ein Abenteuer der Extraklasse voller skurriler Wesen, unglaublicher Begegnungen, \u00fcberraschender Wendungen und herrlich ungew\u00f6hnlicher Figuren und Konstellationen.<\/p>\n<p>&#13;<\/p>\n<p style=\"text-align: justify;\">Das ist beste Abenteuer-Fantasy voller Verve, ein packendes Kopfkino &#8211; oder schlicht: ein toller Roman!<\/p>\n","protected":false},"excerpt":{"rendered":"Joe Abercrombie: The Devils (Buch) Details Kategorie: Rezensionen Ver\u00f6ffentlicht: Dienstag, 20. Mai 2025 11:55 &#13; Joe AbercrombieThe Devils&hellip;\n","protected":false},"author":2,"featured_media":17741,"comment_status":"","ping_status":"","sticky":false,"template":"","format":"standard","meta":{"footnotes":""},"categories":[1774],"tags":[1784,1785,29,214,30,215],"class_list":{"0":"post-125251","1":"post","2":"type-post","3":"status-publish","4":"format-standard","5":"has-post-thumbnail","7":"category-buecher","8":"tag-books","9":"tag-buecher","10":"tag-deutschland","11":"tag-entertainment","12":"tag-germany","13":"tag-unterhaltung"},"share_on_mastodon":{"url":"https:\/\/pubeurope.com\/@de\/114539790606241083","error":""},"_links":{"self":[{"href":"https:\/\/www.europesays.com\/de\/wp-json\/wp\/v2\/posts\/125251","targetHints":{"allow":["GET"]}}],"collection":[{"href":"https:\/\/www.europesays.com\/de\/wp-json\/wp\/v2\/posts"}],"about":[{"href":"https:\/\/www.europesays.com\/de\/wp-json\/wp\/v2\/types\/post"}],"author":[{"embeddable":true,"href":"https:\/\/www.europesays.com\/de\/wp-json\/wp\/v2\/users\/2"}],"replies":[{"embeddable":true,"href":"https:\/\/www.europesays.com\/de\/wp-json\/wp\/v2\/comments?post=125251"}],"version-history":[{"count":0,"href":"https:\/\/www.europesays.com\/de\/wp-json\/wp\/v2\/posts\/125251\/revisions"}],"wp:featuredmedia":[{"embeddable":true,"href":"https:\/\/www.europesays.com\/de\/wp-json\/wp\/v2\/media\/17741"}],"wp:attachment":[{"href":"https:\/\/www.europesays.com\/de\/wp-json\/wp\/v2\/media?parent=125251"}],"wp:term":[{"taxonomy":"category","embeddable":true,"href":"https:\/\/www.europesays.com\/de\/wp-json\/wp\/v2\/categories?post=125251"},{"taxonomy":"post_tag","embeddable":true,"href":"https:\/\/www.europesays.com\/de\/wp-json\/wp\/v2\/tags?post=125251"}],"curies":[{"name":"wp","href":"https:\/\/api.w.org\/{rel}","templated":true}]}}