{"id":1252540,"date":"2026-08-22T02:49:25","date_gmt":"2026-08-22T02:49:25","guid":{"rendered":"https:\/\/www.europesays.com\/de\/1252540\/"},"modified":"2026-08-22T02:49:25","modified_gmt":"2026-08-22T02:49:25","slug":"juergen-drews-ramona-war-nicht-seine-erste-sie-ist-seine-bekannte-ex-frau","status":"publish","type":"post","link":"https:\/\/www.europesays.com\/de\/1252540\/","title":{"rendered":"J\u00fcrgen Drews: Ramona war nicht seine erste \u2013 sie ist seine bekannte Ex-Frau"},"content":{"rendered":"<p>Sie haben einen gemeinsamen Sohn <\/p>\n<p>Das ist die bekannte Ex-Frau von J\u00fcrgen Drews<\/p>\n<p>Aktualisiert am 21.08.2026 &#8211; 19:31 UhrLesedauer: 2 Min.<\/p>\n<p><a href=\"#focus-0\" class=\"transition-colors block text-current relative\" data-sctrack=\"FocusGalleryImage.Reference\"><img fetchpriority=\"high\" data-testid=\"Opener.Image\"   loading=\"eager\" src=\"https:\/\/www.europesays.com\/de\/wp-content\/uploads\/2026\/08\/juergen-drews-der-saenger-ist-bereits-zum-zweiten-mal-verheiratet.jpg\" alt=\"J\u00fcrgen Drews: Der S\u00e4nger ist bereits zum zweiten Mal verheiratet.\" title=\"J\u00fcrgen Drews: Der S\u00e4nger ist bereits zum zweiten Mal verheiratet.\" width=\"1662\" height=\"935\" class=\"bg-[url:var(--lqipURL)] bg-cover bg-center flex h-full w-full max-w-full\" style=\"--lqipURL:url('https:\/\/images.t-online.de\/2025\/08\/HAx0l49qSDnk\/968x548:1662x935\/fit-in\/150x0\/filters:blur(25)\/juergen-drews-der-saenger-ist-bereits-zum-zweiten-mal-verheiratet.jpg')\" decoding=\"async\"\/><img loading=\"lazy\" src=\"https:\/\/www.t-online.de\/s\/paper\/_next\/static\/media\/zoom-in.f7dae02f.svg\" alt=\"Vergr\u00f6\u00dfern des Bildes\" title=\"Vergr\u00f6\u00dfern des Bildes\" class=\"block h-[calc(var(--height)_\/_16_*_1rem)] w-[calc(var(--width)_\/_16_*_1rem)] max-w-none absolute right-8 bottom-8 rounded-4 bg-snow p-8\" style=\"--width:32;--height:32\" decoding=\"async\"\/><\/a><\/p>\n<p>J\u00fcrgen Drews (Archivbild): Der S\u00e4nger ist bereits zum zweiten Mal verheiratet. (Quelle: IMAGO \/ Michel Kaers)<\/p>\n<p><img loading=\"lazy\" src=\"https:\/\/www.t-online.de\/s\/paper\/_next\/static\/media\/audio-volume.6689034c.svg\" alt=\"\" title=\"\" class=\"block h-[calc(var(--height)_\/_16_*_1rem)] w-[calc(var(--width)_\/_16_*_1rem)] max-w-none group-hover:brightness-0 group-hover:invert\" style=\"--width:16;--height:16\" decoding=\"async\"\/>Vorlesen<\/p>\n<p>Aktuelle Zeit:0:00Gesamtdauer:0:00<\/p>\n<p>1x<img loading=\"lazy\" src=\"https:\/\/www.t-online.de\/s\/paper\/_next\/static\/media\/font-sizes.32942e33.svg\" alt=\"\" title=\"\" class=\"block h-[calc(var(--height)_\/_16_*_1rem)] w-[calc(var(--width)_\/_16_*_1rem)] max-w-none group-hover:hidden group-aria-expanded:hidden\" style=\"--width:16;--height:16\" decoding=\"async\"\/><img loading=\"lazy\" src=\"https:\/\/www.t-online.de\/s\/paper\/_next\/static\/media\/font-sizes-dark-mode.e382645c.svg\" alt=\"\" title=\"\" class=\"block h-[calc(var(--height)_\/_16_*_1rem)] w-[calc(var(--width)_\/_16_*_1rem)] max-w-none hidden group-hover:block group-aria-expanded:block\" style=\"--width:16;--height:16\" decoding=\"async\"\/><img loading=\"lazy\" src=\"https:\/\/www.t-online.de\/s\/paper\/_next\/static\/media\/sharing-menu-icon.1eb71368.svg\" alt=\"\" title=\"\" class=\"block h-[calc(var(--height)_\/_16_*_1rem)] w-[calc(var(--width)_\/_16_*_1rem)] max-w-none group-hover:brightness-0 group-hover:invert\" style=\"--width:16;--height:16\" decoding=\"async\"\/>Artikel teilen<\/p>\n<p class=\"font-bold text-18 leading-17 user-text-lg:text-22 user-text-xl:text-24\">Seit 30 Jahren ist J\u00fcrgen Drews mit Ramona Drews verheiratet. Doch sie ist nicht die erste Ehefrau an der Seite des Schlagerstars.<\/p>\n<p class=\"text-18 leading-17 user-text-lg:text-22 user-text-xl:text-24\"><a href=\"https:\/\/www.t-online.de\/themen\/juergen-drews\/\" class=\"transition-colors cursor-pointer no-underline md:hover:text-magenta md:focus:text-magenta border-b border-solid border-current text-salemsfur md:hover:border-magenta\" data-tracking=\"{&quot;action&quot;:&quot;click&quot;,&quot;category&quot;:&quot;intextLink&quot;,&quot;label&quot;:&quot;\/themen\/juergen-drews\/&quot;}\" data-sctrack=\"BodyAnchor\" rel=\"nofollow noopener\" target=\"_blank\">J\u00fcrgen Drews<\/a> zeigt sich gern als Familienmensch. Mit seiner Frau Ramona Drews hat er die Tochter Joelina Drews, die mittlerweile auch als Musikerin Fu\u00df gefasst hat. Doch diese Familie ist nicht die erste, mit der sich der selbst ernannte K\u00f6nig von Mallorca in der \u00d6ffentlichkeit pr\u00e4sentiert. Von 1981 bis 1985 war er mit Corinna Drews verheiratet.<\/p>\n<p class=\"text-18 leading-17 user-text-lg:text-22 user-text-xl:text-24\">Die beiden hatten sich Anfang der 1980er-Jahre kennengelernt. Ihre Wege kreuzten sich in der Unterhaltungs- und Medienbranche, in der beide bereits Fu\u00df gefasst hatten. J\u00fcrgen Drews war zu dieser Zeit l\u00e4ngst ein Star: Mit den Les Humphries Singers hatte er internationale Erfolge gefeiert, seit Mitte der Siebziger startete er als Solok\u00fcnstler durch.<\/p>\n<ul class=\"text-18 leading-17 block pl-24 *:pb-16 *:before:inline-block *:before:size-8 *:before:bg-magenta *:before:mt-0 *:before:mr-12 *:before:mb-2 *:before:-ml-[20px]\">\n<li><strong class=\"font-bold\">Schlagerstar gibt Gesundheitsupdate:<\/strong> <a href=\"https:\/\/www.t-online.de\/unterhaltung\/stars\/id_101341608\/juergen-drews-schlagerstar-zeigt-sich-erstmals-mit-rollator.html\" class=\"transition-colors cursor-pointer no-underline md:hover:text-magenta md:focus:text-magenta border-b border-solid border-current text-salemsfur md:hover:border-magenta\" data-tracking=\"{&quot;action&quot;:&quot;click&quot;,&quot;category&quot;:&quot;intextLink&quot;,&quot;label&quot;:&quot;\/unterhaltung\/stars\/id_101341608\/juergen-drews-schlagerstar-zeigt-sich-erstmals-mit-rollator.html&quot;}\" data-sctrack=\"BodyAnchor\" rel=\"nofollow noopener\" target=\"_blank\">J\u00fcrgen Drews mit Rollator bei Veranstaltung<\/a><\/li>\n<\/ul>\n<p class=\"text-18 leading-17 user-text-lg:text-22 user-text-xl:text-24\">Sein Hit &#8222;Ein Bett im Kornfeld&#8220; machte ihn 1976 zum Schlageridol. Corinna Gillwald, damals gerade 19 Jahre alt, arbeitete als Fotomodell, stand f\u00fcr Marken wie Christian Dior vor der Kamera und begann erste Schritte in Richtung Schauspielerei. Im M\u00e4rz 1981 erregte sie mit einem &#8222;Playboy&#8220;-Portr\u00e4t erstmals gro\u00dfe \u00f6ffentliche Aufmerksamkeit.<\/p>\n<p><a href=\"#focus-1\" class=\"transition-colors block text-current relative\" data-sctrack=\"FocusGalleryImage.Reference\"><img   loading=\"lazy\" src=\"https:\/\/www.europesays.com\/de\/wp-content\/uploads\/2026\/08\/juergen-und-corinna-drews-das-paar-zeigte-sich-gelegentlich-in-der-oeffentlichkeit.jpg\" alt=\"J\u00fcrgen und Corinna Drews: Das Paar zeigte sich gelegentlich in der \u00d6ffentlichkeit.\" title=\"J\u00fcrgen und Corinna Drews: Das Paar zeigte sich gelegentlich in der \u00d6ffentlichkeit.\" width=\"2321\" height=\"3500\" class=\"h-full w-full max-w-full rounded-8\" decoding=\"async\"\/><img loading=\"lazy\" src=\"https:\/\/www.t-online.de\/s\/paper\/_next\/static\/media\/zoom-in.f7dae02f.svg\" alt=\"Vergr\u00f6\u00dfern des Bildes\" title=\"Vergr\u00f6\u00dfern des Bildes\" class=\"block h-[calc(var(--height)_\/_16_*_1rem)] w-[calc(var(--width)_\/_16_*_1rem)] max-w-none absolute right-8 bottom-8 rounded-4 bg-snow p-8\" style=\"--width:32;--height:32\" decoding=\"async\"\/>J\u00fcrgen und Corinna Drews (Archivbild): Das Paar zeigte sich gelegentlich in der \u00d6ffentlichkeit. (Quelle: IMAGO \/ United Archives)<\/a><\/p>\n<p class=\"text-18 leading-17 user-text-lg:text-22 user-text-xl:text-24\">Noch im selben Jahr heirateten die beiden. 1981 wurde auch ihr gemeinsamer Sohn Fabian geboren. In der \u00d6ffentlichkeit traten sie regelm\u00e4\u00dfig gemeinsam auf \u2013 bei Galas, Preisverleihungen und anderen Veranstaltungen. Die Ehe mit J\u00fcrgen Drews verschaffte der jungen Frau eine noch gr\u00f6\u00dfere Medienpr\u00e4senz, und sie wurde bald nicht mehr nur als Model, sondern als prominente Partnerin eines der bekanntesten deutschen Schlagerstars wahrgenommen.<\/p>\n<p><a href=\"#focus-2\" class=\"transition-colors block text-current relative\" data-sctrack=\"FocusGalleryImage.Reference\"><img   loading=\"lazy\" src=\"https:\/\/www.europesays.com\/de\/wp-content\/uploads\/2026\/08\/juergen-drews-mit-seiner-damaligen-ehefrau-corinna-drews-und-sohn-fabian-das-foto-entstand-1981.jpg\" alt=\"J\u00fcrgen Drews mit seiner damaligen Ehefrau Corinna Drews und Sohn Fabian: Das Foto entstand 1981.\" title=\"J\u00fcrgen Drews mit seiner damaligen Ehefrau Corinna Drews und Sohn Fabian: Das Foto entstand 1981.\" width=\"2694\" height=\"4000\" class=\"h-full w-full max-w-full rounded-8\" decoding=\"async\"\/><img loading=\"lazy\" src=\"https:\/\/www.t-online.de\/s\/paper\/_next\/static\/media\/zoom-in.f7dae02f.svg\" alt=\"Vergr\u00f6\u00dfern des Bildes\" title=\"Vergr\u00f6\u00dfern des Bildes\" class=\"block h-[calc(var(--height)_\/_16_*_1rem)] w-[calc(var(--width)_\/_16_*_1rem)] max-w-none absolute right-8 bottom-8 rounded-4 bg-snow p-8\" style=\"--width:32;--height:32\" decoding=\"async\"\/>J\u00fcrgen Drews mit seiner damaligen Ehefrau Corinna Drews und Sohn Fabian: Das Foto entstand 1981. (Archivbild) (Quelle: IMAGO \/ United Archives)<\/a><\/p>\n<p>Scheidung nach vier Jahren Ehe<\/p>\n<p class=\"text-18 leading-17 user-text-lg:text-22 user-text-xl:text-24\">Doch das Gl\u00fcck hielt nicht lange. 1985 wurde die Ehe geschieden. \u00dcber die genauen Umst\u00e4nde wurde damals wenig bekannt, die Trennung war jedoch Thema in den Medien. In den folgenden Jahren \u00e4u\u00dferten sich beide mehrfach zu ihrer gescheiterten Beziehung \u2013 oftmals regierte einer auf \u00f6ffentliche Aussagen des anderen. Besonders im Jahr 2014 r\u00fcckte das Thema wieder ins Rampenlicht, als Corinna Drews im Rahmen ihrer Teilnahme am Dschungelcamp Vorw\u00fcrfe gegen ihren Ex-Mann erhob. Sie kritisierte unter anderem sein Verh\u00e4ltnis zum gemeinsamen Sohn Fabian.<\/p>\n","protected":false},"excerpt":{"rendered":"Sie haben einen gemeinsamen Sohn Das ist die bekannte Ex-Frau von J\u00fcrgen Drews Aktualisiert am 21.08.2026 &#8211; 19:31&hellip;\n","protected":false},"author":2,"featured_media":1252541,"comment_status":"","ping_status":"","sticky":false,"template":"","format":"standard","meta":{"footnotes":"","_share_on_mastodon":"0"},"categories":[155],"tags":[722,657,522,106764,259202,259204,29,214,30,12196,47331,47330,3523,259203,474,99629,215],"class_list":["post-1252540","post","type-post","status-publish","format-standard","has-post-thumbnail","category-unterhaltung","tag-722","tag-657","tag-522","tag-christian-dior","tag-corinna-drews","tag-corinna-gillwald","tag-deutschland","tag-entertainment","tag-germany","tag-ich-bin-ein-star-holt-mich-hier-raus","tag-joelina-drews","tag-juergen-drews","tag-kamera","tag-les-humphries-singers","tag-mallorca","tag-ramona-drews","tag-unterhaltung"],"share_on_mastodon":{"url":"https:\/\/pubeurope.com\/@de\/117136890621071107","error":""},"_links":{"self":[{"href":"https:\/\/www.europesays.com\/de\/wp-json\/wp\/v2\/posts\/1252540","targetHints":{"allow":["GET"]}}],"collection":[{"href":"https:\/\/www.europesays.com\/de\/wp-json\/wp\/v2\/posts"}],"about":[{"href":"https:\/\/www.europesays.com\/de\/wp-json\/wp\/v2\/types\/post"}],"author":[{"embeddable":true,"href":"https:\/\/www.europesays.com\/de\/wp-json\/wp\/v2\/users\/2"}],"replies":[{"embeddable":true,"href":"https:\/\/www.europesays.com\/de\/wp-json\/wp\/v2\/comments?post=1252540"}],"version-history":[{"count":0,"href":"https:\/\/www.europesays.com\/de\/wp-json\/wp\/v2\/posts\/1252540\/revisions"}],"wp:featuredmedia":[{"embeddable":true,"href":"https:\/\/www.europesays.com\/de\/wp-json\/wp\/v2\/media\/1252541"}],"wp:attachment":[{"href":"https:\/\/www.europesays.com\/de\/wp-json\/wp\/v2\/media?parent=1252540"}],"wp:term":[{"taxonomy":"category","embeddable":true,"href":"https:\/\/www.europesays.com\/de\/wp-json\/wp\/v2\/categories?post=1252540"},{"taxonomy":"post_tag","embeddable":true,"href":"https:\/\/www.europesays.com\/de\/wp-json\/wp\/v2\/tags?post=1252540"}],"curies":[{"name":"wp","href":"https:\/\/api.w.org\/{rel}","templated":true}]}}