{"id":1252668,"date":"2026-08-22T04:12:24","date_gmt":"2026-08-22T04:12:24","guid":{"rendered":"https:\/\/www.europesays.com\/de\/1252668\/"},"modified":"2026-08-22T04:12:24","modified_gmt":"2026-08-22T04:12:24","slug":"kronprinzessin-victoria-und-prinz-daniel-zu-gast-in-finnland","status":"publish","type":"post","link":"https:\/\/www.europesays.com\/de\/1252668\/","title":{"rendered":"Kronprinzessin Victoria und Prinz Daniel zu Gast in Finnland"},"content":{"rendered":"<p>\nSchwedische Royals\n<\/p>\n<p>Aktualisiert am 21.08.2026, 16:17 Uhr\n<\/p>\n<p><a href=\"https:\/\/i0.web.de\/image\/434\/42638434,pd=1\/kronprinzessin-victoria-prinz-daniel-waehrend-besu.jpg\" data-brain-zone=\".42638432.content.lead.1\" data-component-path=\"content.lead.1\" data-component-name=\"article-image\" rel=\"nofollow noopener\" target=\"_blank\"> <\/p>\n<p><img loading=\"lazy\" decoding=\"async\" src=\"https:\/\/www.europesays.com\/de\/wp-content\/uploads\/2026\/08\/kronprinzessin-victoria-prinz-daniel-waehrend-besu.jpg\" alt=\"Kronprinzessin Victoria und Prinz Daniel w\u00e4hrend ihres Besuchs in Vaasa.\" width=\"950\" height=\"534\"\/><\/p>\n<p><\/a> <\/p>\n<p>\nKronprinzessin Victoria und Prinz Daniel w\u00e4hrend ihres Besuchs in Vaasa.<br \/>\n\u00a9\u00a0imago\/Lehtikuva \/ Helena Heimonen\n<\/p>\n<p class=\"content__description\" data-speakable=\"\">Kronprinzessin Victoria und Prinz Daniel haben am Freitag das finnische Vaasa besucht. Anlass war ein rundes Jubil\u00e4um. Tausende bejubelten das schwedische Thronfolgerpaar.<\/p>\n<p data-speakable=\"\">Kronprinzessin Victoria (49) und Prinz Daniel (52) haben am Freitag die westfinnische Stadt Vaasa besucht. Anlass war das 250-j\u00e4hrige Bestehen des dortigen Berufungsgerichts, das 1775 auf Beschluss des schwedischen K\u00f6nigs Gustav III. gegr\u00fcndet worden war. <a target=\"_blank\" data-brain-zone=\".42638432.content.textlink_2\" data-component-path=\"content.textlink_2\" data-component-name=\"link.external\" rel=\"noopener nofollow\" href=\"https:\/\/yle.fi\/a\/7-10103768\">Wie der finnische Rundfunk Yle berichtet<\/a>, kamen Tausende in die Stadt, um das schwedische Thronfolgerpaar zu sehen.<\/p>\n<p>Eine Roteiche f\u00fcr das Jubil\u00e4umsjahr<\/p>\n<p data-speakable=\"\">Im Gerichtsgeb\u00e4ude erinnerte Victoria in einer Rede an die gemeinsame Geschichte beider L\u00e4nder und betonte die engen Verbindungen zwischen den heutigen modernen Demokratien. Auch eine weitere Gemeinsamkeit lie\u00df sie nicht unerw\u00e4hnt: die Leidenschaft f\u00fcr Eishockey. Anschlie\u00dfend besichtigte die Kronprinzessin eine Ausstellung zum Jubil\u00e4um, bevor sich das Paar gemeinsam ins G\u00e4stebuch eintrug.<\/p>\n<p data-speakable=\"\">Nach rund einer Stunde setzte das Paar seinen Besuch im Freien fort. Im Park vor dem Hofgericht pflanzte die Kronprinzessin eine Roteiche, die k\u00fcnftig an das Jubil\u00e4umsjahr und den royalen Besuch erinnern soll.<\/p>\n<p data-speakable=\"\">Anschlie\u00dfend suchten Victoria und Daniel den direkten Kontakt zu den Menschen. Die Kronprinzessin sch\u00fcttelte zahlreiche H\u00e4nde und nahm sich Zeit f\u00fcr die Wartenden. Tausende Schaulustige sollen die Stra\u00dfen von Vaasa ges\u00e4umt haben, um einen Blick auf das schwedische Thronfolgerpaar zu erhaschen.<\/p>\n<p>Ein Wespennest musste entfernt werden<\/p>\n<p data-speakable=\"\">Vor dem royalen Besuch mussten die Verantwortlichen in Vaasa allerdings noch ein ungew\u00f6hnliches Hindernis aus dem Weg r\u00e4umen: Am Berufungsgericht war ein Wespennest entdeckt worden. Kurzfristig r\u00fcckte deshalb ein \u00f6rtliches Sch\u00e4dlingsbek\u00e4mpfungsunternehmen an und beseitigte den ungebetenen Besuch rechtzeitig vor der Ankunft von Victoria und Daniel.<\/p>\n<p>Mit Schutzhelm durch die Werkshalle<\/p>\n<p data-speakable=\"\">Anschlie\u00dfend besuchten Victoria und Daniel ein \u00f6rtliches Technologiezentrum, das sich mit klimaneutraler Schifffahrt und Energieerzeugung besch\u00e4ftigt. F\u00fcr den Rundgang durch die Produktionshallen tauschten die Royals ihre festliche Garderobe gegen Schutzhelme. W\u00e4hrend des Besuchs ruhte die Fertigung.<\/p>\n<p><strong>Empfehlungen der Redaktion<\/strong><\/p>\n<p data-speakable=\"\">Royale G\u00e4ste aus dem Nachbarland Schweden hatte Vaasa zuletzt vor rund zwei Jahrzehnten empfangen. Damals waren K\u00f6nig Carl XVI. Gustaf (80) und K\u00f6nigin Silvia (82) anl\u00e4sslich des 400. Stadtjubil\u00e4ums zu Gast. (lau\/spot)\u00a0<br \/>\n\u00a9 spot on news<\/p>\n","protected":false},"excerpt":{"rendered":"Schwedische Royals Aktualisiert am 21.08.2026, 16:17 Uhr Kronprinzessin Victoria und Prinz Daniel w\u00e4hrend ihres Besuchs in Vaasa. \u00a9\u00a0imago\/Lehtikuva&hellip;\n","protected":false},"author":2,"featured_media":1252669,"comment_status":"","ping_status":"","sticky":false,"template":"","format":"standard","meta":{"footnotes":"","_share_on_mastodon":"0"},"categories":[1776],"tags":[1801,29,214,30,259222,1802,216995,215,259221],"class_list":["post-1252668","post","type-post","status-publish","format-standard","has-post-thumbnail","category-prominente","tag-celebrities","tag-deutschland","tag-entertainment","tag-germany","tag-gustav-iii","tag-prominente","tag-thronfolgerpaar","tag-unterhaltung","tag-vaasa"],"share_on_mastodon":{"url":"https:\/\/pubeurope.com\/@de\/117137216156967114","error":""},"_links":{"self":[{"href":"https:\/\/www.europesays.com\/de\/wp-json\/wp\/v2\/posts\/1252668","targetHints":{"allow":["GET"]}}],"collection":[{"href":"https:\/\/www.europesays.com\/de\/wp-json\/wp\/v2\/posts"}],"about":[{"href":"https:\/\/www.europesays.com\/de\/wp-json\/wp\/v2\/types\/post"}],"author":[{"embeddable":true,"href":"https:\/\/www.europesays.com\/de\/wp-json\/wp\/v2\/users\/2"}],"replies":[{"embeddable":true,"href":"https:\/\/www.europesays.com\/de\/wp-json\/wp\/v2\/comments?post=1252668"}],"version-history":[{"count":0,"href":"https:\/\/www.europesays.com\/de\/wp-json\/wp\/v2\/posts\/1252668\/revisions"}],"wp:featuredmedia":[{"embeddable":true,"href":"https:\/\/www.europesays.com\/de\/wp-json\/wp\/v2\/media\/1252669"}],"wp:attachment":[{"href":"https:\/\/www.europesays.com\/de\/wp-json\/wp\/v2\/media?parent=1252668"}],"wp:term":[{"taxonomy":"category","embeddable":true,"href":"https:\/\/www.europesays.com\/de\/wp-json\/wp\/v2\/categories?post=1252668"},{"taxonomy":"post_tag","embeddable":true,"href":"https:\/\/www.europesays.com\/de\/wp-json\/wp\/v2\/tags?post=1252668"}],"curies":[{"name":"wp","href":"https:\/\/api.w.org\/{rel}","templated":true}]}}