{"id":1252681,"date":"2026-08-22T04:20:18","date_gmt":"2026-08-22T04:20:18","guid":{"rendered":"https:\/\/www.europesays.com\/de\/1252681\/"},"modified":"2026-08-22T04:20:18","modified_gmt":"2026-08-22T04:20:18","slug":"tupac-prozess-zeuge-erhebt-neue-vorwuerfe-gegen-sean-diddy-combs-unterhaltung","status":"publish","type":"post","link":"https:\/\/www.europesays.com\/de\/1252681\/","title":{"rendered":"Tupac-Prozess: Zeuge erhebt neue Vorw\u00fcrfe gegen Sean \u201eDiddy\u201c Combs | Unterhaltung"},"content":{"rendered":"<p><a class=\"skip-content skip-content--link\" href=\"#in-content-skip-link-target-v-0-0\">TTS-Player \u00fcberspringen\u21b5<\/a><a id=\"in-content-skip-link-target-v-0-0\" class=\"skip-content--target-link-hidden skip-content skip-content--target-link\" href=\"#in-content-skip-link-target-v-0-0\">Artikel weiterlesen<\/a><\/p>\n<p data-32581ace=\"0-2499\">Las Vegas \u2013 <b>F\u00fcnfter Tag im Tupac-Mordprozess gegen <\/b><a href=\"https:\/\/www.bild.de\/unterhaltung\/stars-und-leute\/schuetzte-tupac-seinen-moerder-6a83aa66a87e8142c31d350f\" class=\"text-link\" rel=\"nofollow noopener\" target=\"_blank\"><b>Duane \u201eKeffe D\u201c Davis (63)<\/b><\/a><b> und erneut f\u00e4llt der Name Sean \u201eDiddy\u201c Combs (56)! Erst h\u00f6rten die Geschworenen am Tag zuvor von einem angeblichen Millionen-Kopfgeld auf Tupac Shakur (\u202025) und Suge Knight (61). Jetzt kam heraus: Ein Anwalt von Diddy soll versucht haben, gegen eine Doku \u00fcber den spektakul\u00e4ren Mordfall vorzugehen.<\/b><\/p>\n<p data-32581ace=\"0-2499\">Davon berichtete True-Crime-Produzent Mike Dorsey im Zeugenstand. Sein Film \u201eMurder Rap\u201c (erschien 2015) basiert auf dem gleichnamigen Buch des ehemaligen LAPD-Ermittlers Greg Kading und besch\u00e4ftigt sich mit den Morden an Tupac und Notorious B.I.G. In der Doku geht es auch um die schweren Anschuldigungen, die \u201eKeffe D\u201c 2008 in einem geheimen Polizei-Verh\u00f6r gegen Diddy erhoben hatte.<\/p>\n<p><img decoding=\"async\" width=\"992\" height=\"558\" alt=\"Duane \u201eKeffe D\u201c Davis (63) im Gerichtssaal in Las Vegas\" loading=\"lazy\" src=\"https:\/\/www.europesays.com\/de\/wp-content\/uploads\/2026\/08\/53cc78fa5892f168b7ccf75af7c47419,86777492.jpeg\"   class=\"landscape\"\/><\/p>\n<p class=\"fig__caption__text\">Duane \u201eKeffe D\u201c Davis (63) im Gerichtssaal in Las Vegas<\/p>\n<p>Foto: Steve Marcus\/via REUTERS<\/p>\n<p>\u201eIch hatte Angst um meine Sicherheit\u201c<\/p>\n<p data-32581ace=\"0-2499\">F\u00fcr Dorsey war die Ver\u00f6ffentlichung nicht ohne Risiko. \u201eIch hatte Angst um meine eigene Sicherheit, weil wir ein Mitglied einer gewaltt\u00e4tigen Stra\u00dfengang des Mordes beschuldigten.\u201c<\/p>\n<p data-32581ace=\"0-2499\">Auch finanziell habe er Bedenken gehabt: \u201eWir legten uns mit jemandem an, der damals auf dem Weg war, Milliard\u00e4r zu werden.\u201c Und tats\u00e4chlich: Nach Erscheinen des Films meldete sich ein Anwalt von Diddy. Sein Vorwurf: Die Doku sei \u201everleumderisch gegen\u00fcber seinem Mandanten\u201c. Dann die Forderung: Der Film m\u00fcsse innerhalb von f\u00fcnf Werktagen von Apple TV entfernt werden.<\/p>\n<p>BILD-Reporterin beim Tupac-Mordprozess: \u201eSchon sehr brutale Fotos\u201c<a class=\"anchor video-teaser__anchor\" href=\"https:\/\/www.bild.de\/unterhaltung\/musik\/vor-ort-beim-prozess-um-mord-an-tupac-schon-sehr-brutale-fotos-6a8561f9b6831511cf831920\" rel=\"nofollow noopener\" target=\"_blank\"><img decoding=\"async\" width=\"992\" height=\"558\" alt=\"Vor Ort beim Prozess um Mord an Tupac: \u201eSchon sehr brutale Fotos\u201c\" loading=\"lazy\" src=\"https:\/\/www.europesays.com\/de\/wp-content\/uploads\/2026\/08\/80f579ac440f155c97e29978ae286369,1e8e81f1.jpeg\"   class=\"landscape teaser__image\"\/><\/a><\/p>\n<p>Quelle: BILD &#8211; AP19.08.2026<\/p>\n<p data-32581ace=\"0-2499\">Doch Dorsey weigerte sich: \u201eWir sagten: Nein, wir lassen den Film online.\u201c Das juristische Risiko habe bei ihm als Produzent gelegen. \u201eIch bin derjenige, der verklagt wird, nicht Apple.\u201c<\/p>\n<p data-32581ace=\"0-2499\">Doch die Klage kam nie. \u201eDas war das Letzte, was wir davon geh\u00f6rt haben.\u201c Auf die Frage, ob Diddy ihn letztlich verklagt habe, antwortete er: \u201eNein.\u201c<\/p>\n<p data-32581ace=\"0-2499\">Genau diese alten Aussagen \u00fcber den Mord an Tupac holen Duane \u201eKeffe D\u201c Davis (63) jetzt vor Gericht ein. Die Staatsanwaltschaft sieht darin belastende Gest\u00e4ndnisse. Die Verteidigung behauptet dagegen: Davis habe seine Geschichten f\u00fcr Geld und Aufmerksamkeit erfunden oder ausgeschm\u00fcckt.<\/p>\n<p><img decoding=\"async\" width=\"992\" height=\"1178\" alt=\"Rap-Star Tupac Shakur wurde 1996 im Alter von 25 Jahren erschossen\" loading=\"lazy\" src=\"https:\/\/www.europesays.com\/de\/wp-content\/uploads\/2026\/08\/f3ea2c4691010d6949840b52ec98d8e2,2e5d2505.jpeg\"   class=\"portrait\"\/><\/p>\n<p class=\"fig__caption__text\">Rap-Star Tupac Shakur wurde 1996 im Alter von 25 Jahren erschossen<\/p>\n<p>Foto: Ron Galella Collection via Getty Images<\/p>\n<p data-32581ace=\"0-2499\">Damit besch\u00e4ftigte Diddy die Geschworenen bereits den zweiten Tag in Folge. Am Donnerstag hatte der pensionierte LAPD-Ermittler Daryn Dupree von Davis\u2019 brisantem Vorwurf berichtet: Combs habe eine Million Dollar f\u00fcr den Tod von Tupac und Suge geboten. Das Geld sollte demnach \u00fcber Eric \u201eVon Zip\u201c Martin an Davis gelangen \u2013 angekommen sei es jedoch nie.<\/p>\n<p>Mehr zum Thema<\/p>\n<p data-32581ace=\"0-2499\">Wichtig: Die Ermittlungen lieferten keine Beweise f\u00fcr eine Beteiligung von Sean \u201eDiddy\u201c Combs an einem Mordkomplott gegen Tupac oder Suge Knight.<\/p>\n","protected":false},"excerpt":{"rendered":"TTS-Player \u00fcberspringen\u21b5Artikel weiterlesen Las Vegas \u2013 F\u00fcnfter Tag im Tupac-Mordprozess gegen Duane \u201eKeffe D\u201c Davis (63) und erneut&hellip;\n","protected":false},"author":2,"featured_media":1252682,"comment_status":"","ping_status":"","sticky":false,"template":"","format":"standard","meta":{"footnotes":"","_share_on_mastodon":"0"},"categories":[155],"tags":[29,214,30,2183,2138,254920,102594,138370,254921,215],"class_list":["post-1252681","post","type-post","status-publish","format-standard","has-post-thumbnail","category-unterhaltung","tag-deutschland","tag-entertainment","tag-germany","tag-mord","tag-rap","tag-shakur-tupac","tag-suge-knight","tag-team-first","tag-tupac","tag-unterhaltung"],"share_on_mastodon":{"url":"","error":""},"_links":{"self":[{"href":"https:\/\/www.europesays.com\/de\/wp-json\/wp\/v2\/posts\/1252681","targetHints":{"allow":["GET"]}}],"collection":[{"href":"https:\/\/www.europesays.com\/de\/wp-json\/wp\/v2\/posts"}],"about":[{"href":"https:\/\/www.europesays.com\/de\/wp-json\/wp\/v2\/types\/post"}],"author":[{"embeddable":true,"href":"https:\/\/www.europesays.com\/de\/wp-json\/wp\/v2\/users\/2"}],"replies":[{"embeddable":true,"href":"https:\/\/www.europesays.com\/de\/wp-json\/wp\/v2\/comments?post=1252681"}],"version-history":[{"count":0,"href":"https:\/\/www.europesays.com\/de\/wp-json\/wp\/v2\/posts\/1252681\/revisions"}],"wp:featuredmedia":[{"embeddable":true,"href":"https:\/\/www.europesays.com\/de\/wp-json\/wp\/v2\/media\/1252682"}],"wp:attachment":[{"href":"https:\/\/www.europesays.com\/de\/wp-json\/wp\/v2\/media?parent=1252681"}],"wp:term":[{"taxonomy":"category","embeddable":true,"href":"https:\/\/www.europesays.com\/de\/wp-json\/wp\/v2\/categories?post=1252681"},{"taxonomy":"post_tag","embeddable":true,"href":"https:\/\/www.europesays.com\/de\/wp-json\/wp\/v2\/tags?post=1252681"}],"curies":[{"name":"wp","href":"https:\/\/api.w.org\/{rel}","templated":true}]}}