{"id":1252699,"date":"2026-08-22T04:29:17","date_gmt":"2026-08-22T04:29:17","guid":{"rendered":"https:\/\/www.europesays.com\/de\/1252699\/"},"modified":"2026-08-22T04:29:17","modified_gmt":"2026-08-22T04:29:17","slug":"vom-azubi-zum-ausbilder-in-burgstaedt-wie-ein-junger-mann-bei-don-bosco-seine-zukunft-findet","status":"publish","type":"post","link":"https:\/\/www.europesays.com\/de\/1252699\/","title":{"rendered":"Vom Azubi zum Ausbilder in Burgst\u00e4dt: Wie ein junger Mann bei Don Bosco seine Zukunft findet"},"content":{"rendered":"<p class=\"text text--s\">\n\t\t\t\tFreie Presse bei Google bevorzugen\n\t\t\t<\/p>\n<p class=\"bold\">\n\t\t\t\t\t\t\t\t\t\t65 junge Menschen erhalten in Burgst\u00e4dt ihre Facharbeiterbriefe. F\u00fcr Carl Kuntze ist die Freisprechung zugleich der Start in eine Zukunft bei Don Bosco.\t\t\t\t<\/p>\n<p>\t\t\t\t Seinen Facharbeiterbrief hielt Carl Kuntze am Donnerstag bereits in den H\u00e4nden. Doch f\u00fcr den 26-J\u00e4hrigen ist die Freisprechung bei Don Bosco in Burgst\u00e4dt nicht nur das Ende seiner dreij\u00e4hrigen Ausbildung zum G\u00e4rtner.<\/p>\n<p>\t\t<img decoding=\"async\" loading=\"lazy\" class=\"fp-plus-logo\" src=\"https:\/\/www.freiepresse.de\/img\/fpplus.svg\" alt=\"Freie Presse plus Logo\"\/><\/p>\n<p>6 Wochen gratis lesen.<\/p>\n<p> Alle Artikel im Web und in der App frei<\/p>\n<p> Zugriff auf die digitale Zeitung<\/p>\n<p> T\u00e4glicher Newsletter f\u00fcr Ihre Region<\/p>\n<p>Sie haben bereits ein Digitalabo?<\/p>\n","protected":false},"excerpt":{"rendered":"Freie Presse bei Google bevorzugen 65 junge Menschen erhalten in Burgst\u00e4dt ihre Facharbeiterbriefe. F\u00fcr Carl Kuntze ist die&hellip;\n","protected":false},"author":2,"featured_media":1252700,"comment_status":"","ping_status":"","sticky":false,"template":"","format":"standard","meta":{"footnotes":"","_share_on_mastodon":"0"},"categories":[1851],"tags":[4568,2770,3364,29,548,663,3934,30,13,14,15,859,12],"class_list":["post-1252699","post","type-post","status-publish","format-standard","has-post-thumbnail","category-chemnitz","tag-schulen","tag-chemnitz","tag-de","tag-deutschland","tag-eu","tag-europa","tag-europe","tag-germany","tag-headlines","tag-nachrichten","tag-news","tag-sachsen","tag-schlagzeilen"],"share_on_mastodon":{"url":"https:\/\/pubeurope.com\/@de\/117137281348989449","error":""},"_links":{"self":[{"href":"https:\/\/www.europesays.com\/de\/wp-json\/wp\/v2\/posts\/1252699","targetHints":{"allow":["GET"]}}],"collection":[{"href":"https:\/\/www.europesays.com\/de\/wp-json\/wp\/v2\/posts"}],"about":[{"href":"https:\/\/www.europesays.com\/de\/wp-json\/wp\/v2\/types\/post"}],"author":[{"embeddable":true,"href":"https:\/\/www.europesays.com\/de\/wp-json\/wp\/v2\/users\/2"}],"replies":[{"embeddable":true,"href":"https:\/\/www.europesays.com\/de\/wp-json\/wp\/v2\/comments?post=1252699"}],"version-history":[{"count":0,"href":"https:\/\/www.europesays.com\/de\/wp-json\/wp\/v2\/posts\/1252699\/revisions"}],"wp:featuredmedia":[{"embeddable":true,"href":"https:\/\/www.europesays.com\/de\/wp-json\/wp\/v2\/media\/1252700"}],"wp:attachment":[{"href":"https:\/\/www.europesays.com\/de\/wp-json\/wp\/v2\/media?parent=1252699"}],"wp:term":[{"taxonomy":"category","embeddable":true,"href":"https:\/\/www.europesays.com\/de\/wp-json\/wp\/v2\/categories?post=1252699"},{"taxonomy":"post_tag","embeddable":true,"href":"https:\/\/www.europesays.com\/de\/wp-json\/wp\/v2\/tags?post=1252699"}],"curies":[{"name":"wp","href":"https:\/\/api.w.org\/{rel}","templated":true}]}}