{"id":125275,"date":"2025-05-20T11:06:23","date_gmt":"2025-05-20T11:06:23","guid":{"rendered":"https:\/\/www.europesays.com\/de\/125275\/"},"modified":"2025-05-20T11:06:23","modified_gmt":"2025-05-20T11:06:23","slug":"bombendrohung-an-schule-polizei-gibt-entwarnung","status":"publish","type":"post","link":"https:\/\/www.europesays.com\/de\/125275\/","title":{"rendered":"Bombendrohung an Schule \u2013 Polizei gibt Entwarnung"},"content":{"rendered":"<p>Einsatz in Aachen <\/p>\n<p>Polizei gibt Entwarnung nach Bombendrohung<\/p>\n<p>Aktualisiert am 20.05.2025 &#8211; 13:03 UhrLesedauer: 1 Min.<\/p>\n<p><a href=\"#focus-0\" class=\"transition-colors duration-200 focus-within:text-magenta block text-current relative\" data-sctrack=\"FocusGalleryImage.Reference\"><img fetchpriority=\"high\" data-testid=\"Opener.Image\" style=\"--lqipURL:url('https:\/\/images.t-online.de\/2025\/05\/tC6jgmwrqEHR\/0x209:4000x2250\/fit-in\/150x0\/filters:blur(25)\/absperrband-der-polizei-symbolbild-am-dienstag-ging-eine-drohung-an-einer-gesamtschule-ein.jpg')\"   loading=\"eager\" src=\"https:\/\/www.europesays.com\/de\/wp-content\/uploads\/2025\/05\/absperrband-der-polizei-symbolbild-am-dienstag-ging-eine-drohung-an-einer-gesamtschule-ein.jpg\" alt=\"imago images 0814693018\" title=\"imago images 0814693018\" width=\"4000\" height=\"2250\" class=\"bg-[url:var(--lqipURL)] bg-cover bg-center flex w-full max-w-full h-full\" decoding=\"async\"\/><img style=\"--width:32;--height:32\" loading=\"lazy\" src=\"https:\/\/www.europesays.com\/de\/wp-content\/uploads\/2025\/05\/zoom-in.f7dae02f.svg.svg+xml\" alt=\"Vergr\u00f6\u00dfern des Bildes\" title=\"Vergr\u00f6\u00dfern des Bildes\" class=\"&#10;        block&#10;        h-[calc(var(--height)_\/_16_*_1rem)]&#10;        w-[calc(var(--width)_\/_16_*_1rem)]&#10;        max-w-none&#10;        absolute bottom-8 right-8 rounded-4 bg-snow p-8\" decoding=\"async\"\/><\/a><\/p>\n<p>Absperrband der Polizei (Symbolbild): Am Dienstag ging eine Drohung an einer Aachener Gesamtschule ein. (Quelle: IMAGO\/Wolfgang Maria Weber)<\/p>\n<p class=\"font-bold text-18 leading-17\">Die Maria-Montessori-Gesamtschule ist am Dienstag ger\u00e4umt worden. Per Telefon hatte ein anonymer Anrufer eine Bedrohung ausgesprochen \u2013 die Polizei hat den Einsatz mittlerweile beendet.<\/p>\n<p class=\"text-18 leading-17\">Wegen einer telefonischen Drohung ist am Dienstagvormittag (20. Mai) die Maria-Montessori-Gesamtschule in <a class=\"transition-colors duration-200 cursor-pointer text-inherit no-underline text-salemsfur md:hover:text-magenta md:hover:border-magenta md:focus:text-magenta border-current border-b border-solid break-words\" href=\"https:\/\/www.t-online.de\/themen\/aachen\/\" data-sctrack=\"BodyAnchor\" rel=\"nofollow noopener\" target=\"_blank\">Aachen<\/a> ger\u00e4umt worden. Wie die Polizei mittlerweile bekannt gegeben hat, &#8222;ergaben sich im Verlaufe des Polizeieinsatzes keine Erkenntnisse, die eine Gefahrenlage best\u00e4tigten&#8220;. Der Einsatz sei beendet.<\/p>\n<p class=\"text-18 leading-17\">Es sei zudem eine Strafanzeige wegen &#8222;St\u00f6rung des \u00f6ffentlichen Friedens durch Androhung von Straftaten&#8220; gegen Unbekannt aufgenommen worden.<\/p>\n<p class=\"text-18 leading-17\">Eine zun\u00e4chst unbekannte Person hatte &#8222;eine Bedrohung ausgesprochen&#8220;, hie\u00df es zuvor von einer Sprecherin der Polizei. Dabei soll es sich dabei um eine <a class=\"transition-colors duration-200 cursor-pointer text-inherit no-underline text-salemsfur md:hover:text-magenta md:hover:border-magenta md:focus:text-magenta border-current border-b border-solid break-words\" href=\"https:\/\/www.t-online.de\/themen\/bombendrohung\/\" data-sctrack=\"BodyAnchor\" rel=\"nofollow noopener\" target=\"_blank\">Bombendrohung<\/a> gehandelt haben. Die Schule befindet sich an der Bergischen Gasse.<\/p>\n<p class=\"text-18 leading-17\">Die Schulleitung ordnete daraufhin eine vollst\u00e4ndige Evakuierung des Schulgeb\u00e4udes an. Die Polizei r\u00fcckte mit mehreren Kr\u00e4ften an und sicherte das Gel\u00e4nde. Einsatzkr\u00e4fte pr\u00fcften, wie ernst die Lage einzusch\u00e4tzen ist.<\/p>\n","protected":false},"excerpt":{"rendered":"Einsatz in Aachen Polizei gibt Entwarnung nach Bombendrohung Aktualisiert am 20.05.2025 &#8211; 13:03 UhrLesedauer: 1 Min. Absperrband der&hellip;\n","protected":false},"author":2,"featured_media":125276,"comment_status":"","ping_status":"","sticky":false,"template":"","format":"standard","meta":{"footnotes":""},"categories":[1853],"tags":[1424,41,14061,3364,29,548,663,3934,30,13,14,15,1209,121,12,966],"class_list":{"0":"post-125275","1":"post","2":"type-post","3":"status-publish","4":"format-standard","5":"has-post-thumbnail","7":"category-aachen","8":"tag-aachen","9":"tag-bedrohung","10":"tag-bombendrohung","11":"tag-de","12":"tag-deutschland","13":"tag-eu","14":"tag-europa","15":"tag-europe","16":"tag-germany","17":"tag-headlines","18":"tag-nachrichten","19":"tag-news","20":"tag-nordrhein-westfalen","21":"tag-polizei","22":"tag-schlagzeilen","23":"tag-schule"},"share_on_mastodon":{"url":"https:\/\/pubeurope.com\/@de\/114539841866892873","error":""},"_links":{"self":[{"href":"https:\/\/www.europesays.com\/de\/wp-json\/wp\/v2\/posts\/125275","targetHints":{"allow":["GET"]}}],"collection":[{"href":"https:\/\/www.europesays.com\/de\/wp-json\/wp\/v2\/posts"}],"about":[{"href":"https:\/\/www.europesays.com\/de\/wp-json\/wp\/v2\/types\/post"}],"author":[{"embeddable":true,"href":"https:\/\/www.europesays.com\/de\/wp-json\/wp\/v2\/users\/2"}],"replies":[{"embeddable":true,"href":"https:\/\/www.europesays.com\/de\/wp-json\/wp\/v2\/comments?post=125275"}],"version-history":[{"count":0,"href":"https:\/\/www.europesays.com\/de\/wp-json\/wp\/v2\/posts\/125275\/revisions"}],"wp:featuredmedia":[{"embeddable":true,"href":"https:\/\/www.europesays.com\/de\/wp-json\/wp\/v2\/media\/125276"}],"wp:attachment":[{"href":"https:\/\/www.europesays.com\/de\/wp-json\/wp\/v2\/media?parent=125275"}],"wp:term":[{"taxonomy":"category","embeddable":true,"href":"https:\/\/www.europesays.com\/de\/wp-json\/wp\/v2\/categories?post=125275"},{"taxonomy":"post_tag","embeddable":true,"href":"https:\/\/www.europesays.com\/de\/wp-json\/wp\/v2\/tags?post=125275"}],"curies":[{"name":"wp","href":"https:\/\/api.w.org\/{rel}","templated":true}]}}