{"id":1252759,"date":"2026-08-22T05:10:23","date_gmt":"2026-08-22T05:10:23","guid":{"rendered":"https:\/\/www.europesays.com\/de\/1252759\/"},"modified":"2026-08-22T05:10:23","modified_gmt":"2026-08-22T05:10:23","slug":"heute-im-livestream-hannover-klassik-open-air-oper-im-park","status":"publish","type":"post","link":"https:\/\/www.europesays.com\/de\/1252759\/","title":{"rendered":"Heute im Livestream: Hannover Klassik Open Air. Oper im Park"},"content":{"rendered":"<p>        <img decoding=\"async\" src=\"https:\/\/www.europesays.com\/de\/wp-content\/uploads\/2026\/05\/klassikopenair-100.webp\" alt=\"Das angeleuchtete Hannover Rathaus samt B\u00fchne f\u00fcr das Klassik Open Air\" title=\"Das angeleuchtete Hannover Rathaus samt B\u00fchne f\u00fcr das Klassik Open Air | NDR, Michael Upphoff\" class=\"responsive\"\/><\/p>\n<p>\n                Stand: 22.08.2026 06:00 Uhr<\/p>\n<p class=\"preface\">Es bietet einfach rundum Genuss: das Hannover Klassik Open Air im Maschpark. In der diesj\u00e4hrigen Ausgabe des &#8222;Oper f\u00fcr alle&#8220;-Events am 21. und 22. August stehen neben den italienischen Klassikern vor allem franz\u00f6sische Opernkomponisten im Mittelpunkt.<\/p>\n<p>    Heute Abend live auf ARTE Concert<\/p>\n<p class=\"\">ARTE Concert \u00fcbertr\u00e4gt das Konzert heute Abend ab 20 Uhr im Video-Livestream, den Player finden Sie auch hier auf dieser Seite.<br \/>3sat sendet einen Mitschnitt des Konzertabends am 27. September 2026.<\/p>\n<p>    Live auf NDR Kultur<\/p>\n<p class=\"\">Au\u00dferdem \u00fcbertr\u00e4gt NDR Kultur das Konzert ab 20 Uhr live im Radio.<\/p>\n<p>        <img decoding=\"async\" src=\"https:\/\/www.europesays.com\/de\/wp-content\/uploads\/2026\/08\/ardrfkonzert110.webp\" alt=\"Das &quot;Konzert&quot;-Logo des ARD Radiofestivals 2024.\" title=\"Das &quot;Konzert&quot;-Logo des ARD Radiofestivals 2024. | ARD\" class=\"responsive\" loading=\"lazy\"\/><\/p>\n<p>Ein neuer Stern am Mezzo-Himmel &#8211; Caterina Piva &#8211; trifft auf die Belcanto-Spezialisten Michael Spyres und Ludovic T\u00e9zier, begleitet von der NDR Radiophilharmonie und Stanislav Kochanovsky. <\/p>\n<p>Hannover Klassik Open Air<br \/><strong>Fr, 21.08.2026 | 20 Uhr<\/strong><br \/><strong>Sa, 22.08.2026\u00a0| 20 Uhr\u00a0<\/strong><br \/>Hannover, Maschpark, Platz der Menschenrechte<br \/>\u00a0<br \/><strong>Stanislav\u00a0Kochanovsky<\/strong>\u00a0Dirigent\u00a0<br \/><strong>Caterina Piva<\/strong> Mezzosopran\u00a0<br \/><strong>Michael Spyres<\/strong>\u00a0Tenor\u00a0\u00a0<br \/><strong>Ludovic\u00a0T\u00e9zier<\/strong>\u00a0Bariton\u00a0<br \/><strong>NDR Radiophilharmonie\u00a0<\/strong><br \/>\u00a0<br \/>OPERNGALA<\/p>\n<p>Musik unter anderem von:<br \/><strong>Georges\u00a0Bizet\u00a0<\/strong><br \/>\u2022 Carmen<br \/>\u2022 Les\u00a0p\u00eacheurs\u00a0de\u00a0perles<br \/><strong>Camille\u00a0Saint-Sa\u00ebns\u00a0<\/strong><br \/>Samson et Dalila<br \/><strong>Jules Massenet\u00a0<\/strong><br \/>Werther<br \/><strong>Francesco\u00a0Cilea\u00a0<\/strong><br \/>Adriana Lecouvreur\u00a0<strong>\u00a0<\/strong><br \/><strong>Giuseppe Verdi\u00a0<\/strong><br \/>\u2022 Nabucco<br \/>\u2022 Otello<br \/>\u2022 Rigoletto<br \/><strong>Giacomo\u00a0Puccini\u00a0<\/strong><br \/>Tosca<\/p>\n<p>Hinweis: Freier Eintritt im Park.<br \/>Weitere Informationen \u00fcber den Veranstalter <a href=\"https:\/\/www.hannover-concerts.de\/events\/klassik-open-air-maschpark-am-neuen-rathaus-bdda5a464488\/\" title=\"Hannover Concerts\" class=\"extlink-preface\" data-type=\"external\" rel=\"nofollow noopener\" target=\"_blank\">Hannover Concerts<\/a><\/p>\n<p>Die \u00dcbertragung der Veranstaltung wird von TVN FACTUAL ENTERTAINMENT produziert und von der nordmedia gef\u00f6rdert.<\/p>\n<p>        <a class=\"button\" href=\"https:\/\/www.ndr.de\/orchester_chor\/radiophilharmonie\/konzerte\/programmheft-246.pdf\" title=\"Das Programmheft zum Herunterladen\" rel=\"nofollow noopener\" target=\"_blank\">Programmheft<\/a><\/p>\n<p class=\"\">Opernliebhaber wie Klassikneulinge kommen beim Hannover Klassik Open Air zusammen, um im besonderen Ambiente des Parks und des erleuchteten Neuen Rathauses die besondere Atmosph\u00e4re zu erleben, zu picknicken und vor allem wunderbare Opernkl\u00e4nge zu genie\u00dfen &#8211; und die werden auch in diesem Jahr von international gefeierten S\u00e4ngerinnen und S\u00e4ngern zusammen mit der NDR Radiophilharmonie unter Chefdirigent Stanislav Kochnovsky pr\u00e4sentiert.<\/p>\n<p class=\"\">2026 geht es dabei \u00e0 la fran\u00e7aise zu, mit Musik von Bizet, Massenet und Saint-Sa\u00ebns. Doch auch bekannte Opernhighlights von Verdi und Puccini werden nicht fehlen. Und das alles wie immer zu freiem Eintritt im Park.<\/p>\n<p>    Caterina Piva: neuer Stern am Mezzo-Himmel<\/p>\n<p class=\"\">Angef\u00fchrt wird die Solistenriege von Caterina Piva, die als neuer Stern am Mezzosopran-Himmel aktuell u. a. als Bizets Carmen gl\u00e4nzt &#8211; j\u00fcngst beispielsweise an der Dresdner Semperoper. Die italienische S\u00e4ngerin eroberte die Theaterb\u00fchne zun\u00e4chst als Schauspielerin, bevor sie Gesang studierte und bereits als Akademistin an der Mail\u00e4nder Scala f\u00fcr Aufsehen sorgte.<\/p>\n<p>    Brillant und vielseitig: Tenor Michael Spyres<\/p>\n<p class=\"\">Der Tenor des diesj\u00e4hrigen Hannover Klassik Open Air ist Michael Spyres. Der US-Amerikaner ist ein ausgewiesener Spezialist f\u00fcr Belcanto, die Romantik und die franz\u00f6sische Grand Op\u00e9ra. Und nicht nur das. Wagnerfans kennen ihn als Heldentenor auf dem Bayreuther Gr\u00fcnen H\u00fcgel, wo er 2024 als Siegmund bei den Festspielen deb\u00fctierte und 2025 auch als Stolzing bejubelt wurde.<\/p>\n<p>    Ein Wiedersehen mit Starbariton Ludovic T\u00e9zier<\/p>\n<p class=\"\">Bereits zum dritten Mal ist der franz\u00f6sische Starbariton Ludovic T\u00e9zier beim Hannover Klassik Open Air dabei: Seine Auftritte im Maschpark als Rigoletto 2017 und als Don Giovanni 2018 d\u00fcrften vielen Besucherinnen und Besuchern noch in bester Erinnerung sein. Aktuell steht er u. a. als Zurga in Bizets &#8222;Die Perlenfischer&#8220; auf der B\u00fchne der Wiener Staatsoper und singt in der Arena di Verona die Titelpartie in Verdis &#8222;Nabucco&#8220;.<\/p>\n<p class=\"\">Autorin: Andrea Hechtenberg <\/p>\n","protected":false},"excerpt":{"rendered":"Stand: 22.08.2026 06:00 Uhr Es bietet einfach rundum Genuss: das Hannover Klassik Open Air im Maschpark. In der&hellip;\n","protected":false},"author":2,"featured_media":996241,"comment_status":"","ping_status":"","sticky":false,"template":"","format":"standard","meta":{"footnotes":"","_share_on_mastodon":"0"},"categories":[1836],"tags":[3364,29,30,35119,46,215231,77425,45497,1411,97,109999],"class_list":["post-1252759","post","type-post","status-publish","format-standard","has-post-thumbnail","category-hannover","tag-de","tag-deutschland","tag-germany","tag-gesang","tag-hannover","tag-hannover-klassik-open-air","tag-maschpark","tag-ndr-radiophilharmonie","tag-niedersachsen","tag-oper","tag-stanislav-kochanovsky"],"share_on_mastodon":{"url":"https:\/\/pubeurope.com\/@de\/117137443311705944","error":""},"_links":{"self":[{"href":"https:\/\/www.europesays.com\/de\/wp-json\/wp\/v2\/posts\/1252759","targetHints":{"allow":["GET"]}}],"collection":[{"href":"https:\/\/www.europesays.com\/de\/wp-json\/wp\/v2\/posts"}],"about":[{"href":"https:\/\/www.europesays.com\/de\/wp-json\/wp\/v2\/types\/post"}],"author":[{"embeddable":true,"href":"https:\/\/www.europesays.com\/de\/wp-json\/wp\/v2\/users\/2"}],"replies":[{"embeddable":true,"href":"https:\/\/www.europesays.com\/de\/wp-json\/wp\/v2\/comments?post=1252759"}],"version-history":[{"count":0,"href":"https:\/\/www.europesays.com\/de\/wp-json\/wp\/v2\/posts\/1252759\/revisions"}],"wp:featuredmedia":[{"embeddable":true,"href":"https:\/\/www.europesays.com\/de\/wp-json\/wp\/v2\/media\/996241"}],"wp:attachment":[{"href":"https:\/\/www.europesays.com\/de\/wp-json\/wp\/v2\/media?parent=1252759"}],"wp:term":[{"taxonomy":"category","embeddable":true,"href":"https:\/\/www.europesays.com\/de\/wp-json\/wp\/v2\/categories?post=1252759"},{"taxonomy":"post_tag","embeddable":true,"href":"https:\/\/www.europesays.com\/de\/wp-json\/wp\/v2\/tags?post=1252759"}],"curies":[{"name":"wp","href":"https:\/\/api.w.org\/{rel}","templated":true}]}}