{"id":1252918,"date":"2026-08-22T06:57:14","date_gmt":"2026-08-22T06:57:14","guid":{"rendered":"https:\/\/www.europesays.com\/de\/1252918\/"},"modified":"2026-08-22T06:57:14","modified_gmt":"2026-08-22T06:57:14","slug":"fortuna-duesseldorf-sc-freiburg-live-im-tv-und-stream-dfb-pokal-uebertragung-im-free-tv-termin-uhrzeit","status":"publish","type":"post","link":"https:\/\/www.europesays.com\/de\/1252918\/","title":{"rendered":"Fortuna D\u00fcsseldorf &#8211; SC Freiburg live im TV und Stream: DFB-Pokal-\u00dcbertragung im Free-TV? Termin, Uhrzeit"},"content":{"rendered":"<p class=\"mb-6 text-xs-varying md:text-m lg:text-l font-serif group-[.font-sans]:font-sans \">\n    Der DFB-Pokal findet auch in diesem Jahr wieder statt, und das bereits in der 84. Ausgabe. Das Besondere an dem Fu\u00dfballturnier ist dabei, dass Mannschaften aus verschiedenen deutschen Fu\u00dfballligen aufeinandertreffen. Insgesamt gehen 64 Vereine an den Start, die in der Saison 2026\/27 entweder in der <a href=\"https:\/\/www.augsburger-allgemeine.de\/sport\/bundesliga-saison-26-27-beginn-spielplan-tabelle-termine-der-64-spielzeit-22-8-26-114226564\" target=\"_self\" class=\"underline \" rel=\"nofollow noopener\">Bundesliga<\/a>, <a href=\"https:\/\/www.augsburger-allgemeine.de\/sport\/2-bundesliga-26-27-beginn-spielplan-termine-der-neuen-saison-22-8-2026-114229012\" target=\"_self\" class=\"underline \" rel=\"nofollow noopener\">2. Bundesliga<\/a>, <a href=\"https:\/\/www.augsburger-allgemeine.de\/sport\/3-liga-26-27-beginn-neue-saison-spielplan-termine-22-8-26-114240325\" target=\"_self\" class=\"underline \" rel=\"nofollow noopener\">3. Fu\u00dfballliga<\/a>, Regionalliga oder in der Oberliga vertreten sind. Das Turnier startet mit der ersten Hauptrunde, in der 32 Spiele ausgetragen werden. Eines dieser Duelle der ersten Runde ist die Partie zwischen Fortuna D\u00fcsseldorf aus der 3. Fu\u00dfballliga und dem SC Freiburg aus der Bundesliga. Wer aus diesem Spiel siegreich hervorgeht, qualifiziert sich f\u00fcr die 2. Hauptrunde des DFB-Pokals. Der Verlierer scheidet aus dem Turnier aus. F\u00fcr Fortuna D\u00fcsseldorf und den SC Freiburg geht es im Duell somit um den Verbleib im DFB-Pokal 2026\/27.\n  <\/p>\n<p class=\"mb-6 text-xs-varying md:text-m lg:text-l font-serif group-[.font-sans]:font-sans \">\n    Wann findet das DFB-Pokal-Spiel zwischen Fortuna D\u00fcsseldorf und dem SC Freiburg statt? Wo kann man die Partie live im <a href=\"https:\/\/www.augsburger-allgemeine.de\/panorama\/tv\" target=\"_self\" class=\"underline \" rel=\"nofollow noopener\">Fernsehen<\/a> und im Stream verfolgen und wie sieht die Bilanz zwischen den beiden Vereinen aus? Die Antworten darauf haben wir in diesem Artikel f\u00fcr Sie zusammengestellt.\n  <\/p>\n<p>            Fortuna D\u00fcsseldorf gegen SC Freiburg im DFB-Pokal 2026\/27: Termin und Ansto\u00dfzeit<\/p>\n<p class=\"mb-6 text-xs-varying md:text-m lg:text-l font-serif group-[.font-sans]:font-sans \">\n    Fortuna D\u00fcsseldorf empf\u00e4ngt den SC Freiburg in der ersten Hauptrunde des DFB-Pokals 2026\/27 in der heimischen Merkur Spiel-Arena in D\u00fcsseldorf. Laut dem <a href=\"https:\/\/www.augsburger-allgemeine.de\/sport\/dfb-pokal-26-27-spielplan-und-termine-22-8-26-114720457\" target=\"_self\" class=\"underline \" rel=\"nofollow noopener\">DFB-Pokal-Spielplan<\/a> wird die Partie am<strong class=\"font-bold\"> Sonntag, dem 23. August 2026, um 18:00 Uhr<\/strong> angepfiffen.\n  <\/p>\n<p>            Fortuna D\u00fcsseldorf &#8211; SC Freiburg live im TV und Stream: \u00dcbertragung der 1. Runde des DFB-Pokals 26\/27<\/p>\n<p class=\"mb-6 text-xs-varying md:text-m lg:text-l font-serif group-[.font-sans]:font-sans \">\n    Die <a href=\"https:\/\/www.augsburger-allgemeine.de\/sport\/dfb-pokal-26-27-uebertragung-im-free-tv-und-stream-tv-termine-22-8-2026-114721391\" target=\"_self\" class=\"underline \" rel=\"nofollow noopener\">\u00dcbertragung des DFB-Pokals in der Saison 2026\/27<\/a> erfolgt \u00fcber zwei m\u00f6gliche Wege. Wer alle 63 DFB-Pokal-Spiele live im Fernsehen oder im Stream ansehen m\u00f6chte, kann auf den kostenpflichtigen Anbieter Sky zur\u00fcckgreifen. Unumg\u00e4nglich ist daf\u00fcr jedoch, dass ein Abonnement beim Anbieter abgeschlossen wird. Eine kostenlose Alternative bieten die beiden \u00f6ffentlich-rechtlichen Sender ARD und ZDF. Sie zeigen insgesamt 15 ausgew\u00e4hlte Spiele live im TV sowie im Livestream der jeweiligen Mediathek, wie etwa das Finalspiel am 29. Mai 2027 in Berlin. Die Partie zwischen Fortuna D\u00fcsseldorf und dem SC Freiburg kann allerdings nicht auf diesem Wege verfolgt werden. Somit f\u00fchrt f\u00fcr Fu\u00dfballfans in diesem Fall kein Weg an Sky vorbei.\n  <\/p>\n<p class=\"mb-6 text-xs-varying md:text-m lg:text-l font-serif group-[.font-sans]:font-sans \">\n    Alle Eckdaten zum DFB-Pokal-Spiel zwischen D\u00fcsseldorf und Freiburg im \u00dcberblick:\n  <\/p>\n<ul rel=\"\" class=\"[&amp;&gt;li]:relative list-none  [&amp;&gt;li]:pl-[1.2em] [&amp;&gt;li]:marker:text-[0] [&amp;&gt;li]:relative [&amp;&gt;li]:before:absolute [&amp;&gt;li]:before:w-3 [&amp;&gt;li]:before:h-3 [&amp;&gt;li]:before:bg-brand [&amp;&gt;li]:before:left-0 [&amp;&gt;li]:before:rounded-full [&amp;&gt;li]:before:top-[8px] md:[&amp;&gt;li]:before:top-[9px] lg:[&amp;&gt;li]:before:top-[11px]  my-5\">\n<li class=\" mb-3 text-xs-varying md:text-m lg:text-l\">Spiel: Fortuna D\u00fcsseldorf vs. SC Freiburg (DFB-Pokal 2026\/27, 1. Runde)<\/li>\n<li class=\" mb-3 text-xs-varying md:text-m lg:text-l\">Datum: Sonntag, 23. August 2026<\/li>\n<li class=\" mb-3 text-xs-varying md:text-m lg:text-l\">Uhrzeit: 18 Uhr<\/li>\n<li class=\" mb-3 text-xs-varying md:text-m lg:text-l\">Ort: Merkur Spiel-Arena in D\u00fcsseldorf (Deutschland)<\/li>\n<li class=\" mb-3 text-xs-varying md:text-m lg:text-l\">\u00dcbertragung im Free-TV: &#8212;<\/li>\n<li class=\" mb-3 text-xs-varying md:text-m lg:text-l\">\u00dcbertragung im Pay-TV: Sky<\/li>\n<li class=\" mb-3 text-xs-varying md:text-m lg:text-l\">\u00dcbertragung im Live-Stream: Sky, WOW<\/li>\n<\/ul>\n<p>            D\u00fcsseldorf vs. Freiburg im DFB-Pokal 26\/27: Bilanz der beiden Teams<\/p>\n<p class=\"mb-6 text-xs-varying md:text-m lg:text-l font-serif group-[.font-sans]:font-sans \">\n    Fortuna D\u00fcsseldorf und der SC Freiburg treffen am 23. August 2026 bereits zum 22. Mal auf dem Fu\u00dfballplatz aufeinander. Denn wie Daten des <a href=\"https:\/\/datencenter.dfb.de\/datencenter\/mannschaftsvergleich\/fortuna-duesseldorf\/sc-freiburg\" rel=\"nofollow noopener\" target=\"_blank\" class=\"underline \">DFB<\/a> verraten, standen sich die beiden Vereine bisher insgesamt 21-mal gegen\u00fcber. Davon konnte Fortuna D\u00fcsseldorf sieben Spiele f\u00fcr sich entscheiden, neun Partien endeten mit einem Sieg der Freiburger und f\u00fcnf Spiele endeten mit einem Unentschieden. In der Gesamtbilanz hat der SC Freiburg somit die Nase vor Fortuna D\u00fcsseldorf. Ein \u00e4hnliches Bild ergibt die letzte Partie zwischen den Mannschaften, die im Rahmen des vergangenen DFB-Pokals der Saison 2025\/26 ausgetragen wurde: Das Duell in der zweiten Hauptrunde am 29. Oktober 2025 endete n\u00e4mlich mit einem 3:1-Sieg f\u00fcr den SC Freiburg.\n  <\/p>\n","protected":false},"excerpt":{"rendered":"Der DFB-Pokal findet auch in diesem Jahr wieder statt, und das bereits in der 84. Ausgabe. Das Besondere&hellip;\n","protected":false},"author":2,"featured_media":1252919,"comment_status":"","ping_status":"","sticky":false,"template":"","format":"standard","meta":{"footnotes":"","_share_on_mastodon":"0"},"categories":[1831],"tags":[3364,29,481,3405,3132,295,183168,18353,30,17558,1209,7002,298,684],"class_list":["post-1252918","post","type-post","status-publish","format-standard","has-post-thumbnail","category-duesseldorf","tag-de","tag-deutschland","tag-dfb","tag-duesseldorf","tag-fortuna-duesseldorf","tag-freiburg","tag-fussballliga","tag-fussballturnier","tag-germany","tag-hauptrunde","tag-nordrhein-westfalen","tag-pokalspiel","tag-sc-freiburg","tag-tv"],"share_on_mastodon":{"url":"https:\/\/pubeurope.com\/@de\/117137863337983232","error":""},"_links":{"self":[{"href":"https:\/\/www.europesays.com\/de\/wp-json\/wp\/v2\/posts\/1252918","targetHints":{"allow":["GET"]}}],"collection":[{"href":"https:\/\/www.europesays.com\/de\/wp-json\/wp\/v2\/posts"}],"about":[{"href":"https:\/\/www.europesays.com\/de\/wp-json\/wp\/v2\/types\/post"}],"author":[{"embeddable":true,"href":"https:\/\/www.europesays.com\/de\/wp-json\/wp\/v2\/users\/2"}],"replies":[{"embeddable":true,"href":"https:\/\/www.europesays.com\/de\/wp-json\/wp\/v2\/comments?post=1252918"}],"version-history":[{"count":0,"href":"https:\/\/www.europesays.com\/de\/wp-json\/wp\/v2\/posts\/1252918\/revisions"}],"wp:featuredmedia":[{"embeddable":true,"href":"https:\/\/www.europesays.com\/de\/wp-json\/wp\/v2\/media\/1252919"}],"wp:attachment":[{"href":"https:\/\/www.europesays.com\/de\/wp-json\/wp\/v2\/media?parent=1252918"}],"wp:term":[{"taxonomy":"category","embeddable":true,"href":"https:\/\/www.europesays.com\/de\/wp-json\/wp\/v2\/categories?post=1252918"},{"taxonomy":"post_tag","embeddable":true,"href":"https:\/\/www.europesays.com\/de\/wp-json\/wp\/v2\/tags?post=1252918"}],"curies":[{"name":"wp","href":"https:\/\/api.w.org\/{rel}","templated":true}]}}