{"id":1253081,"date":"2026-08-22T08:54:26","date_gmt":"2026-08-22T08:54:26","guid":{"rendered":"https:\/\/www.europesays.com\/de\/1253081\/"},"modified":"2026-08-22T08:54:26","modified_gmt":"2026-08-22T08:54:26","slug":"riesenrad-musik-maerchenstunde-das-ist-am-wochenende-in-muenchen-geboten","status":"publish","type":"post","link":"https:\/\/www.europesays.com\/de\/1253081\/","title":{"rendered":"Riesenrad, Musik &#038; M\u00e4rchenstunde: Das ist am Wochenende in M\u00fcnchen geboten"},"content":{"rendered":"<p>Vorbei ist es erst mal mit der Schwitzphase der letzten Sommerwochen, dieses Wochenende (22.\/23.8.) sind angenehme 21 Grad angesagt. Am Samstag vielleicht noch mit ein paar Regentr\u00f6pferln, Sonntag soll es aber wieder sehr sonnig sein. Damit ist einiges an entspanntem Freizeitprogramm in der Stadt m\u00f6glich. Sie haben noch keine Pl\u00e4ne gemacht? Hier haben wir eine kleine Auswahl an Tipps zusammengetragen.<\/p>\n<p>Sommerfestival im Olympiapark<\/p>\n<p>Wer noch nicht beim Sommerfestival im <a href=\"https:\/\/www.abendzeitung-muenchen.de\/thema\/olympiapark\/\" rel=\"nofollow noopener\" target=\"_blank\">Olympiapark<\/a> war: Der dreiw\u00f6chige Buden- und Riesenradzauber endet diesen Sonntag (23.8.). Es ist also die letzte M\u00f6glichkeit, bei freiem Eintritt aufs Gel\u00e4nde noch schnell all die Fahrgesch\u00e4fte und Buden zu genie\u00dfen, die M\u00fcnchner Schausteller aufgefahren haben. Es gibt Herzhaftes und S\u00fc\u00dfes auf die Hand. Familien sollten im &#8222;Kinderland&#8220; auf dem Dach der Kleinen Olympiahalle vorbeischauen, da k\u00f6nnen Kinder basteln und spielen. <br \/>Olympiapark, Sa\/So ge\u00f6ffnet von 11-23 Uhr<\/p>\n<p>      <img decoding=\"async\" loading=\"lazy\" src=\"https:\/\/www.europesays.com\/de\/wp-content\/uploads\/2026\/08\/1731269_muenchen_artikelbild-100proz_1Gyapp_PfsWAu.jpg\" alt=\"Noch bis Sonntag (23.8.) l\u00e4uft das Sommerfestival mit Riesenrad im Olympiapark.\" title=\"Noch bis Sonntag (23.8.) l\u00e4uft das Sommerfestival mit Riesenrad im Olympiapark.\" width=\"812\" height=\"541\"\/><\/p>\n<p>      Noch bis Sonntag (23.8.) l\u00e4uft das Sommerfestival mit Riesenrad im Olympiapark.<br \/>\n      \u00a9 IMAGO\/B. Lindenthaler<\/p>\n<p>    Noch bis Sonntag (23.8.) l\u00e4uft das Sommerfestival mit Riesenrad im Olympiapark.<\/p>\n<p>von IMAGO\/B. Lindenthaler <\/p>\n<p>&#8222;}&#8220;&gt; <\/p>\n<p>Josi Miller &amp; Schlachthofbronx<\/p>\n<p>Einen allerletzten Tag l\u00e4uft am Samstag gleich nebenan noch der kostenlose Theatron Musiksommer im Amphitheater am Olympiasee. 60 Bands und K\u00fcnstler waren dort in den vergangenen drei Wochen auf der kreisrunden Seeb\u00fchne. Zum Abschluss am Samstag ist um 19 Uhr die Berliner DJane, Musikproduzentin und S\u00e4ngerin Josi Miller zu h\u00f6ren. Um 20.30 Uhr folgen die M\u00fcnchner Jakob und Bene, die sich als &#8222;Schlachthofbronx&#8220; basslastiger Clubmusik verschrieben haben. <br \/>Sa ab 19 Uhr, Spiridon-Louis-Ring 21 (vor der Olympia-Schwimmhalle)<\/p>\n<p>Am\u00fcsantes \u00fcber M\u00fcnchens Altstadt<\/p>\n<p>Haben Sie schon mal eine Altstadtf\u00fchrung mit einem G\u00e4stef\u00fchrer der Stadt mitgemacht? Die eignet sich n\u00e4mlich nicht nur f\u00fcr M\u00fcnchen-Touristen, sondern auch f\u00fcr Einheimische, die spannende Fakten lernen und am\u00fcsanten Anekdoten lauschen wollen. Am Samstag und Sonntag starten solche deutschsprachigen F\u00fchrungen am <a href=\"https:\/\/www.abendzeitung-muenchen.de\/thema\/marienplatz\/\" rel=\"nofollow noopener\" target=\"_blank\">Marienplatz<\/a>. Die zweist\u00fcndige Route (mit Frauenkirche, Hofbr\u00e4uhaus, Maximilianstra\u00dfe, Residenz, Feldherrnhalle, <a href=\"https:\/\/www.abendzeitung-muenchen.de\/thema\/odeonsplatz\/\" rel=\"nofollow noopener\" target=\"_blank\">Odeonsplatz<\/a>, Viktualienmarkt; nur eingeschr\u00e4nkt barrierefrei) ist drei Kilometer lang. Die Gruppe ist in gem\u00fctlichem Tempo unterwegs. Die Tour endet nahe dem Viktualienmarkt, wo man dann eine Kaffeepause einlegen oder an den Marktstandln flanieren kann. <br \/>Sa 11.30 und 14 Uhr, So 11.30 Uhr. Treffpunkt zehn Minuten vor Beginn an der Tourist-Info am Rathaus am Marienplatz. Ticket 22 Euro an der Kasse<\/p>\n<p>      <img decoding=\"async\" loading=\"lazy\" src=\"https:\/\/www.europesays.com\/de\/wp-content\/uploads\/2026\/08\/1731270_altstadt-muenchen-themenbild-22-07-2026_artikelbild-100proz_1Gyapr_saZWBF.jpg\" alt=\"Mehrere Altstadtf\u00fchrungen starten am Marienplatz.\" title=\"Mehrere Altstadtf\u00fchrungen starten am Marienplatz.\" width=\"812\" height=\"541\"\/><\/p>\n<p>      Mehrere Altstadtf\u00fchrungen starten am Marienplatz.<br \/>\n      \u00a9 IMAGO\/HMB Media\/Heike Feiner<\/p>\n<p>    Mehrere Altstadtf\u00fchrungen starten am Marienplatz.<\/p>\n<p>von IMAGO\/HMB Media\/Heike Feiner <\/p>\n<p>&#8222;}&#8220;&gt; <\/p>\n<p>M\u00e4rchen im Westpark<\/p>\n<p>Sie m\u00f6chten mit Ihren Kindern etwas Sch\u00f6nes unternehmen, am besten kostenlos? Dann auf zu &#8222;M\u00e4rchen im Westpark&#8220;. Dort erz\u00e4hlen K\u00fcnstlerinnen M\u00e4rchen, Sagen, Fabeln und Geschichten f\u00fcr Kinder von etwa drei bis zw\u00f6lf Jahren. Alle 20 Minuten beginnt eine neue Geschichte. <br \/>Sa 13-14.30 Uhr und 15.30-17 Uhr, So 10.30-12 Uhr und 13-14.30 Uhr. Ort: Holzrundh\u00fctte im Westpark West, nahe dem Spielplatz und dem Parkeingang Gilmstra\u00dfe\/Pre\u00dfburger Stra\u00dfe<\/p>\n<p>Kleiner Hofflohmarkt in Freiham<\/p>\n<p>Auch einen kleinen Hofflohmarkt gibt es an diesem Samstag, und zwar in Freiham im M\u00fcnchner Westen rund um die Otto-Meitinger- und Marie-Luise-Jahn-Stra\u00dfe. Die Standl, an denen Viertel-Anwohnerinnen und Anwohner im eigenen Hof, Garten oder in der Garage Kleider, Spielsachen, B\u00fccher, Geschirr, Schmuck, kleine M\u00f6bel und sonstigen Tr\u00f6del aller Art verkaufen, sind von 10-16 Uhr aufgebaut (bei jedem Wetter; auf dem Gehweg verkaufen ist nicht erlaubt).<\/p>\n<p>      <img decoding=\"async\" loading=\"lazy\" src=\"https:\/\/www.europesays.com\/de\/wp-content\/uploads\/2026\/08\/1731271_flohmarkt-mnet_artikelbild-100proz_1Gyapq_rAzEGL.png\" alt=\"Samstag ist Hofflohmarkt in Freiham.\" title=\"Samstag ist Hofflohmarkt in Freiham.\" width=\"613\" height=\"498\"\/><\/p>\n<p>      Samstag ist Hofflohmarkt in Freiham.<br \/>\n      \u00a9 Mnet<\/p>\n<p>    Samstag ist Hofflohmarkt in Freiham.<\/p>\n<p>von Mnet <\/p>\n<p>&#8222;}&#8220;&gt; <\/p>\n<p>Open-Air-Theater im Hof der Glyptothek<\/p>\n<p>Lust auf Open-Air-Theater am Samstagvormittag? Im Innenhof der Glyptothek am K\u00f6nigsplatz ist das St\u00fcck &#8222;Antigone&#8220; zu sehen. <br \/>Samstag, 10-12.30 Uhr (Einlass 9 Uhr), Ticket: 41,50 Euro, Sch\u00fcler\/Studenten 23,50 Euro<\/p>\n<p>      <img decoding=\"async\" loading=\"lazy\" src=\"https:\/\/www.europesays.com\/de\/wp-content\/uploads\/2026\/08\/1731272_die-abenteuer-des-kleinen-baeren-977_artikelbild-100proz_1Gyaps_avLBg1.jpg\" alt=\"F\u00fcr Kinder ab vier Jahren: \u201eDie Abenteuer des kleinen B\u00e4ren\u201c im M\u00fcnchner Marionettentheater.\" title=\"F\u00fcr Kinder ab vier Jahren: \u201eDie Abenteuer des kleinen B\u00e4ren\u201c im M\u00fcnchner Marionettentheater.\" width=\"812\" height=\"812\"\/><\/p>\n<p>      F\u00fcr Kinder ab vier Jahren: \u201eDie Abenteuer des kleinen B\u00e4ren\u201c im M\u00fcnchner Marionettentheater.<br \/>\n      \u00a9 M\u00fcnchner Marionettentheater<\/p>\n<p>    F\u00fcr Kinder ab vier Jahren: \u201eDie Abenteuer des kleinen B\u00e4ren\u201c im M\u00fcnchner Marionettentheater.<\/p>\n<p>von M\u00fcnchner Marionettentheater <\/p>\n<p>&#8222;}&#8220;&gt; <\/p>\n<p>Der kleine B\u00e4r im Marionettentheater<\/p>\n<p>Oder Sie gehen mit dem Nachwuchs (ab 4 Jahren) ins M\u00fcnchner Marionettentheater nahe dem <a href=\"https:\/\/www.abendzeitung-muenchen.de\/thema\/sendlinger-tor\/\" rel=\"nofollow noopener\" target=\"_blank\">Sendlinger Tor<\/a>. Samstag und Sonntag (15-16.30 Uhr) ist das St\u00fcck &#8222;Die Abenteuer des kleinen B\u00e4ren&#8220; zu sehen (Kinderticket 13,40 Euro, Erwachsene 17,80 Euro). Samstagabend (19.30 Uhr) wird f\u00fcr Jugendliche und Erwachsene &#8222;Die Zauberfl\u00f6te&#8220; gespielt (150 Minuten, Ticket 12\/23\/25 Euro). <br \/>M\u00fcnchner Marionettentheater, Blumenstra\u00dfe 32<\/p>\n","protected":false},"excerpt":{"rendered":"Vorbei ist es erst mal mit der Schwitzphase der letzten Sommerwochen, dieses Wochenende (22.\/23.8.) sind angenehme 21 Grad&hellip;\n","protected":false},"author":2,"featured_media":1252055,"comment_status":"","ping_status":"","sticky":false,"template":"","format":"standard","meta":{"footnotes":"","_share_on_mastodon":"0"},"categories":[1827],"tags":[2922,772,29,30,242427,54917,1268,2007,76175,259137,1467,4749],"class_list":["post-1253081","post","type-post","status-publish","format-standard","has-post-thumbnail","category-muenchen","tag-altstadt","tag-bayern","tag-deutschland","tag-germany","tag-glyptothek","tag-marionettentheater","tag-muenchen","tag-olympiapark","tag-sommerfestival","tag-theatron","tag-tipps","tag-wochenende"],"share_on_mastodon":{"url":"https:\/\/pubeurope.com\/@de\/117138326759000646","error":""},"_links":{"self":[{"href":"https:\/\/www.europesays.com\/de\/wp-json\/wp\/v2\/posts\/1253081","targetHints":{"allow":["GET"]}}],"collection":[{"href":"https:\/\/www.europesays.com\/de\/wp-json\/wp\/v2\/posts"}],"about":[{"href":"https:\/\/www.europesays.com\/de\/wp-json\/wp\/v2\/types\/post"}],"author":[{"embeddable":true,"href":"https:\/\/www.europesays.com\/de\/wp-json\/wp\/v2\/users\/2"}],"replies":[{"embeddable":true,"href":"https:\/\/www.europesays.com\/de\/wp-json\/wp\/v2\/comments?post=1253081"}],"version-history":[{"count":0,"href":"https:\/\/www.europesays.com\/de\/wp-json\/wp\/v2\/posts\/1253081\/revisions"}],"wp:featuredmedia":[{"embeddable":true,"href":"https:\/\/www.europesays.com\/de\/wp-json\/wp\/v2\/media\/1252055"}],"wp:attachment":[{"href":"https:\/\/www.europesays.com\/de\/wp-json\/wp\/v2\/media?parent=1253081"}],"wp:term":[{"taxonomy":"category","embeddable":true,"href":"https:\/\/www.europesays.com\/de\/wp-json\/wp\/v2\/categories?post=1253081"},{"taxonomy":"post_tag","embeddable":true,"href":"https:\/\/www.europesays.com\/de\/wp-json\/wp\/v2\/tags?post=1253081"}],"curies":[{"name":"wp","href":"https:\/\/api.w.org\/{rel}","templated":true}]}}