{"id":1253092,"date":"2026-08-22T09:04:15","date_gmt":"2026-08-22T09:04:15","guid":{"rendered":"https:\/\/www.europesays.com\/de\/1253092\/"},"modified":"2026-08-22T09:04:15","modified_gmt":"2026-08-22T09:04:15","slug":"10-000-schritte-durch-berlin-30-kunstwerke-und-viele-offene-fragen-in-der-city-west","status":"publish","type":"post","link":"https:\/\/www.europesays.com\/de\/1253092\/","title":{"rendered":"10.000 Schritte durch Berlin: 30 Kunstwerke und viele offene Fragen in der City West"},"content":{"rendered":"<p class=\"tspCKpk tspCKpl\">Sich als Tourist in der eigenen Stadt zu f\u00fchlen, ist ein sch\u00f6ner Vorsatz, um in diese <a href=\"https:\/\/www.tagesspiegel.de\/sport\/10000-schritte-durch-berlin-von-trinkbrunnen-zu-trinkbrunnen-durch-friedrichshain-15858168.html?icid=in-text-link_15948392\" class=\"link link--internal\" data-gtm-class=\"article-text-link\" data-gtm-val=\"internal\" rel=\"nofollow noopener\" target=\"_blank\">10.000-Schritte-Tour<\/a> zu starten. Wir beginnen unseren \u201eKunst im \u00f6ffentlichen Raum\u201c-Spaziergang im Epizentrum des \u201ealten Westberlins\u201c, am Breitscheidplatz. Da unsere Runde hier auch wieder enden wird, w\u00e4hlen wir zun\u00e4chst aus, womit wir beginnen, denn die Auswahl an Werken ist gro\u00df.<\/p>\n","protected":false},"excerpt":{"rendered":"Sich als Tourist in der eigenen Stadt zu f\u00fchlen, ist ein sch\u00f6ner Vorsatz, um in diese 10.000-Schritte-Tour zu&hellip;\n","protected":false},"author":2,"featured_media":1253093,"comment_status":"","ping_status":"","sticky":false,"template":"","format":"standard","meta":{"footnotes":"","_share_on_mastodon":"0"},"categories":[1825],"tags":[296,531,29,30,27668,58,107817,61744,6500],"class_list":["post-1253092","post","type-post","status-publish","format-standard","has-post-thumbnail","category-berlin","tag-berlin","tag-charlottenburg-wilmersdorf","tag-deutschland","tag-germany","tag-kunst-in-berlin","tag-syrien","tag-tanz-in-potsdam","tag-werder-havel","tag-zoo"],"share_on_mastodon":{"url":"https:\/\/pubeurope.com\/@de\/117138362693502861","error":""},"_links":{"self":[{"href":"https:\/\/www.europesays.com\/de\/wp-json\/wp\/v2\/posts\/1253092","targetHints":{"allow":["GET"]}}],"collection":[{"href":"https:\/\/www.europesays.com\/de\/wp-json\/wp\/v2\/posts"}],"about":[{"href":"https:\/\/www.europesays.com\/de\/wp-json\/wp\/v2\/types\/post"}],"author":[{"embeddable":true,"href":"https:\/\/www.europesays.com\/de\/wp-json\/wp\/v2\/users\/2"}],"replies":[{"embeddable":true,"href":"https:\/\/www.europesays.com\/de\/wp-json\/wp\/v2\/comments?post=1253092"}],"version-history":[{"count":0,"href":"https:\/\/www.europesays.com\/de\/wp-json\/wp\/v2\/posts\/1253092\/revisions"}],"wp:featuredmedia":[{"embeddable":true,"href":"https:\/\/www.europesays.com\/de\/wp-json\/wp\/v2\/media\/1253093"}],"wp:attachment":[{"href":"https:\/\/www.europesays.com\/de\/wp-json\/wp\/v2\/media?parent=1253092"}],"wp:term":[{"taxonomy":"category","embeddable":true,"href":"https:\/\/www.europesays.com\/de\/wp-json\/wp\/v2\/categories?post=1253092"},{"taxonomy":"post_tag","embeddable":true,"href":"https:\/\/www.europesays.com\/de\/wp-json\/wp\/v2\/tags?post=1253092"}],"curies":[{"name":"wp","href":"https:\/\/api.w.org\/{rel}","templated":true}]}}