{"id":1253149,"date":"2026-08-22T09:51:12","date_gmt":"2026-08-22T09:51:12","guid":{"rendered":"https:\/\/www.europesays.com\/de\/1253149\/"},"modified":"2026-08-22T09:51:12","modified_gmt":"2026-08-22T09:51:12","slug":"schlaeger-attackiert-und-verletzt-bielefelder-am-jahnplatz-schwer-3","status":"publish","type":"post","link":"https:\/\/www.europesays.com\/de\/1253149\/","title":{"rendered":"Schl\u00e4ger attackiert und verletzt Bielefelder am Jahnplatz schwer"},"content":{"rendered":"<p id=\"absatz1\" class=\"em_text\">Bielefeld. Mit dem Ruf seines Namens wurde ein 31-j\u00e4hriger Bielefelder nach dem Besuch des \u201eCaf\u00e9 Europa\u201c am Jahnplatz aufgehalten. Als er sich umwandte, schlug ihm ein unbekannter Mann \u201eunvermittelt mit der Faust ins Gesicht\u201c, wie es im Polizeibericht hei\u00dft. Der Angegriffene wurde dabei schwer verletzt und musste ins Krankenhaus eingeliefert werden.<\/p>\n<p id=\"absatz2\" class=\"em_text\">Wie die Bielefelder Polizei mitteilt, ereignete sich diese K\u00f6rperverletzung bereits am fr\u00fchen Sonntag, 21. Juni 2026, gegen 3.15 Uhr. Die bisherigen Versuche der Kripo, den Schl\u00e4ger zu identifizieren, schlugen fehl. Nun hoffen Kriminalbeamte darauf, dass Zeugen Hinweise zu dem Schl\u00e4ger geben k\u00f6nnen.<\/p>\n<p id=\"absatz3\" class=\"em_text\">Das Opfer der Pr\u00fcgelattacke konnte nicht sagen, wer der Mann war. Offenbar hatte der Schl\u00e4ger den Namen des Opfers \u00fcber Dritte erfahren.<\/p>\n<p id=\"absatz4\"><b class=\"bold\">Gewalt am Jahnplatz<\/b>: <a href=\"https:\/\/www.nw.de\/lokal\/bielefeld\/mitte\/24212463_Ich-bringe-Euch-alle-um-Bielefelder-Kampfsportmeister-62-stoppt-beaengstigenden-Aggressor.html\" rel=\"nofollow noopener\" target=\"_blank\">\u201eIch bringe Euch alle um\u201c: Bielefelder Kampfsportmeister (62) stoppt Aggressor<\/a><\/p>\n<p>Wer kennt dunkelblonden Schl\u00e4ger mit Oberlippenbart?<\/p>\n<p id=\"absatz5\" class=\"em_text\">Der T\u00e4ter (20 bis 30 Jahre, 1,75 Meter, schmale Statur, dunkelblondes Haar, leichter Oberlippenbart) weist ein osteurop\u00e4isches Erscheinungsbild auf. Am Tattag trug er ein schwarzes Shirt der Marke \u201eBalenciaga\u201c mit orange-farbener Aufschrift sowie helle Jeans.<\/p>\n<p id=\"absatz6\" class=\"em_text\">Zeugen, die Hinweise zu der K\u00f6rperverletzung geben k\u00f6nnen, melden sich beim Kriminalkommissariat 14 der Polizei Bielefeld unter Tel. 0521 5450.<\/p>\n<p id=\"absatz7\"><b class=\"bold\">Auch interessant:<\/b> <a href=\"https:\/\/www.nw.de\/lokal\/bielefeld\/mitte\/24360701_Bielefelder-Polizei-untersucht-brutale-Gewaltausbrueche-nach-WM-Spiel-v1.html\" rel=\"nofollow noopener\" target=\"_blank\">Bielefelder Polizei untersucht brutale Gewaltausbr\u00fcche nach WM-Spiel<\/a> <\/p>\n","protected":false},"excerpt":{"rendered":"Bielefeld. Mit dem Ruf seines Namens wurde ein 31-j\u00e4hriger Bielefelder nach dem Besuch des \u201eCaf\u00e9 Europa\u201c am Jahnplatz&hellip;\n","protected":false},"author":2,"featured_media":1242965,"comment_status":"","ping_status":"","sticky":false,"template":"","format":"standard","meta":{"footnotes":"","_share_on_mastodon":"0"},"categories":[1841],"tags":[124656,1605,102404,3364,29,663,257603,30,1000,26502,682,983,16392,1611,729,1608,198343,736,164252,16384,1613,1209,121,16722,16721,970,257602],"class_list":["post-1253149","post","type-post","status-publish","format-standard","has-post-thumbnail","category-bielefeld","tag-balenciaga","tag-bielefeld","tag-cnt_top-artikel","tag-de","tag-deutschland","tag-europa","tag-faustschlaege","tag-germany","tag-gewalt","tag-jahnplatz","tag-koerperverletzung","tag-kripo","tag-label_blaulicht","tag-label_informiere-mich","tag-label_s-50","tag-label_top-news","tag-meta_artikelklasse_aboanker","tag-meta_copyrights_nw","tag-meta_eo_zusammenfassung","tag-meta_themen_blaulicht_sicherheit","tag-meta_userneeds_informieremich","tag-nordrhein-westfalen","tag-polizei","tag-polizei-bielefeld","tag-polizeibericht-bielefeld","tag-schlager","tag-strassengewalt"],"share_on_mastodon":{"url":"","error":""},"_links":{"self":[{"href":"https:\/\/www.europesays.com\/de\/wp-json\/wp\/v2\/posts\/1253149","targetHints":{"allow":["GET"]}}],"collection":[{"href":"https:\/\/www.europesays.com\/de\/wp-json\/wp\/v2\/posts"}],"about":[{"href":"https:\/\/www.europesays.com\/de\/wp-json\/wp\/v2\/types\/post"}],"author":[{"embeddable":true,"href":"https:\/\/www.europesays.com\/de\/wp-json\/wp\/v2\/users\/2"}],"replies":[{"embeddable":true,"href":"https:\/\/www.europesays.com\/de\/wp-json\/wp\/v2\/comments?post=1253149"}],"version-history":[{"count":0,"href":"https:\/\/www.europesays.com\/de\/wp-json\/wp\/v2\/posts\/1253149\/revisions"}],"wp:featuredmedia":[{"embeddable":true,"href":"https:\/\/www.europesays.com\/de\/wp-json\/wp\/v2\/media\/1242965"}],"wp:attachment":[{"href":"https:\/\/www.europesays.com\/de\/wp-json\/wp\/v2\/media?parent=1253149"}],"wp:term":[{"taxonomy":"category","embeddable":true,"href":"https:\/\/www.europesays.com\/de\/wp-json\/wp\/v2\/categories?post=1253149"},{"taxonomy":"post_tag","embeddable":true,"href":"https:\/\/www.europesays.com\/de\/wp-json\/wp\/v2\/tags?post=1253149"}],"curies":[{"name":"wp","href":"https:\/\/api.w.org\/{rel}","templated":true}]}}