{"id":1253201,"date":"2026-08-22T10:27:19","date_gmt":"2026-08-22T10:27:19","guid":{"rendered":"https:\/\/www.europesays.com\/de\/1253201\/"},"modified":"2026-08-22T10:27:19","modified_gmt":"2026-08-22T10:27:19","slug":"rot-weiss-essen-fc-st-pauli-live-im-tv-und-stream-dfb-pokal-uebertragung-im-free-tv-termin-uhrzeit","status":"publish","type":"post","link":"https:\/\/www.europesays.com\/de\/1253201\/","title":{"rendered":"Rot-Weiss Essen &#8211; FC St. Pauli live im TV und Stream: DFB-Pokal-\u00dcbertragung im Free-TV? Termin, Uhrzeit"},"content":{"rendered":"<p class=\"mb-6 text-xs-varying md:text-m lg:text-l font-serif group-[.font-sans]:font-sans \">\n    Mit dem DFB-Pokal beginnt Ende August traditionell die neue Fu\u00dfballsaison in Deutschland. In der Saison 2026\/27 k\u00e4mpfen erneut 64 Mannschaften aus der Bundesliga, 2. Bundesliga, 3. Liga und den Landespokalwettbewerben im K.-o.-System um den Einzug in die n\u00e4chste Runde. Die erste Hauptrunde wird vom 21. August bis 2. September 2026 ausgetragen, das Finale findet am 29. Mai 2027 traditionell im Berliner Olympiastadion statt. Als Titelverteidiger geht der <a href=\"https:\/\/www.augsburger-allgemeine.de\/sport\/fc-bayern\" target=\"_self\" class=\"underline \" rel=\"nofollow noopener\">FC Bayern M\u00fcnchen<\/a> ins Turnier, nachdem sich die M\u00fcnchner in der vergangenen Saison mit 3:0 gegen den VfB Stuttgart den Pokalsieg gesichert hatten.\n  <\/p>\n<p class=\"mb-6 text-xs-varying md:text-m lg:text-l font-serif group-[.font-sans]:font-sans \">\n    Dass der DFB-Pokal seit Jahrzehnten einen besonderen Stellenwert genie\u00dft, liegt auch an den Duellen zwischen h\u00f6her- und unterklassigen Vereinen. F\u00fcr Au\u00dfenseiter bietet sich die seltene Gelegenheit, sich mit einem Bundesligisten zu messen und m\u00f6glicherweise f\u00fcr eine \u00dcberraschung zu sorgen. Genau dieses Aufeinandertreffen unterschiedlicher Ligen pr\u00e4gt auch die Partie zwischen Rot-Weiss Essen und dem FC St. Pauli.\n  <\/p>\n<p class=\"mb-6 text-xs-varying md:text-m lg:text-l font-serif group-[.font-sans]:font-sans \">\n    Wie sehen Termin und \u00dcbertragung der Partie aus? L\u00e4uft Rot-Weiss Essen gegen den FC St. Pauli auch im Free-TV? Und wie f\u00e4llt die bisherige Bilanz der beiden Mannschaften aus? Die Antworten auf diese Fragen finden Sie hier.\n  <\/p>\n<p>            Rot-Weiss Essen \u2013 FC St. Pauli im DFB-Pokal 2026\/27: Termin und Ansto\u00dfzeit<\/p>\n<p class=\"mb-6 text-xs-varying md:text-m lg:text-l font-serif group-[.font-sans]:font-sans \">\n    Rot-Weiss Essen und der FC St. Pauli treffen in der ersten Runde des DFB-Pokals 2026\/27 aufeinander. Die Partie wird am Samstag, 22. August 2026, ausgetragen. Ansto\u00df ist um 18 Uhr. Gespielt wird im Stadion an der Hafenstra\u00dfe in Essen.\n  <\/p>\n<p>            RWE vs. St. Pauli live im TV und Stream: \u00dcbertragung der 1. Runde des DFB-Pokals 26\/27<\/p>\n<p class=\"mb-6 text-xs-varying md:text-m lg:text-l font-serif group-[.font-sans]:font-sans \">\n    Die \u00dcbertragung des DFB-Pokals teilen sich auch in der Saison 2026\/27 mehrere Sender. Den Gro\u00dfteil des Wettbewerbs zeigt Sky, wo alle Partien von der ersten Runde bis zum Finale live \u00fcbertragen werden. Fans k\u00f6nnen die Begegnungen dort sowohl als Einzelspiel als auch in der Konferenz verfolgen. Ausgew\u00e4hlte Spiele sind au\u00dferdem im Free-TV bei ARD, ZDF und RTL zu sehen. Zudem stehen nach den Partien umfangreiche Zusammenfassungen zur Verf\u00fcgung.\n  <\/p>\n<p class=\"mb-6 text-xs-varying md:text-m lg:text-l font-serif group-[.font-sans]:font-sans \">\n    Das Duell zwischen Rot-Weiss Essen und dem FC St. Pauli geh\u00f6rt jedoch nicht zu den Spielen, die im Free-TV \u00fcbertragen werden. Wer die Partie live verfolgen m\u00f6chte, ben\u00f6tigt daher ein Sky-Abonnement. Dort wird das Erstrundenspiel sowohl als Einzel\u00fcbertragung als auch im Rahmen der Konferenz gezeigt.\n  <\/p>\n<p class=\"mb-6 text-xs-varying md:text-m lg:text-l font-serif group-[.font-sans]:font-sans \">\n    Hier finden Sie alle wichtigen Eckdaten zur Partie zwischen Rot-Weiss Essen und dem FC St. Pauli im \u00dcberblick:\n  <\/p>\n<ul rel=\"\" class=\"[&amp;&gt;li]:relative list-none  [&amp;&gt;li]:pl-[1.2em] [&amp;&gt;li]:marker:text-[0] [&amp;&gt;li]:relative [&amp;&gt;li]:before:absolute [&amp;&gt;li]:before:w-3 [&amp;&gt;li]:before:h-3 [&amp;&gt;li]:before:bg-brand [&amp;&gt;li]:before:left-0 [&amp;&gt;li]:before:rounded-full [&amp;&gt;li]:before:top-[8px] md:[&amp;&gt;li]:before:top-[9px] lg:[&amp;&gt;li]:before:top-[11px]  my-5\">\n<li class=\" mb-3 text-xs-varying md:text-m lg:text-l\">Spiel: Rot-Weiss Essen \u2013 FC St. Pauli (DFB-Pokal 2026\/27, 1. Runde)<\/li>\n<li class=\" mb-3 text-xs-varying md:text-m lg:text-l\">Datum: Sonntag, 23. August 2026<\/li>\n<li class=\" mb-3 text-xs-varying md:text-m lg:text-l\">Uhrzeit: 18 Uhr<\/li>\n<li class=\" mb-3 text-xs-varying md:text-m lg:text-l\">Ort: Stadion an der Hafenstra\u00dfe, Essen<\/li>\n<li class=\" mb-3 text-xs-varying md:text-m lg:text-l\">\u00dcbertragung im Free-TV: &#8212;<\/li>\n<li class=\" mb-3 text-xs-varying md:text-m lg:text-l\">\u00dcbertragung im Pay-TV: Sky<\/li>\n<li class=\" mb-3 text-xs-varying md:text-m lg:text-l\">\u00dcbertragung im Live-Stream: Sky Go, WOW<\/li>\n<\/ul>\n<p>            Rot-Weiss Essen und FC St. Pauli im DFB-Pokal 26\/27: Bilanz der beiden Teams<\/p>\n<p class=\"mb-6 text-xs-varying md:text-m lg:text-l font-serif group-[.font-sans]:font-sans \">\n    Rot-Weiss Essen geht in der Saison 2026\/27 erneut in der 3. Liga an den Start. Der Traditionsverein aus dem Ruhrgebiet spielte in der vergangenen Spielzeit lange um den Aufstieg in die 2. Bundesliga mit und beendete die Saison auf dem dritten Tabellenplatz. Damit qualifizierte sich RWE f\u00fcr die Relegation, musste sich dort jedoch der SpVgg Greuther F\u00fcrth geschlagen geben und verpasste den Aufstieg.\n  <\/p>\n<p class=\"mb-6 text-xs-varying md:text-m lg:text-l font-serif group-[.font-sans]:font-sans \">\n    Der FC St. Pauli spielt in der Saison 2026\/27 in der 2. Bundesliga. Die Hamburger mussten sich in der vergangenen Spielzeit nach zwei Jahren aus der Bundesliga verabschieden. Am letzten Spieltag besiegelte eine 1:3-Heimniederlage gegen den VfL Wolfsburg den direkten Abstieg. Nach einer insgesamt schwierigen Saison reichte es nicht f\u00fcr den Klassenerhalt.\n  <\/p>\n<p class=\"mb-6 text-xs-varying md:text-m lg:text-l font-serif group-[.font-sans]:font-sans \">\n    Laut <a href=\"https:\/\/www.fussballdaten.de\/vereine\/fc-st-pauli\/rot-weiss-essen\/\" rel=\"nofollow noopener\" target=\"_blank\" class=\"underline \">fussballdaten.de<\/a> standen sich Rot-Weiss Essen und der FC St. Pauli bislang 18-mal in einem Pflichtspiel gegen\u00fcber. Beide Mannschaften konnten jeweils sieben Siege feiern, vier Begegnungen endeten unentschieden. Die Bilanz ist damit ausgeglichen. Aussagekr\u00e4ftig ist dieser direkte Vergleich allerdings nur eingeschr\u00e4nkt, denn die vergangenen Duelle liegen bereits rund 20 Jahre zur\u00fcck. F\u00fcr das Erstrundenspiel im DFB-Pokal l\u00e4sst sich daraus daher nur wenig ableiten.\n  <\/p>\n","protected":false},"excerpt":{"rendered":"Mit dem DFB-Pokal beginnt Ende August traditionell die neue Fu\u00dfballsaison in Deutschland. In der Saison 2026\/27 k\u00e4mpfen erneut&hellip;\n","protected":false},"author":2,"featured_media":1253202,"comment_status":"","ping_status":"","sticky":false,"template":"","format":"standard","meta":{"footnotes":"","_share_on_mastodon":"0"},"categories":[1834],"tags":[3364,29,481,3688,458,459,30,1209,4277,7002,3714,1133,2020,684],"class_list":["post-1253201","post","type-post","status-publish","format-standard","has-post-thumbnail","category-essen","tag-de","tag-deutschland","tag-dfb","tag-essen","tag-fc-bayern-muenchen","tag-fc-st-pauli","tag-germany","tag-nordrhein-westfalen","tag-olympiastadion-berlin","tag-pokalspiel","tag-rot-weiss-essen","tag-rwe","tag-st-pauli","tag-tv"],"share_on_mastodon":{"url":"https:\/\/pubeurope.com\/@de\/117138689213566116","error":""},"_links":{"self":[{"href":"https:\/\/www.europesays.com\/de\/wp-json\/wp\/v2\/posts\/1253201","targetHints":{"allow":["GET"]}}],"collection":[{"href":"https:\/\/www.europesays.com\/de\/wp-json\/wp\/v2\/posts"}],"about":[{"href":"https:\/\/www.europesays.com\/de\/wp-json\/wp\/v2\/types\/post"}],"author":[{"embeddable":true,"href":"https:\/\/www.europesays.com\/de\/wp-json\/wp\/v2\/users\/2"}],"replies":[{"embeddable":true,"href":"https:\/\/www.europesays.com\/de\/wp-json\/wp\/v2\/comments?post=1253201"}],"version-history":[{"count":0,"href":"https:\/\/www.europesays.com\/de\/wp-json\/wp\/v2\/posts\/1253201\/revisions"}],"wp:featuredmedia":[{"embeddable":true,"href":"https:\/\/www.europesays.com\/de\/wp-json\/wp\/v2\/media\/1253202"}],"wp:attachment":[{"href":"https:\/\/www.europesays.com\/de\/wp-json\/wp\/v2\/media?parent=1253201"}],"wp:term":[{"taxonomy":"category","embeddable":true,"href":"https:\/\/www.europesays.com\/de\/wp-json\/wp\/v2\/categories?post=1253201"},{"taxonomy":"post_tag","embeddable":true,"href":"https:\/\/www.europesays.com\/de\/wp-json\/wp\/v2\/tags?post=1253201"}],"curies":[{"name":"wp","href":"https:\/\/api.w.org\/{rel}","templated":true}]}}