{"id":1253215,"date":"2026-08-22T10:35:21","date_gmt":"2026-08-22T10:35:21","guid":{"rendered":"https:\/\/www.europesays.com\/de\/1253215\/"},"modified":"2026-08-22T10:35:21","modified_gmt":"2026-08-22T10:35:21","slug":"drei-tore-mann-pejcinovic-sturmhoffnung-fuer-vfb-und-dfb","status":"publish","type":"post","link":"https:\/\/www.europesays.com\/de\/1253215\/","title":{"rendered":"Drei-Tore-Mann Pejcinovic: Sturmhoffnung f\u00fcr VfB und DFB"},"content":{"rendered":"<p>&#13;<br \/>\n            Rostock. Es gibt drei Termine, die man beim VfB Stuttgart in den n\u00e4chsten drei Wochen besonders im Auge hat. Das Er\u00f6ffnungsspiel der neuen Bundesliga-Saison am kommenden Freitag beim FC Bayern M\u00fcnchen (20.30 Uhr\/Sat.1 und Sky). Die Auslosung der Champions-League-Gegner schon einen Tag zuvor (Donnerstag, 18.00 Uhr). Und die ersten Nationalmannschafts-Nominierungen des neuen Bundestrainers J\u00fcrgen Klopp. <\/p>\n<p>Dieses noch nicht genau terminierte Ereignis Anfang September wird aus Stuttgarter Sicht nicht nur f\u00fcr die \u00fcblichen Kandidaten wie Deniz Undav, Jamie Leweling oder Chris F\u00fchrich interessant werden. Sondern auch f\u00fcr den Mann, in dessen Verpflichtung der Verein in diesem Sommer viel Zeit und Geld investiert hat: Dzenan Pejcinovic, neue Sturmhoffnung des VfB wie des DFB. Der Mann, der gleich in seinem ersten Pflichtspiel f\u00fcr den neuen Club drei Tore zum \u00fcberzeugenden 4:0 (2:0) im DFB-Pokal bei Hansa Rostock schoss. <\/p>\n<blockquote class=\"twitter-tweet cmplazyload\" data-cmp-vendor=\"s34\" data-cmp-haspreview=\"https:\/\/www.goslarsche.de\/Nachrichten\/1\" data-cmp-hide=\"https:\/\/www.goslarsche.de\/Nachrichten\/1\" data-cmp-hide-display=\"none\" style=\"display:none;\">\n<p lang=\"de\" dir=\"ltr\">\ud835\udc03\ud835\udc11\ud835\udc04\ud835\udc08\ud835\udc1c\ud835\udc22\ud835\udc27\ud835\udc28\ud835\udc2f\ud835\udc22\ud835\udc1c &#8211; Herzlich willkommen beim VfB. \ud83e\udee1<a href=\"https:\/\/x.com\/hashtag\/ManOfTheMatch?src=hash&amp;ref_src=twsrc%5Etfw\" rel=\"nofollow\">#ManOfTheMatch<\/a><a href=\"https:\/\/x.com\/hashtag\/VfB?src=hash&amp;ref_src=twsrc%5Etfw\" rel=\"nofollow\">#VfB<\/a> | <a href=\"https:\/\/x.com\/hashtag\/VfB1893?src=hash&amp;ref_src=twsrc%5Etfw\" rel=\"nofollow\">#VfB1893<\/a> | <a href=\"https:\/\/x.com\/hashtag\/DFBPokal?src=hash&amp;ref_src=twsrc%5Etfw\" rel=\"nofollow\">#DFBPokal<\/a> | <a href=\"https:\/\/x.com\/hashtag\/FCHVfB?src=hash&amp;ref_src=twsrc%5Etfw\" rel=\"nofollow\">#FCHVfB<\/a> <a href=\"https:\/\/t.co\/bO1GjsUuKt\" rel=\"nofollow\">pic.twitter.com\/bO1GjsUuKt<\/a><\/p>\n<p>\u2014 VfB Stuttgart 1893 (@VfB) <a href=\"https:\/\/x.com\/VfB\/status\/2090906125595971789?ref_src=twsrc%5Etfw\" rel=\"nofollow\">August 21, 2026<\/a><\/p><\/blockquote>\n<p>\u201eDas war ein Traumeinstand f\u00fcr den Jungen\u201c, sagte Stuttgarts Trainer Sebastian Hoene\u00df hinterher. \u201eWir haben um ihn gek\u00e4mpft. Es war sehr fr\u00fch f\u00fcr ihn klar und auch f\u00fcr uns, dass wir das machen wollen. Der Junge macht Spa\u00df!\u201c Trotzdem sei es nun auch \u201eunsere Aufgabe als Club, den Hype, der jetzt hier sofort entstehen soll, richtig einzuordnen\u201c. <\/p>\n<p>Kandidat f\u00fcr Klopp <\/p>\n<p>Zu diesem \u201eHype\u201c geh\u00f6rt eben auch genau das: dass Pejcinovic nun von vielen inklusive der VfB-Verantwortlichen selbst als Kandidat f\u00fcr den Neuaufbau der deutschen Nationalmannschaft gesehen wird. Der 25-Millionen-Euro-Einkauf vom VfL Wolfsburg ist jung (21), wuchtig (1,88 Meter), abschlussstark und schie\u00dft Tore \u201emit rechts, mit links und mit dem Kopf\u201c (Hoene\u00df). Einen anderen St\u00fcrmer dieser Qualit\u00e4t gibt es in Deutschland in diesem Alter aktuell nicht. <\/p>\n<p>\u201eEr wird sich entwickeln. Er wird sich weiter in der Bundesliga stabilisieren. Und dann kann der Weg sicherlich irgendwann dahin f\u00fchren\u201c, sagte Stuttgarts Sportvorstand Fabian Wohlgemuth \u00fcber die Nationalmannschafts-Perspektive seines K\u00f6nigstransfers. Mehr muss er dem neuen Bundestrainer gar nicht mit auf den Weg geben. Das erledigt Pejcinovic schon auf dem Platz. <\/p>\n<p>Der Mann des Abends selbst sagte nach seinen drei Toren in Rostock: \u201eIch freue mich extrem, so einen Start hinzulegen. Man zahlt das Vertrauen als St\u00fcrmer am besten mit Toren zur\u00fcck: Das ist mir heute ganz gut gelungen!\u201c <\/p>\n<p>Angebote aus Freiburg und Porto <\/p>\n<p>Genau wie der VfB von Anfang an nur Pejcinovic f\u00fcr das Angriffszentrum verpflichten wollte, hatte auch der geb\u00fcrtige M\u00fcnchner in diesem Sommer nie ein anderes Ziel. FC Porto, Benfica Lissabon oder der SC Freiburg: Diesen Clubs und vermutlich noch anderen sagte der begehrte St\u00fcrmer ab, um mit den Stuttgartern in der Champions League spielen zu k\u00f6nnen. <\/p>\n<p><img decoding=\"async\"   src=\"https:\/\/www.europesays.com\/de\/wp-content\/uploads\/2026\/08\/Stuttgarter-Jubel-in-Rostock-1380167.jpg\" title=\"Drei-Tore-Mann Pejcinovic: Sturmhoffnung f\u00fcr VfB und DFB \" alt=\"Stuttgarter Jubel in Rostock.\" class=\"img-responsive\"\/><\/p>\n<p>Stuttgarter Jubel in Rostock. &#13;<br \/>\n\t\t\t\t\t\t\t\tFoto: Bernd W\u00fcstneck\/dpa<\/p>\n<p>Der VfB wiederum ist nun in einer deutlich komfortableren Lage als noch vor genau einem Jahr. Damals blockierte die wochenlange H\u00e4ngepartie um Nick Woltemade alle weiteren Planungen. Und als der Nationalspieler zwei Tage vor dem Ende der Transferfrist zu Newcastle United wechselte, musste unter gro\u00dfem Zeitdruck noch halbwegs passender Ersatz her. <\/p>\n<p>Was wird aus Demirovic? <\/p>\n<p>Diesmal brauchen die Stuttgarter schon eine Woche vor dem sogenannten Deadline Day niemanden mehr. Diesmal muss man eher noch Spieler verkaufen, um die Transferbilanz nach dem teuren Investment in Pejcinovic mindestens auszugleichen. Ein naheliegender Kandidat ist Bilal El Khannouss, der in der Offensive nicht mehr an Undav, F\u00fchrich oder Leweling vorbeikommt. <\/p>\n<p>Pejcinovics Einstand hat aber auch die Position von Ermedin Demirovic geschw\u00e4cht. Um den bisherigen Mittelst\u00fcrmer soll sich der t\u00fcrkische Meister Galatasaray Istanbul bem\u00fchen. Wohlgemuth sagte in Rostock aber: \u201eAktuell verhandeln wir nicht.\u201c <\/p>\n<p>Trainer Hoene\u00df h\u00e4tte f\u00fcr eine lange Bundesliga- und Champions-League-Saison ohnehin lieber beide im Kader &#8211; Pejcinovic und Demirovic: \u201eAus Trainersicht w\u00fcrde ich ihn gerne behalten\u201c, sagte er. \u201eIch wei\u00df aber, dass es auch noch eine andere Sicht bei solchen Dingen gibt: die wirtschaftliche.\u201c <\/p>\n<p><img decoding=\"async\"   src=\"https:\/\/www.europesays.com\/de\/wp-content\/uploads\/2026\/08\/Der-Stuttgarter-Trainer-Sebastian-Hoeness-beim-Pokalspiel-1380166.jpg\" title=\"Drei-Tore-Mann Pejcinovic: Sturmhoffnung f\u00fcr VfB und DFB \" alt=\"Der Stuttgarter Trainer Sebastian Hoene\u00df beim Pokalspiel in Rostock.\" class=\"img-responsive\"\/><\/p>\n<p>Der Stuttgarter Trainer Sebastian Hoene\u00df beim Pokalspiel in Rostock. &#13;<br \/>\n\t\t\t\t\t\t\t\tFoto: Bernd W\u00fcstneck\/dpa<\/p>\n<p><script async src=\"https:\/\/platform.twitter.com\/widgets.js\" charset=\"utf-8\"><\/script><\/p>\n","protected":false},"excerpt":{"rendered":"&#13; Rostock. Es gibt drei Termine, die man beim VfB Stuttgart in den n\u00e4chsten drei Wochen besonders im&hellip;\n","protected":false},"author":2,"featured_media":1253216,"comment_status":"","ping_status":"","sticky":false,"template":"","format":"standard","meta":{"footnotes":"","_share_on_mastodon":"0"},"categories":[1830],"tags":[6925,1634,3364,29,1264,5282,30,4158,1351,1441,2915],"class_list":["post-1253215","post","type-post","status-publish","format-standard","has-post-thumbnail","category-stuttgart","tag-baden-wrttemberg","tag-baden-wuerttemberg","tag-de","tag-deutschland","tag-dfb-pokal","tag-fuball","tag-germany","tag-hansa-rostock","tag-mecklenburg-vorpommern","tag-stuttgart","tag-vfb-stuttgart"],"share_on_mastodon":{"url":"https:\/\/pubeurope.com\/@de\/117138722980861084","error":""},"_links":{"self":[{"href":"https:\/\/www.europesays.com\/de\/wp-json\/wp\/v2\/posts\/1253215","targetHints":{"allow":["GET"]}}],"collection":[{"href":"https:\/\/www.europesays.com\/de\/wp-json\/wp\/v2\/posts"}],"about":[{"href":"https:\/\/www.europesays.com\/de\/wp-json\/wp\/v2\/types\/post"}],"author":[{"embeddable":true,"href":"https:\/\/www.europesays.com\/de\/wp-json\/wp\/v2\/users\/2"}],"replies":[{"embeddable":true,"href":"https:\/\/www.europesays.com\/de\/wp-json\/wp\/v2\/comments?post=1253215"}],"version-history":[{"count":0,"href":"https:\/\/www.europesays.com\/de\/wp-json\/wp\/v2\/posts\/1253215\/revisions"}],"wp:featuredmedia":[{"embeddable":true,"href":"https:\/\/www.europesays.com\/de\/wp-json\/wp\/v2\/media\/1253216"}],"wp:attachment":[{"href":"https:\/\/www.europesays.com\/de\/wp-json\/wp\/v2\/media?parent=1253215"}],"wp:term":[{"taxonomy":"category","embeddable":true,"href":"https:\/\/www.europesays.com\/de\/wp-json\/wp\/v2\/categories?post=1253215"},{"taxonomy":"post_tag","embeddable":true,"href":"https:\/\/www.europesays.com\/de\/wp-json\/wp\/v2\/tags?post=1253215"}],"curies":[{"name":"wp","href":"https:\/\/api.w.org\/{rel}","templated":true}]}}