{"id":1253607,"date":"2026-08-22T15:17:22","date_gmt":"2026-08-22T15:17:22","guid":{"rendered":"https:\/\/www.europesays.com\/de\/1253607\/"},"modified":"2026-08-22T15:17:22","modified_gmt":"2026-08-22T15:17:22","slug":"infografik-neue-eu-verpackungsvorschriften-ab-dem-12-august-2026-wichtige-hinweise","status":"publish","type":"post","link":"https:\/\/www.europesays.com\/de\/1253607\/","title":{"rendered":"[Infografik] Neue EU-Verpackungsvorschriften ab dem 12. August 2026: Wichtige Hinweise"},"content":{"rendered":"<p><img decoding=\"async\" style=\"cursor:pointer\" src=\"https:\/\/www.europesays.com\/de\/wp-content\/uploads\/2026\/08\/1787408789160_2026-nhung-luu-y-quan-trong_6a8929760194c.png\" alt=\"EU-Verpackung\"\/> Die Verpackung muss wiederverwendbar oder recycelbar sein.<\/p>\n<p> Das vietnamesische Handelsb\u00fcro in Belgien, Luxemburg und der EU berichtet, dass am 12. August 2026 neue EU-Vorschriften zu Verpackungen und Verpackungsabf\u00e4llen in Kraft treten. Ziel dieser Vorschriften ist es, die Verpackungsmethoden so zu ver\u00e4ndern, dass Umwelt und Gesundheit gesch\u00fctzt werden. Dies bietet auch Chancen f\u00fcr Unternehmen der Verpackungsindustrie.<\/p>\n<p> Verpackungen verbrauchen gro\u00dfe Mengen an Ressourcen und landen als Abfall auf M\u00fclldeponien oder im Meer. Einige der in Verpackungen verwendeten Chemikalien k\u00f6nnen zudem gesundheitssch\u00e4dlich sein. Die EU hat neue Vorschriften hinsichtlich der Herstellungsanforderungen und der Zusammensetzung aller auf dem EU-Markt in Verkehr gebrachten Verpackungen eingef\u00fchrt.<\/p>\n<p> Die Vorschriften schreiben vor, dass Verpackungen wiederverwendbar oder recycelbar sein m\u00fcssen, also nach Gebrauch wiederverwendet oder recycelt werden k\u00f6nnen. Ab 2030 werden bestimmte Arten von Einwegverpackungen verboten, sofern nachhaltigere Alternativen verf\u00fcgbar sind, darunter kleine Ketchup-P\u00e4ckchen oder Mini-Shampoo-Fl\u00e4schchen in Hotels.<\/p>\n<p> Ziel der neuen EU-Ma\u00dfnahmen<\/p>\n<p>Das k\u00f6nnte Sie interessieren<\/p>\n<p> Die Ziele der neuen Ma\u00dfnahmen f\u00fcr Verpackungen auf dem EU-Markt sind:<\/p>\n<p> \u2022 Weniger Abfall: Kunststoffverpackungen m\u00fcssen teilweise aus recycelten Materialien hergestellt werden, wobei der Anteil bis 2030 und 2040 schrittweise erh\u00f6ht wird;<\/p>\n<p> \u2022 Vollst\u00e4ndig recycelbar: Alle Verpackungen m\u00fcssen bis 2030 recycelbar sein, und die Komponenten sollten anschlie\u00dfend f\u00fcr andere Zwecke wiederverwendbar sein;<\/p>\n<p> \u2022 Klare Kennzeichnung: Deutliche Etiketten und Farben erleichtern die Sortierung von Wertstoffen \u2013 sie zeigen an, woraus sie bestehen, wo sie zu entsorgen sind und wie sie zur Wiederverwendung zur\u00fcckgegeben werden k\u00f6nnen;<\/p>\n<p> \u2022 Intelligenter: Reduzierung unn\u00f6tiger Verpackungen und Leerr\u00e4ume in Sendungen;<\/p>\n<p> \u2022 Einfache Wiederverwendung, Nachf\u00fcllung und R\u00fcckgabe: Pfand- und R\u00fcckgabesysteme werden verbessert. Unternehmen m\u00fcssen nach M\u00f6glichkeit Wiederverwendungs- oder Nachf\u00fclloptionen ohne zus\u00e4tzliche Kosten anbieten;<\/p>\n<p>Das k\u00f6nnte Sie interessieren<\/p>\n<p> \u2022 Fairer und sicherer: Marken, die nicht recycelbare oder umweltsch\u00e4dliche Materialien verwenden, m\u00fcssen f\u00fcr deren Beseitigung aufkommen. Sch\u00e4dliche und krebserregende \u201epermanente Chemikalien\u201c (PFAS) werden in <strong>Lebensmittelverpackungen<\/strong> eingeschr\u00e4nkt;<\/p>\n<p> Die EU strebt danach, die Umwelt zu sch\u00fctzen und zu verbessern und gleichzeitig eine zirkul\u00e4rere, nachhaltigere und wettbewerbsf\u00e4higere <a class=\"data-link\" data-org-href=\"https:\/\/www.vietnam.vn\/de\/category\/kinh-te\" href=\"https:\/\/www.vietnam.vn\/de\/category\/kinh-te\" title=\"Wirtschaft\" target=\"_blank\" rel=\"nofollow noopener\">Wirtschaft<\/a> aufzubauen. Die Verpackungsgesetzgebung befasst sich mit den Umweltproblemen, die durch Verpackungsabf\u00e4lle entstehen, harmonisiert die Vorschriften f\u00fcr Unternehmen im gesamten Binnenmarkt und schafft M\u00f6glichkeiten f\u00fcr Unternehmen, sich an Abfallrecycling und nachhaltigen Verpackungsl\u00f6sungen zu beteiligen.<\/p>\n<blockquote>\n<p> Detaillierte Informationen zu den EU-Verpackungsvorschriften finden Sie unter: https:\/\/eur-lex.europa.eu\/legal-content\/EN\/TXT\/?uri=OJ:L_202500040&amp;pk_campaign=todays_OJ&amp;pk_source=EUR-Lex&amp;pk_medium=X&amp;pk_content=Environment&amp;pk_keyword=Regulation<\/p>\n<\/blockquote>\n<p class=\"mb-0\"> Quelle: https:\/\/tapchicongthuong.vn\/infographic&#8211;quy-dinh-moi-cua-eu-ve-bao-bi-ap-dung-tu-ngay-12-8-2026&#8211;nhung-luu-y-quan-important-543912.htm<\/p>\n","protected":false},"excerpt":{"rendered":"Die Verpackung muss wiederverwendbar oder recycelbar sein. Das vietnamesische Handelsb\u00fcro in Belgien, Luxemburg und der EU berichtet, dass&hellip;\n","protected":false},"author":2,"featured_media":1253608,"comment_status":"","ping_status":"","sticky":false,"template":"","format":"standard","meta":{"footnotes":"","_share_on_mastodon":"0"},"categories":[3933],"tags":[331,332,548,132585,663,158,3934,3935,13,252914,14,15,12,259345],"class_list":["post-1253607","post","type-post","status-publish","format-standard","has-post-thumbnail","category-eu","tag-aktuelle-nachrichten","tag-aktuelle-news","tag-eu","tag-eu-markt","tag-europa","tag-europaeische-union","tag-europe","tag-european-union","tag-headlines","tag-internationale-integration","tag-nachrichten","tag-news","tag-schlagzeilen","tag-verpackungsetikett"],"share_on_mastodon":{"url":"https:\/\/pubeurope.com\/@de\/117139831262943608","error":""},"_links":{"self":[{"href":"https:\/\/www.europesays.com\/de\/wp-json\/wp\/v2\/posts\/1253607","targetHints":{"allow":["GET"]}}],"collection":[{"href":"https:\/\/www.europesays.com\/de\/wp-json\/wp\/v2\/posts"}],"about":[{"href":"https:\/\/www.europesays.com\/de\/wp-json\/wp\/v2\/types\/post"}],"author":[{"embeddable":true,"href":"https:\/\/www.europesays.com\/de\/wp-json\/wp\/v2\/users\/2"}],"replies":[{"embeddable":true,"href":"https:\/\/www.europesays.com\/de\/wp-json\/wp\/v2\/comments?post=1253607"}],"version-history":[{"count":0,"href":"https:\/\/www.europesays.com\/de\/wp-json\/wp\/v2\/posts\/1253607\/revisions"}],"wp:featuredmedia":[{"embeddable":true,"href":"https:\/\/www.europesays.com\/de\/wp-json\/wp\/v2\/media\/1253608"}],"wp:attachment":[{"href":"https:\/\/www.europesays.com\/de\/wp-json\/wp\/v2\/media?parent=1253607"}],"wp:term":[{"taxonomy":"category","embeddable":true,"href":"https:\/\/www.europesays.com\/de\/wp-json\/wp\/v2\/categories?post=1253607"},{"taxonomy":"post_tag","embeddable":true,"href":"https:\/\/www.europesays.com\/de\/wp-json\/wp\/v2\/tags?post=1253607"}],"curies":[{"name":"wp","href":"https:\/\/api.w.org\/{rel}","templated":true}]}}