{"id":1253703,"date":"2026-08-22T16:15:19","date_gmt":"2026-08-22T16:15:19","guid":{"rendered":"https:\/\/www.europesays.com\/de\/1253703\/"},"modified":"2026-08-22T16:15:19","modified_gmt":"2026-08-22T16:15:19","slug":"kanzler-merz-dankt-helfern-im-waldbrandgebiet-in-nrw","status":"publish","type":"post","link":"https:\/\/www.europesays.com\/de\/1253703\/","title":{"rendered":"Kanzler Merz dankt Helfern im Waldbrandgebiet in NRW"},"content":{"rendered":"<p>            <img loading=\"lazy\" decoding=\"async\" class=\"ts-image\" src=\"https:\/\/www.europesays.com\/de\/wp-content\/uploads\/2026\/08\/merz-huertgenwald-100.jpg\" alt=\"Friedrich Merz w\u00e4hrend eines Besuchs in H\u00fcrtgenwald, Westdeutschland. \" title=\"Friedrich Merz w\u00e4hrend eines Besuchs in H\u00fcrtgenwald, Westdeutschland.  | AFP\"\/><\/p>\n<p class=\"metatextline\">Stand: 22.08.2026 \u2022 17:06 Uhr<\/p>\n<p class=\"article-head__shorttext\">\n        <strong>Nach dem Waldbrand im nordrhein-westf\u00e4lischen H\u00fcrtgenwald hat der Kanzler den Helfern gedankt. Zu sp\u00e4t sei sein Besuch gekommen, sagen Anwohner. Doch die Rettungskr\u00e4fte loben das Timing des Kanzlers.<\/strong>\n    <\/p>\n<p class=\"textabsatz m-ten m-offset-one l-eight l-offset-two columns twelve\">Ein freundlicher Empfang sieht anders aus: Bei seinem Besuch im Waldbrandgebiet in H\u00fcrtgenwald in Nordrhein-Westfalen ist Kanzler Friedrich Merz von Anwohnern mit Buhrufen und Pfiffen empfangen worden. Auf Schildern war zu lesen: &#8222;Der Wald brennt, und Friedrich pennt.&#8220; Einige Landwirte st\u00f6rten die Pressekonferenz des CDU-Politikers mit Hupen.<\/p>\n<p class=\"textabsatz m-ten m-offset-one l-eight l-offset-two columns twelve\">Es war der <a href=\"https:\/\/www.tagesschau.de\/inland\/innenpolitik\/merz-waldbrand-besuch-100.html\" title=\"Kanzler Merz besucht Waldbrandgebiet in NRW\" rel=\"nofollow noopener\" target=\"_blank\">erste \u00f6ffentliche Termin des Bundeskanzlers <\/a>seit dem 29. Juli.<\/p>\n<p>    Merz: &#8222;Spreche mit denen, die helfen&#8220;<\/p>\n<p class=\"textabsatz m-ten m-offset-one l-eight l-offset-two columns twelve\">Kommt der Besuch also zu sp\u00e4t? ARD-Reporter Pierre Dyckmans schildert die Lage so: W\u00e4hrend einige Anwohner den Besuch zwei Tage nach dem Ende des Brandes als &#8222;PR-Stunt&#8220; bezeichneten, begr\u00fc\u00dften Einsatzkr\u00e4ften den Zeitplan. Denn im Moment der L\u00f6scharbeiten h\u00e4tte ein Besuch von Merz eher gest\u00f6rt.<\/p>\n<p class=\"textabsatz m-ten m-offset-one l-eight l-offset-two columns twelve\">Merz sprach von einer bewussten Entscheidung: Sein Ziel sei es gewesen, dass die Einsatzkr\u00e4fte in Ruhe ihren Job machen k\u00f6nnen, sagte der Kanzler. Er habe sich stets auf dem Laufenden gehalten und die Beh\u00f6rden vor Ort gefragt, was sie brauchen und was ihnen zur Verf\u00fcgung gestellt werden m\u00fcsse, damit der Brand schnell gel\u00f6scht wird.<\/p>\n<p class=\"textabsatz m-ten m-offset-one l-eight l-offset-two columns twelve\">Mit Blick auf die protestierenden Anwohner sagte Merz, er lasse sich &#8222;von denen, die rumschreien&#8220;, nicht beeindrucken. &#8222;Ich spreche mit denen, die helfen.&#8220;<\/p>\n<p>    Landrat: Merz sollte nicht w\u00e4hrend des Brandes kommen<\/p>\n<p class=\"textabsatz m-ten m-offset-one l-eight l-offset-two columns twelve\">Der Landrat des Kreises D\u00fcren, Ralf Nolten, betonte, er habe den Bundeskanzler gebeten, nicht w\u00e4hrend des Brandes zu kommen, sondern danach.<\/p>\n<p class=\"textabsatz m-ten m-offset-one l-eight l-offset-two columns twelve\">Ein Mitglied der Freiwilligen Feuerwehr H\u00fcrtgenwald zeigte sich dem WDR gegen\u00fcber emp\u00f6rt \u00fcber die Buhrufe und Pfiffe. &#8222;Diejenigen, die rufen und pfeifen, sollten die negative Energie in eine positive umwandeln und Mitglied bei der Feuerwehr oder beim THW werden&#8220;, so der Feuerwehrmann.<\/p>\n<p class=\"textabsatz m-ten m-offset-one l-eight l-offset-two columns twelve\">In der Feuerwache in H\u00fcrtgenwald dankte Merz den Helfern, die den gr\u00f6\u00dften Waldbrand in der Geschichte in NRW gel\u00f6scht hatten. Zwischenzeitlich mussten etwa 2.000 Menschen ihre H\u00e4user verlassen, weil die Flammen zu nah an den Ort gekommen waren. Seit zwei Tagen sind die L\u00f6scharbeiten beendet. Die Einsatzkr\u00e4fte untersuchen nun die Sch\u00e4den in H\u00fcrtgenwald. Dort liegt seit dem Zweiten Weltkrieg Munition im Boden. Das hatte die L\u00f6scharbeiten erschwert.<\/p>\n<p>    &#8222;Das ist der Klimawandel&#8220;<\/p>\n<p class=\"textabsatz m-ten m-offset-one l-eight l-offset-two columns twelve\">Mit Blick auf den Waldbrand stellte Merz einen Zusammenhang mit dem Klimawandel her. Deutschland m\u00fcsse damit rechnen, dass die Zahl der Gro\u00dfschadenereignisse zunehmen werde: &#8222;Das ist der Klimawandel.&#8220; Die Regierung werde &#8222;alles tun, um den Klimawandel zur\u00fcckzudr\u00e4ngen. Aber wir m\u00fcssen auch mit dem Klimawandel leben.&#8220; Konkrete Ma\u00dfnahmen k\u00fcndigte Merz jedoch nicht an.<\/p>\n<p class=\"textabsatz m-ten m-offset-one l-eight l-offset-two columns twelve\">Zur Diskussion, den Schutz vor Klimawandel und Hitze ins Grundgesetz aufzunehmen, \u00e4u\u00dferte sich Merz nicht. Dieser Vorsto\u00df war zuletzt von der SPD gekommen und soll in der schwarz-roten Regierungskoalition in der kommenden Woche besprochen werden.<\/p>\n","protected":false},"excerpt":{"rendered":"Stand: 22.08.2026 \u2022 17:06 Uhr Nach dem Waldbrand im nordrhein-westf\u00e4lischen H\u00fcrtgenwald hat der Kanzler den Helfern gedankt. Zu&hellip;\n","protected":false},"author":2,"featured_media":1253704,"comment_status":"","ping_status":"","sticky":false,"template":"","format":"standard","meta":{"footnotes":"","_share_on_mastodon":"0"},"categories":[2],"tags":[29,30,13,182,14,15,12,10,8,9,11,5666],"class_list":["post-1253703","post","type-post","status-publish","format-standard","has-post-thumbnail","category-deutschland","tag-deutschland","tag-germany","tag-headlines","tag-merz","tag-nachrichten","tag-news","tag-schlagzeilen","tag-top-news","tag-top-meldungen","tag-topmeldungen","tag-topnews","tag-waldbrand"],"share_on_mastodon":{"url":"","error":""},"_links":{"self":[{"href":"https:\/\/www.europesays.com\/de\/wp-json\/wp\/v2\/posts\/1253703","targetHints":{"allow":["GET"]}}],"collection":[{"href":"https:\/\/www.europesays.com\/de\/wp-json\/wp\/v2\/posts"}],"about":[{"href":"https:\/\/www.europesays.com\/de\/wp-json\/wp\/v2\/types\/post"}],"author":[{"embeddable":true,"href":"https:\/\/www.europesays.com\/de\/wp-json\/wp\/v2\/users\/2"}],"replies":[{"embeddable":true,"href":"https:\/\/www.europesays.com\/de\/wp-json\/wp\/v2\/comments?post=1253703"}],"version-history":[{"count":0,"href":"https:\/\/www.europesays.com\/de\/wp-json\/wp\/v2\/posts\/1253703\/revisions"}],"wp:featuredmedia":[{"embeddable":true,"href":"https:\/\/www.europesays.com\/de\/wp-json\/wp\/v2\/media\/1253704"}],"wp:attachment":[{"href":"https:\/\/www.europesays.com\/de\/wp-json\/wp\/v2\/media?parent=1253703"}],"wp:term":[{"taxonomy":"category","embeddable":true,"href":"https:\/\/www.europesays.com\/de\/wp-json\/wp\/v2\/categories?post=1253703"},{"taxonomy":"post_tag","embeddable":true,"href":"https:\/\/www.europesays.com\/de\/wp-json\/wp\/v2\/tags?post=1253703"}],"curies":[{"name":"wp","href":"https:\/\/api.w.org\/{rel}","templated":true}]}}