{"id":1253717,"date":"2026-08-22T16:27:23","date_gmt":"2026-08-22T16:27:23","guid":{"rendered":"https:\/\/www.europesays.com\/de\/1253717\/"},"modified":"2026-08-22T16:27:23","modified_gmt":"2026-08-22T16:27:23","slug":"bayer-04-leverkusen-bayer-mit-40-sieg-im-dfb-pkal-beim-sv-wehen-wiesbaden","status":"publish","type":"post","link":"https:\/\/www.europesays.com\/de\/1253717\/","title":{"rendered":"Bayer 04 Leverkusen: Bayer mit 4:0-Sieg im DFB-Pkal beim SV Wehen Wiesbaden"},"content":{"rendered":"<p class=\"text_ohne_einzug richtext text-em-55 !leading-serif mx-6 desktop:mx-0\">Die Marschroute f\u00fcr die Auftaktaufgabe in Wiesbaden war klar definiert. \u201eNat\u00fcrlich wollen wir als Bayer 04 am Ende den Pokal gewinnen\u201c, hatte Werkself-Trainer Carles Martinez vor dem Erstrundenspiel im <a href=\"https:\/\/rp-online.de\/thema\/dfb-pokal\/\" rel=\"nofollow noopener\" target=\"_blank\">DFB-Pokal<\/a> beim <a href=\"https:\/\/rp-online.de\/thema\/sv-wehen-wiesbaden\/\" rel=\"nofollow noopener\" target=\"_blank\">SV Wehen Wiesbaden<\/a> gesagt. \u201eDaf\u00fcr m\u00fcssen wir aber erst einmal den ersten Schritt gehen, eine gute Leistung zeigen und in die n\u00e4chste Runde einziehen.\u201c<\/p>\n<p class=\"richtext text-em-55 !leading-serif mx-6 desktop:mx-0\">Und genau das gelang der Werkself in der Brita-Arena. Nach einem z\u00e4hen Start ging der Bundesligist kurz vor der Pause durch <a href=\"https:\/\/rp-online.de\/thema\/patrik-schick\/\" rel=\"nofollow noopener\" target=\"_blank\">Patrik Schick<\/a> in F\u00fchrung. In der zweiten Halbzeit erh\u00f6hte Lucas Vazquez auf 2:0, rund zwanzig Minuten vor Schluss sorgte Nathan Tella mit dem 3:0 f\u00fcr die Vorentscheidung. Den Schlusspunkt setzte schlie\u00dflich Christian Kofane, der zehn Minuten vor Abpfiff mit seinem Treffer zum absolut verdienten 4:0-Endstand Bayer in die n\u00e4chste Runde schoss.<\/p>\n<p class=\"richtext text-em-55 !leading-serif mx-6 desktop:mx-0\">Im ersten Pflichtspiel der neuen Saison setze Martinez fast auf die identische Elf wie im letzten Test gegen <a href=\"https:\/\/rp-online.de\/thema\/newcastle-united\/\" rel=\"nofollow noopener\" target=\"_blank\">Newcastle United<\/a> (2:1). \u00c4nderungen hatte er nur auf zwei Positionen vorgenommen: Janis Blaswich r\u00fcckte als Pokal-Keeper f\u00fcr Mark Flekken ins Tor, w\u00e4hrend Schick in der Sturmspitze den Vorzug vor Christian Kofane bekam.<\/p>\n<p class=\"richtext text-em-55 !leading-serif mx-6 desktop:mx-0\">So war es auch der Tscheche, der sogleich f\u00fcr die erste Torann\u00e4herung der G\u00e4ste sorgte (4.) und dazu die erste Ecke des Drittligisten nach rund zehn Minuten entsch\u00e4rfte. Und nach einer Viertelstunde sorgte ebenjener daf\u00fcr, dass Bayer erstmals jubelte: Doch eine Abseitsstellung Schicks verhinderte die Leverkusener F\u00fchrung. Auch Wiesbaden mischte fr\u00fch mit. Nach einem Freisto\u00df kam Niklas May aus guter Position zum Kopfball, der f\u00fcr Blaswich jedoch nicht zum Problem wurde (19.).<\/p>\n<p class=\"richtext text-em-55 !leading-serif mx-6 desktop:mx-0\">W\u00e4hrend der SVW gerade durch Standardsituationen f\u00fcr einige Nadelstiche vor dem Bayer-Tor sorgte, gelang es der Werkself zu selten, ihre Vorst\u00f6\u00dfe sauber auszuspielen. Kurz vor dem Halbzeitpfiff klappte das Zusammenspiel dann doch. Lucas Vazquez flankte auf Malik Tillman, dessen Aufsetzer noch abgewehrt werden konnte. Schick stand jedoch goldrichtig und schoss den Abpraller zum 1:0 ins Tor (43.).<\/p>\n<p class=\"richtext text-em-55 !leading-serif mx-6 desktop:mx-0\">Nach dem Seitenwechsel ging es dann schnell: Schick kam nach Zuspiel von Afonso Moreira zum Kopfball, den Wiesbaden-Keeper Noah Brdar noch aus der Ecke kratzte, gegen Vazquez\u2018 Nachschuss aber machtlos war (47.). Mit dem 2:0 im R\u00fccken nahm die Werkself deutlich Tempo raus. Trotzdem legte sie in der 69. Minute das dritte Tor nach. Ibrahim Maza bediente den kurz zuvor eingewechselten Tella, der sehenswert zum 3:0 traf. Kurz darauf war es Kofane, der nach starkem Zuspiel durch Moreira mit dem n\u00e4chsten Jokertreffer den Spielstand weiter in die H\u00f6he schraubte (79.).<\/p>\n<p class=\"richtext text-em-55 !leading-serif mx-6 desktop:mx-0\"><strong class=\"font-bold dark:text-white-solid\">Bayer 04:<\/strong> Blaswich &#8211; Vazquez (64. Quansah), Tapsoba, Bad\u00e9 (74. Medina), Guti\u00e9rrez, Garcia, Fernandez (64. Tella), Maza (78. Palacios), Tillman, Moreira, Schick (64. Kofane)<\/p>\n","protected":false},"excerpt":{"rendered":"Die Marschroute f\u00fcr die Auftaktaufgabe in Wiesbaden war klar definiert. \u201eNat\u00fcrlich wollen wir als Bayer 04 am Ende&hellip;\n","protected":false},"author":2,"featured_media":1253718,"comment_status":"","ping_status":"","sticky":false,"template":"","format":"standard","meta":{"footnotes":"","_share_on_mastodon":"0"},"categories":[1847],"tags":[6605,3364,29,548,663,3934,30,13,2052,14,15,69894,12,4544],"class_list":["post-1253717","post","type-post","status-publish","format-standard","has-post-thumbnail","category-wiesbaden","tag-bayer","tag-de","tag-deutschland","tag-eu","tag-europa","tag-europe","tag-germany","tag-headlines","tag-hessen","tag-nachrichten","tag-news","tag-pokalrunde","tag-schlagzeilen","tag-wiesbaden"],"share_on_mastodon":{"url":"","error":""},"_links":{"self":[{"href":"https:\/\/www.europesays.com\/de\/wp-json\/wp\/v2\/posts\/1253717","targetHints":{"allow":["GET"]}}],"collection":[{"href":"https:\/\/www.europesays.com\/de\/wp-json\/wp\/v2\/posts"}],"about":[{"href":"https:\/\/www.europesays.com\/de\/wp-json\/wp\/v2\/types\/post"}],"author":[{"embeddable":true,"href":"https:\/\/www.europesays.com\/de\/wp-json\/wp\/v2\/users\/2"}],"replies":[{"embeddable":true,"href":"https:\/\/www.europesays.com\/de\/wp-json\/wp\/v2\/comments?post=1253717"}],"version-history":[{"count":0,"href":"https:\/\/www.europesays.com\/de\/wp-json\/wp\/v2\/posts\/1253717\/revisions"}],"wp:featuredmedia":[{"embeddable":true,"href":"https:\/\/www.europesays.com\/de\/wp-json\/wp\/v2\/media\/1253718"}],"wp:attachment":[{"href":"https:\/\/www.europesays.com\/de\/wp-json\/wp\/v2\/media?parent=1253717"}],"wp:term":[{"taxonomy":"category","embeddable":true,"href":"https:\/\/www.europesays.com\/de\/wp-json\/wp\/v2\/categories?post=1253717"},{"taxonomy":"post_tag","embeddable":true,"href":"https:\/\/www.europesays.com\/de\/wp-json\/wp\/v2\/tags?post=1253717"}],"curies":[{"name":"wp","href":"https:\/\/api.w.org\/{rel}","templated":true}]}}