{"id":1253772,"date":"2026-08-22T17:10:15","date_gmt":"2026-08-22T17:10:15","guid":{"rendered":"https:\/\/www.europesays.com\/de\/1253772\/"},"modified":"2026-08-22T17:10:15","modified_gmt":"2026-08-22T17:10:15","slug":"ausstellung-historische-kostuemfigur-kehrt-ins-karl-may-museum-zurueck","status":"publish","type":"post","link":"https:\/\/www.europesays.com\/de\/1253772\/","title":{"rendered":"Ausstellung: Historische Kost\u00fcmfigur kehrt ins Karl-May-Museum zur\u00fcck"},"content":{"rendered":"<p class=\"fp-paragraph\"><strong>Radebeul<\/strong> &#8211; Nach drei Jahren Restaurierung ist die historische Kost\u00fcmfigur einer Blackfoot-Frau in das Karl-May-Museum nach Radebeul zur\u00fcckgekehrt. Im Beisein des Schauspielers Gojko Mitic (86) wurde die zuvor namenlose Figur aus Anlass ihrer R\u00fcckkehr auf den Namen \u201eSitopanaki\u201c getauft. Diesen Namen trug eine Figur im beliebten Film \u201eDie S\u00f6hne der gro\u00dfen B\u00e4rin\u201c, mit dem 1966 Mitics Laufbahn startete.\u00a0<\/p>\n<p class=\"fp-paragraph\">Karl Mays zweite Ehefrau Klara hatte den Bildhauer Vittorio G\u00fcttner (1869-1935) damit beauftragt, die ersten drei lebensechten Figuren des Museums m\u00f6glichst authentisch zu gestalten. Der Bildhauer modellierte einen Apachen-Krieger, einen Irokesen-H\u00e4uptling und eine junge Blackfoot-Frau, die der K\u00fcnstler Wilhelm Emil \u201eElk\u201c Eber (1892-1941) mit seiner Bemalung zum Leben erweckte. Die Figuren sind seit 1928 Teil der Ausstellung im Karl-May-Museum.<\/p>\n<p class=\"fp-paragraph\">15.000 Euro wurden in die Restaurierung investiert, um den K\u00f6rper der Figur, ihre Kleidung und die Accessoires originalgetreu zu restaurieren. Miti\u0107 hatte bei einer Lesetour f\u00fcr Spenden geworben.<\/p>\n","protected":false},"excerpt":{"rendered":"Radebeul &#8211; Nach drei Jahren Restaurierung ist die historische Kost\u00fcmfigur einer Blackfoot-Frau in das Karl-May-Museum nach Radebeul zur\u00fcckgekehrt.&hellip;\n","protected":false},"author":2,"featured_media":1253773,"comment_status":"","ping_status":"","sticky":false,"template":"","format":"standard","meta":{"footnotes":"","_share_on_mastodon":"0"},"categories":[1835],"tags":[3364,29,2386,30,2147,859],"class_list":["post-1253772","post","type-post","status-publish","format-standard","has-post-thumbnail","category-dresden","tag-de","tag-deutschland","tag-dresden","tag-germany","tag-museen","tag-sachsen"],"share_on_mastodon":{"url":"https:\/\/pubeurope.com\/@de\/117140273717171045","error":""},"_links":{"self":[{"href":"https:\/\/www.europesays.com\/de\/wp-json\/wp\/v2\/posts\/1253772","targetHints":{"allow":["GET"]}}],"collection":[{"href":"https:\/\/www.europesays.com\/de\/wp-json\/wp\/v2\/posts"}],"about":[{"href":"https:\/\/www.europesays.com\/de\/wp-json\/wp\/v2\/types\/post"}],"author":[{"embeddable":true,"href":"https:\/\/www.europesays.com\/de\/wp-json\/wp\/v2\/users\/2"}],"replies":[{"embeddable":true,"href":"https:\/\/www.europesays.com\/de\/wp-json\/wp\/v2\/comments?post=1253772"}],"version-history":[{"count":0,"href":"https:\/\/www.europesays.com\/de\/wp-json\/wp\/v2\/posts\/1253772\/revisions"}],"wp:featuredmedia":[{"embeddable":true,"href":"https:\/\/www.europesays.com\/de\/wp-json\/wp\/v2\/media\/1253773"}],"wp:attachment":[{"href":"https:\/\/www.europesays.com\/de\/wp-json\/wp\/v2\/media?parent=1253772"}],"wp:term":[{"taxonomy":"category","embeddable":true,"href":"https:\/\/www.europesays.com\/de\/wp-json\/wp\/v2\/categories?post=1253772"},{"taxonomy":"post_tag","embeddable":true,"href":"https:\/\/www.europesays.com\/de\/wp-json\/wp\/v2\/tags?post=1253772"}],"curies":[{"name":"wp","href":"https:\/\/api.w.org\/{rel}","templated":true}]}}