{"id":1253822,"date":"2026-08-22T17:40:20","date_gmt":"2026-08-22T17:40:20","guid":{"rendered":"https:\/\/www.europesays.com\/de\/1253822\/"},"modified":"2026-08-22T17:40:20","modified_gmt":"2026-08-22T17:40:20","slug":"angriff-am-kottbusser-tor-aus-israelhass-mann-soll-37-jaehrigen-mit-cuttermesser-verletzt-haben","status":"publish","type":"post","link":"https:\/\/www.europesays.com\/de\/1253822\/","title":{"rendered":"Angriff am Kottbusser Tor\u00a0\u2013 aus Israelhass?: Mann soll 37-J\u00e4hrigen mit Cuttermesser verletzt haben"},"content":{"rendered":"<p class=\"tspCKpk tspCKpl\">Am Berliner U-Bahnhof Kottbusser Tor soll ein Mann mit einem Cuttermesser angegriffen worden sein\u00a0\u2013 offenbar aus Israelhass. Nach bisherigen Erkenntnissen sei ein 37-J\u00e4hriger morgens auf dem Bahnsteig mit einem 39-J\u00e4hrigen ins Gespr\u00e4ch gekommen, teilte die Polizei mit. Der 37-J\u00e4hrige soll angegeben haben, proisraelisch eingestellt zu sein. \u201eDaraufhin soll der andere Mann ihn mit einem Cuttermesser am Arm verletzt haben\u201c, teilte die Polizei mit.<\/p>\n<p>Lesen Sie auch<a href=\"https:\/\/www.tagesspiegel.de\/berlin\/das-gesicht-wird-nicht-erkennbar-sein-testlauf-fur-videouberwachung-mit-ki-am-kottbusser-tor-startet-15908372.html?icid=topic-list_15971960___\" data-gtm-class=\"article-mzt-link\" data-hydrate-fingerprint=\"09740a54944caac75fd2c0c63fd5c5df\" data-hydrate-props=\"{&amp;escapedquot;element&amp;escapedquot;:{&amp;escapedquot;type&amp;escapedquot;:&amp;escapedquot;relatedContent&amp;escapedquot;,&amp;escapedquot;fieldMap&amp;escapedquot;:{},&amp;escapedquot;relation&amp;escapedquot;:{&amp;escapedquot;fields&amp;escapedquot;:{&amp;escapedquot;isPaid&amp;escapedquot;:null},&amp;escapedquot;href&amp;escapedquot;:&amp;escapedquot;\/berlin\/das-gesicht-wird-nicht-erkennbar-sein-testlauf-fur-videouberwachung-mit-ki-am-kottbusser-tor-startet-15908372.html&amp;escapedquot;,&amp;escapedquot;teaserTitle&amp;escapedquot;:{&amp;escapedquot;kicker&amp;escapedquot;:&amp;escapedquot;\u201eDas Gesicht wird nicht erkennbar sein\u201c&amp;escapedquot;,&amp;escapedquot;headline&amp;escapedquot;:&amp;escapedquot;Testlauf f\u00fcr Video\u00fcberwachung mit KI am Kottbusser Tor startet&amp;escapedquot;},&amp;escapedquot;id&amp;escapedquot;:&amp;escapedquot;15908372&amp;escapedquot;,&amp;escapedquot;type&amp;escapedquot;:&amp;escapedquot;story&amp;escapedquot;},&amp;escapedquot;isPartOfList&amp;escapedquot;:true,&amp;escapedquot;topicListType&amp;escapedquot;:&amp;escapedquot;topic-list&amp;escapedquot;},&amp;escapedquot;showArrow&amp;escapedquot;:true}\" data-hydrate-slots=\"{&#039;default&#039;:[]}\" class=\"tspDDr7 tspDCr5\" rel=\"nofollow noopener\" target=\"_blank\">\u201eDas Gesicht wird nicht erkennbar sein\u201c Testlauf f\u00fcr Video\u00fcberwachung mit KI am Kottbusser Tor startet <\/a><a href=\"https:\/\/www.tagesspiegel.de\/berlin\/vorfall-in-berlin-planterwald-mann-schlagt-schutzscheibe-in-bvg-bus-ein-15971624.html?icid=topic-list_15971960___\" data-gtm-class=\"article-mzt-link\" data-hydrate-fingerprint=\"09740a54944caac75fd2c0c63fd5c5df\" data-hydrate-props=\"{&amp;escapedquot;element&amp;escapedquot;:{&amp;escapedquot;type&amp;escapedquot;:&amp;escapedquot;relatedContent&amp;escapedquot;,&amp;escapedquot;fieldMap&amp;escapedquot;:{},&amp;escapedquot;relation&amp;escapedquot;:{&amp;escapedquot;fields&amp;escapedquot;:{&amp;escapedquot;isPaid&amp;escapedquot;:null},&amp;escapedquot;href&amp;escapedquot;:&amp;escapedquot;\/berlin\/vorfall-in-berlin-planterwald-mann-schlagt-schutzscheibe-in-bvg-bus-ein-15971624.html&amp;escapedquot;,&amp;escapedquot;teaserTitle&amp;escapedquot;:{&amp;escapedquot;kicker&amp;escapedquot;:&amp;escapedquot;Vorfall in Berlin-Pl\u00e4nterwald&amp;escapedquot;,&amp;escapedquot;headline&amp;escapedquot;:&amp;escapedquot;Mann schl\u00e4gt Schutzscheibe in BVG-Bus ein&amp;escapedquot;},&amp;escapedquot;id&amp;escapedquot;:&amp;escapedquot;15971624&amp;escapedquot;,&amp;escapedquot;type&amp;escapedquot;:&amp;escapedquot;story&amp;escapedquot;},&amp;escapedquot;isPartOfList&amp;escapedquot;:true,&amp;escapedquot;topicListType&amp;escapedquot;:&amp;escapedquot;topic-list&amp;escapedquot;},&amp;escapedquot;showArrow&amp;escapedquot;:true}\" data-hydrate-slots=\"{&#039;default&#039;:[]}\" class=\"tspDDr7 tspDCr5\" rel=\"nofollow noopener\" target=\"_blank\">Vorfall in Berlin-Pl\u00e4nterwald Mann schl\u00e4gt Schutzscheibe in BVG-Bus ein <\/a><a href=\"https:\/\/www.tagesspiegel.de\/berlin\/nachts-bei-einem-berliner-spati-36-jahriger-mit-messer-verletzt-und-ausgeraubt-15971597.html?icid=topic-list_15971960___\" data-gtm-class=\"article-mzt-link\" data-hydrate-fingerprint=\"09740a54944caac75fd2c0c63fd5c5df\" data-hydrate-props=\"{&amp;escapedquot;element&amp;escapedquot;:{&amp;escapedquot;type&amp;escapedquot;:&amp;escapedquot;relatedContent&amp;escapedquot;,&amp;escapedquot;fieldMap&amp;escapedquot;:{},&amp;escapedquot;relation&amp;escapedquot;:{&amp;escapedquot;fields&amp;escapedquot;:{&amp;escapedquot;isPaid&amp;escapedquot;:null},&amp;escapedquot;href&amp;escapedquot;:&amp;escapedquot;\/berlin\/nachts-bei-einem-berliner-spati-36-jahriger-mit-messer-verletzt-und-ausgeraubt-15971597.html&amp;escapedquot;,&amp;escapedquot;teaserTitle&amp;escapedquot;:{&amp;escapedquot;kicker&amp;escapedquot;:&amp;escapedquot;Nachts bei einem Berliner Sp\u00e4ti&amp;escapedquot;,&amp;escapedquot;headline&amp;escapedquot;:&amp;escapedquot;36-J\u00e4hriger mit Messer verletzt und ausgeraubt&amp;escapedquot;},&amp;escapedquot;id&amp;escapedquot;:&amp;escapedquot;15971597&amp;escapedquot;,&amp;escapedquot;type&amp;escapedquot;:&amp;escapedquot;story&amp;escapedquot;},&amp;escapedquot;isPartOfList&amp;escapedquot;:true,&amp;escapedquot;topicListType&amp;escapedquot;:&amp;escapedquot;topic-list&amp;escapedquot;},&amp;escapedquot;showArrow&amp;escapedquot;:true}\" data-hydrate-slots=\"{&#039;default&#039;:[]}\" class=\"tspDDr7 tspDCr5\" rel=\"nofollow noopener\" target=\"_blank\">Nachts bei einem Berliner Sp\u00e4ti 36-J\u00e4hriger mit Messer verletzt und ausgeraubt <\/a><\/p>\n<p class=\"tspCKpk\">Rettungskr\u00e4fte h\u00e4tten den Verletzten vor Ort behandelt, der Tatverd\u00e4chtige sei zur Feststellung seiner Identit\u00e4t vor\u00fcbergehend festgenommen worden. Die Ermittlungen hat der f\u00fcr politisch motivierte Straftaten zust\u00e4ndige Staatsschutz beim Landeskriminalamt \u00fcbernommen. (dpa)<\/p>\n","protected":false},"excerpt":{"rendered":"Am Berliner U-Bahnhof Kottbusser Tor soll ein Mann mit einem Cuttermesser angegriffen worden sein\u00a0\u2013 offenbar aus Israelhass. Nach&hellip;\n","protected":false},"author":2,"featured_media":1253823,"comment_status":"","ping_status":"","sticky":false,"template":"","format":"standard","meta":{"footnotes":"","_share_on_mastodon":"0"},"categories":[1825],"tags":[296,29,30,17250],"class_list":["post-1253822","post","type-post","status-publish","format-standard","has-post-thumbnail","category-berlin","tag-berlin","tag-deutschland","tag-germany","tag-kottbusser-tor"],"share_on_mastodon":{"url":"https:\/\/pubeurope.com\/@de\/117140391863492541","error":""},"_links":{"self":[{"href":"https:\/\/www.europesays.com\/de\/wp-json\/wp\/v2\/posts\/1253822","targetHints":{"allow":["GET"]}}],"collection":[{"href":"https:\/\/www.europesays.com\/de\/wp-json\/wp\/v2\/posts"}],"about":[{"href":"https:\/\/www.europesays.com\/de\/wp-json\/wp\/v2\/types\/post"}],"author":[{"embeddable":true,"href":"https:\/\/www.europesays.com\/de\/wp-json\/wp\/v2\/users\/2"}],"replies":[{"embeddable":true,"href":"https:\/\/www.europesays.com\/de\/wp-json\/wp\/v2\/comments?post=1253822"}],"version-history":[{"count":0,"href":"https:\/\/www.europesays.com\/de\/wp-json\/wp\/v2\/posts\/1253822\/revisions"}],"wp:featuredmedia":[{"embeddable":true,"href":"https:\/\/www.europesays.com\/de\/wp-json\/wp\/v2\/media\/1253823"}],"wp:attachment":[{"href":"https:\/\/www.europesays.com\/de\/wp-json\/wp\/v2\/media?parent=1253822"}],"wp:term":[{"taxonomy":"category","embeddable":true,"href":"https:\/\/www.europesays.com\/de\/wp-json\/wp\/v2\/categories?post=1253822"},{"taxonomy":"post_tag","embeddable":true,"href":"https:\/\/www.europesays.com\/de\/wp-json\/wp\/v2\/tags?post=1253822"}],"curies":[{"name":"wp","href":"https:\/\/api.w.org\/{rel}","templated":true}]}}