{"id":1253830,"date":"2026-08-22T17:45:39","date_gmt":"2026-08-22T17:45:39","guid":{"rendered":"https:\/\/www.europesays.com\/de\/1253830\/"},"modified":"2026-08-22T17:45:39","modified_gmt":"2026-08-22T17:45:39","slug":"musikerin-selma-juhran-ueber-leerstand-beton-und-ganz-viel-melancholie-in-chemnitz","status":"publish","type":"post","link":"https:\/\/www.europesays.com\/de\/1253830\/","title":{"rendered":"Musikerin Selma Juhran \u00fcber Leerstand, Beton und ganz viel Melancholie in Chemnitz"},"content":{"rendered":"<p class=\"topline\">Musikerin Selma Juhran<\/p>\n<p>\n                Stand: 22.08.2026 08:00 Uhr<\/p>\n<p class=\"preface\">Sie stand schon mit \u00c4tna und Power Plush auf der B\u00fchne, ihr musikalisches Vorbild ist Lana Del Rey. Selma Juhran aus Chemnitz mag und macht Musik, seit sie denken kann. Ihr Markenzeichen: ganz viel Melancholie. Im Fr\u00fchjahr hat sie beim Wettbewerb Popmusik Sachsen gewonnen. Seitdem hat sie sich neue Projekte vorgenommen. Im Interview mit MDR SACHSEN erz\u00e4hlt die S\u00e4ngerin von ihrer besonderen Beziehung zu Chemnitz.<\/p>\n<p class=\"textauthor\">von Philipp Brendel, MDR SACHSEN<\/p>\n<p class=\"\">Selma Juhran steht am Mikrofon eines privaten Tonstudios. Ihre Stimme erf\u00fcllt den Rau, der Klang ist kr\u00e4ftig, in ihm spiegelt sich etwas Vertr\u00e4umtes und Melancholisches wider. &#8222;Ich hoffe, dass Menschen darin reflektieren k\u00f6nnen&#8220;, sagt die 26-J\u00e4hrige, &#8222;dass sie einen Safespace in der Musik finden, um nicht nur positive Gef\u00fchle zu erleben, sondern auch mal, um traurig oder w\u00fctend zu sein.&#8220;<\/p>\n<p>                    <a href=\"https:\/\/www.europesays.com\/de\/wp-content\/uploads\/2026\/08\/selma-juhran-saengerin-106.webp\" class=\"zoomimage\" title=\"Bild vergr\u00f6\u00dfern\"><\/p>\n<p>        <img decoding=\"async\" src=\"https:\/\/www.europesays.com\/de\/wp-content\/uploads\/2026\/08\/selma-juhran-saengerin-106.webp\" alt=\"Selma Juhran spielt am Keyboard. \" title=\"Ihre fr\u00fchen Vorbilder sieht Selma Juhran in den S\u00e4ngerinnen Lana Del Ray und Sia. Aktuell sei sie von experimentellerer Musik und Gothicsounds inspiriert, sagt die Musikerin. | Philipp Brendel \" class=\"responsive\" loading=\"lazy\"\/><\/p>\n<p>                    <\/a><\/p>\n<p>                    Ihre fr\u00fchen Vorbilder sieht Selma Juhran in den S\u00e4ngerinnen Lana Del Ray und Sia. Aktuell sei sie von experimentellerer Musik und Gothicsounds inspiriert, sagt die Musikerin.<\/p>\n<p class=\"\">Die Chemnitzerin hatte im M\u00e4rz dieses Jahres <a href=\"https:\/\/www.mdr.de\/nachrichten\/sachsen\/leipzig\/leipzig-leipzig-land\/wettbewerb-popmusik-preis-musik-auszeichnung-108.html\" title=\"&quot;Mein Herz ist mir bis in den Hals geschlagen&quot;: Was die Newcomer aus dem Wettbewerb Popmusik ausmacht\" rel=\"nofollow noopener\" target=\"_blank\">beim Wettbewerb Popmusik Sachsen gewonnen<\/a>. Die Freude dar\u00fcber sei immer noch gro\u00df: &#8222;Ich habe mich total dar\u00fcber gefreut, weil es eine Best\u00e4tigung f\u00fcr mich ist, dass meine Musik gut ist und ich den richtigen Weg gehe.&#8220;<\/p>\n<p>        <img decoding=\"async\" src=\"https:\/\/www.europesays.com\/de\/wp-content\/uploads\/2026\/08\/google-handy-100.webp\" alt=\"Ein Handy liegt auf einer Laptoptastatur. Das Display zeigt das Google Logo\" title=\"Ein Handy liegt auf einer Laptoptastatur. Das Display zeigt das Google Logo |  IMAGO \/ SOPA Images\" class=\"responsive\" loading=\"lazy\"\/><\/p>\n<p>Nachrichten personalisieren<\/p>\n<p>    Festivals in Berlin, Polen und Tschechien<\/p>\n<p class=\"\">Selma singt seit Kindertagen. Als Jugendliche lernt sie Gitarre und nimmt Gesangsunterricht. Den musikalischen Feinschliff erh\u00e4lt sie am Landesgymnasium f\u00fcr Musik Carl Maria von Weber in Dresden und an der Popakademie Mannheim in Baden-W\u00fcrttemberg, an der sie Singer\/Songwriter studiert.<\/p>\n<p class=\"\">Inzwischen feiert sie ihre ersten Erfolge. Sie tritt auf Festivals in Dresden, Berlin, Polen und Tschechien auf.<\/p>\n<p>                    <a href=\"https:\/\/www.europesays.com\/de\/wp-content\/uploads\/2026\/08\/selma-juhran-saengerin-102.webp\" class=\"zoomimage\" title=\"Bild vergr\u00f6\u00dfern\"><\/p>\n<p>        <img decoding=\"async\" src=\"https:\/\/www.europesays.com\/de\/wp-content\/uploads\/2026\/08\/selma-juhran-saengerin-102.webp\" alt=\"Selma Juhran arbeitet am Laptop. \" title=\"Das Geld, was ihr \u00fcbrig bleibt, steckt Selma Juhran in neue Projekte. Aktuell sammelt sie Songs f\u00fcr ein erstes Album.  | Philipp Brendel \" class=\"responsive\" loading=\"lazy\"\/><\/p>\n<p>                    <\/a><\/p>\n<p>                    Das Geld, was ihr \u00fcbrig bleibt, steckt Selma Juhran in neue Projekte. Aktuell sammelt sie Songs f\u00fcr ein erstes Album. <\/p>\n<p>    Musikerin: Schwer, von der Musik allein zu leben<\/p>\n<p class=\"\">Am Laptop stellt Selma Regler f\u00fcr digitale Musikinstrumente ein. Den gr\u00f6\u00dften Teil ihrer Songs kreiert sie mit Musikprogrammen. Dabei experimentiert sie gern: &#8222;Ich habe zum Beispiel den Sound einer Zither in einen Song mit einflie\u00dfen lassen.&#8220;<\/p>\n<blockquote><p>\n        Es ist extrem schwierig, von Musik zu leben. Die meisten Leute, die ich kenne und mit mir studiert haben, haben alle einen Nebenjob.<\/p>\n<p>                Selma Juhran | Musikerin<\/p>\n<\/blockquote>\n<p class=\"\">Trotz der ersten Erfolge sei das Leben als S\u00e4ngerin finanziell voller Risiken. &#8222;Es ist extrem schwierig, von Musik zu leben. Die meisten Leute, die ich kenne und mit mir studiert haben, haben alle einen Nebenjob&#8220;, betont Juhran.<\/p>\n<p>    Nicht den Trends hinterherlaufen<\/p>\n<p class=\"\">Um finanziell abgefedert zu sein, arbeitet Selma f\u00fcr mehrere Musikprojekte in Chemnitz. So bringt sie Jugendlichen im Fritz-Heckert-Gebiet in DJ- oder Songwriting-Workshops Musik n\u00e4her. Ihr Geld sei dennoch knapp bemessen.<\/p>\n<p>                    <a href=\"https:\/\/www.europesays.com\/de\/wp-content\/uploads\/2026\/08\/selma-juhran-saengerin-100.webp\" class=\"zoomimage\" title=\"Bild vergr\u00f6\u00dfern\"><\/p>\n<p>        <img decoding=\"async\" src=\"https:\/\/www.europesays.com\/de\/wp-content\/uploads\/2026\/08\/selma-juhran-saengerin-100.webp\" alt=\"Selma Juhran singt am Mikrofon. \" title=\"Die Chemnitzerin hat eine F\u00f6rderung durch die Initiative Musik erhalten, mit deren Hilfe sie ihre erste EP ver\u00f6ffentlichen konnte.  | Philipp Brendel \" class=\"responsive\" loading=\"lazy\"\/><\/p>\n<p>                    <\/a><\/p>\n<p>                    Die Chemnitzerin hat eine F\u00f6rderung durch die Initiative Musik erhalten, mit deren Hilfe sie ihre erste EP ver\u00f6ffentlichen konnte. <\/p>\n<p class=\"\">Aber sie sei froh, nicht komplett auf ihre musikalische Karriere angewiesen zu sein, so Juhran. Das gebe es ihr die Unabh\u00e4ngigkeit, nicht den erfolgversprechendsten Trends hinterherlaufen zu m\u00fcssen. &#8222;Ich habe das Gef\u00fchl, freier in meinen Entscheidungen zu sein.&#8220;<\/p>\n<p>    Liebeserkl\u00e4rung an Chemnitz<\/p>\n<p class=\"\">Im Tonstudio erklingt Selmas sph\u00e4rische Stimme \u00fcber die Boxen. Mit ihrem Song &#8222;Concrete Roses&#8220; will sie ihre enge Beziehung zu Chemnitz ausdr\u00fccken, sagt Juhran. Das Lied thematisiert ihre Jugendzeit in der Stadt.<\/p>\n<blockquote><p>\n        Es ist eine Liebeserkl\u00e4rung und ist f\u00fcr mich verbunden mit einer gro\u00dfen Nostalgie und Melancholie, die das Aufwachsen f\u00fcr viele hat.<\/p>\n<p>                Selma Juhran | Singer-Songwriterin<\/p>\n<\/blockquote>\n<p class=\"\">Es gehe um einen Ort, der ihr als Jugendliche unendlich viele Freiheiten bot, sie zugleich aber auch wegen der eigenen Ziellosigkeit erschlagen habe. &#8222;Es ist eine Liebeserkl\u00e4rung und ist f\u00fcr mich verbunden mit einer gro\u00dfen Nostalgie und Melancholie, die das Aufwachsen f\u00fcr viele hat.&#8220;<\/p>\n<p>    Stadt mit einer lebendigen Musikszene<\/p>\n<p class=\"\">Chemnitz sei zwar nicht bekannt f\u00fcr gro\u00dfe Namen, habe dennoch eine sehr lebendige Musikszene, erkl\u00e4rt die 26-J\u00e4hrige. &#8222;Die Stadt hat mir sehr viele M\u00f6glichkeiten gegeben, mich auf Festivals zu pr\u00e4sentieren oder auf Konzerten zu spielen.&#8220;<\/p>\n<p>                    <a href=\"https:\/\/www.europesays.com\/de\/wp-content\/uploads\/2026\/08\/selma-juhran-saengerin-104.webp\" class=\"zoomimage\" title=\"Bild vergr\u00f6\u00dfern\"><\/p>\n<p>        <img decoding=\"async\" src=\"https:\/\/www.europesays.com\/de\/wp-content\/uploads\/2026\/08\/selma-juhran-saengerin-104.webp\" alt=\"Selma Juhran singt am Mikrofon. \" title=\"Selma Juhran konnte schon zusammen mit den Musikern \u00c4tna, Power Plush und der tschechischen S\u00e4ngerin Amelie Siba auf Konzerten singen.  | Philipp Brendel \" class=\"responsive\" loading=\"lazy\"\/><\/p>\n<p>                    <\/a><\/p>\n<p>                    Selma Juhran konnte schon zusammen mit den Musikern \u00c4tna, Power Plush und der tschechischen S\u00e4ngerin Amelie Siba auf Konzerten singen. <\/p>\n<p class=\"\">Auch durch ihre Musik will Selma Chemnitz sichtbarer machen. Viel Leerstand und das Klischee von Beton dr\u00fccken f\u00fcr sie eine melancholische Stimmung aus. &#8222;Mich haben diese melancholischen Vibes in der Musik schon immer angezogen.&#8220; Und gleichzeitig ist Chemnitz f\u00fcr Selma in den vergangenen Jahren bunter geworden.<\/p>\n<p>    Erstes Album in Arbeit<\/p>\n<p class=\"\">F\u00fcr die n\u00e4chsten Monate hat sich die S\u00e4ngerin neue Projekte vorgenommen. Im Oktober will sie eine neue EP ver\u00f6ffentlichen, die rockiger werden soll. F\u00fcr ein erstes Album sammelt sie aktuell Songs. Zudem d\u00fcrfe sie die Musik zu einem Film schreiben, der in Chemnitz gedreht wurde.<\/p>\n<p>Mehr zum Thema <\/p>\n<p>        <img decoding=\"async\" src=\"https:\/\/www.europesays.com\/de\/wp-content\/uploads\/2026\/08\/wettbewerb-popmusik-preise-102.webp\" alt=\"Eine person h\u00e4lt eine Auszeichnung in den H\u00e4nden.\" title=\"Eine person h\u00e4lt eine Auszeichnung in den H\u00e4nden. | MDR\/Philipp Brendel\" class=\"responsive\" loading=\"lazy\"\/><\/p>\n<p>        <img decoding=\"async\" src=\"https:\/\/www.europesays.com\/de\/wp-content\/uploads\/2026\/08\/collage-persoenlichkeiten-leipzig-102.webp\" alt=\"Neo Rauch, Inka Bause, Simone Thomalla und Frank Sch\u00f6bel\" title=\"Neo Rauch, Inka Bause, Simone Thomalla und Frank Sch\u00f6bel | Collage: picture alliance\/dpa|Matthias Bein \/ picture-alliance\/dpa|Jens Kalaene \/ IMAGO\/BREUEL-BILD \/ picture alliance\/dpa\/dpa-Zentralbild|Sebastian Kahnert\" class=\"responsive\" loading=\"lazy\"\/><\/p>\n<p>        <img decoding=\"async\" src=\"https:\/\/www.europesays.com\/de\/wp-content\/uploads\/2026\/07\/tina-daute-106.webp\" alt=\"S\u00e4ngerin Tina Daute vor orangefarbenem Hintergrund\" title=\"S\u00e4ngerin Tina Daute vor orangefarbenem Hintergrund |  IMAGO \/ Gueffroy\" class=\"responsive\" loading=\"lazy\"\/><\/p>\n<p>&#8222;Sing, mei Sachse sing&#8220; &amp; mehr<\/p>\n","protected":false},"excerpt":{"rendered":"Musikerin Selma Juhran Stand: 22.08.2026 08:00 Uhr Sie stand schon mit \u00c4tna und Power Plush auf der B\u00fchne,&hellip;\n","protected":false},"author":2,"featured_media":1253831,"comment_status":"","ping_status":"","sticky":false,"template":"","format":"standard","meta":{"footnotes":"","_share_on_mastodon":"0"},"categories":[1772],"tags":[29,214,30,259382,1779,810,14,1911,17769,34585,215],"class_list":["post-1253830","post","type-post","status-publish","format-standard","has-post-thumbnail","category-musik","tag-deutschland","tag-entertainment","tag-germany","tag-juhran","tag-music","tag-musik","tag-nachrichten","tag-saengerin","tag-selma","tag-singen","tag-unterhaltung"],"share_on_mastodon":{"url":"https:\/\/pubeurope.com\/@de\/117140414055679936","error":""},"_links":{"self":[{"href":"https:\/\/www.europesays.com\/de\/wp-json\/wp\/v2\/posts\/1253830","targetHints":{"allow":["GET"]}}],"collection":[{"href":"https:\/\/www.europesays.com\/de\/wp-json\/wp\/v2\/posts"}],"about":[{"href":"https:\/\/www.europesays.com\/de\/wp-json\/wp\/v2\/types\/post"}],"author":[{"embeddable":true,"href":"https:\/\/www.europesays.com\/de\/wp-json\/wp\/v2\/users\/2"}],"replies":[{"embeddable":true,"href":"https:\/\/www.europesays.com\/de\/wp-json\/wp\/v2\/comments?post=1253830"}],"version-history":[{"count":0,"href":"https:\/\/www.europesays.com\/de\/wp-json\/wp\/v2\/posts\/1253830\/revisions"}],"wp:featuredmedia":[{"embeddable":true,"href":"https:\/\/www.europesays.com\/de\/wp-json\/wp\/v2\/media\/1253831"}],"wp:attachment":[{"href":"https:\/\/www.europesays.com\/de\/wp-json\/wp\/v2\/media?parent=1253830"}],"wp:term":[{"taxonomy":"category","embeddable":true,"href":"https:\/\/www.europesays.com\/de\/wp-json\/wp\/v2\/categories?post=1253830"},{"taxonomy":"post_tag","embeddable":true,"href":"https:\/\/www.europesays.com\/de\/wp-json\/wp\/v2\/tags?post=1253830"}],"curies":[{"name":"wp","href":"https:\/\/api.w.org\/{rel}","templated":true}]}}