{"id":1253844,"date":"2026-08-22T17:53:18","date_gmt":"2026-08-22T17:53:18","guid":{"rendered":"https:\/\/www.europesays.com\/de\/1253844\/"},"modified":"2026-08-22T17:53:18","modified_gmt":"2026-08-22T17:53:18","slug":"dortmund-49-jaehriger-leblos-in-wohnung-entdeckt-15-jaehriger-sohn-soll-eigenen-vater-getoetet-haben","status":"publish","type":"post","link":"https:\/\/www.europesays.com\/de\/1253844\/","title":{"rendered":"Dortmund: 49-J\u00e4hriger leblos in Wohnung entdeckt \u2013\u00a015-j\u00e4hriger Sohn soll eigenen Vater get\u00f6tet haben"},"content":{"rendered":"<p class=\"is-first-paragraph\" data-external=\"Article.FirstParagraph\">In Dortmund (Nordrhein-Westfalen) hat die Polizei einen 15-J\u00e4hrigen festgenommen, der im Verdacht steht, seinen eigenen Vater get\u00f6tet zu haben. Der 49-J\u00e4hrige wurde am Morgen tot in seiner Wohnung im Stadtteil H\u00f6rde gefunden, wie Polizei und Staatsanwaltschaft mitteilten. <\/p>\n<p>Im Zuge erster Ermittlungen h\u00e4tten sich Anhaltspunkte f\u00fcr ein T\u00f6tungsdelikt ergeben. Der Tatverdacht richte sich aktuell gegen den 15 Jahre alten Sohn. Er sei vorl\u00e4ufig festgenommen worden. <\/p>\n<p>Wie die \u201e<a class=\"is-link c-block-items__link is-external c-link--rich-text-renderer\" href=\"https:\/\/www.bild.de\/news\/eilmeldung-mann-in-dortmund-getoetet-sohn-15-unter-verdacht-6a89949fc3692834ff6d9517\" target=\"_blank\" title=\"Link wird in einem neuen Tab ge\u00f6ffnet\" rel=\"nofollow noopener\" data-internal-tracking-enabled=\"true\" data-internal-tracking=\"{&quot;action&quot;:&quot;click&quot;,&quot;label&quot;:&quot;link&quot;,&quot;name&quot;:&quot;Inline Element&quot;,&quot;data&quot;:{&quot;source&quot;:&quot;&quot;,&quot;target&quot;:&quot;https:\/\/www.bild.de\/news\/eilmeldung-mann-in-dortmund-getoetet-sohn-15-unter-verdacht-6a89949fc3692834ff6d9517&quot;,&quot;trackingName&quot;:&quot;&quot;,&quot;trackingLabel&quot;:&quot;&quot;}}\">Bild<\/a>\u201c-Zeitung schreibt, soll sich die Tat im 9. Stock eines Plattenbaus ereignet haben. \u201eIch habe einen lauten Schrei geh\u00f6rt. Dann war es pl\u00f6tzlich still\u201c, sagte eine Nachbarin gegen\u00fcber der Zeitung. <\/p>\n<p>Unter Verweis auf das jugendliche Alter des Tatverd\u00e4chtigen wollten die Ermittler auch auf Nachfrage keine weiteren Details nennen.<\/p>\n","protected":false},"excerpt":{"rendered":"In Dortmund (Nordrhein-Westfalen) hat die Polizei einen 15-J\u00e4hrigen festgenommen, der im Verdacht steht, seinen eigenen Vater get\u00f6tet zu&hellip;\n","protected":false},"author":2,"featured_media":1253845,"comment_status":"","ping_status":"","sticky":false,"template":"","format":"standard","meta":{"footnotes":"","_share_on_mastodon":"0"},"categories":[2],"tags":[29,30,13,2183,14,15,250153,110,121,12,45,10,8,9,11,6148],"class_list":["post-1253844","post","type-post","status-publish","format-standard","has-post-thumbnail","category-deutschland","tag-deutschland","tag-germany","tag-headlines","tag-mord","tag-nachrichten","tag-news","tag-newsos-import-welt","tag-newsteam","tag-polizei","tag-schlagzeilen","tag-texttospeech","tag-top-news","tag-top-meldungen","tag-topmeldungen","tag-topnews","tag-totschlag"],"share_on_mastodon":{"url":"https:\/\/pubeurope.com\/@de\/117140442708928380","error":""},"_links":{"self":[{"href":"https:\/\/www.europesays.com\/de\/wp-json\/wp\/v2\/posts\/1253844","targetHints":{"allow":["GET"]}}],"collection":[{"href":"https:\/\/www.europesays.com\/de\/wp-json\/wp\/v2\/posts"}],"about":[{"href":"https:\/\/www.europesays.com\/de\/wp-json\/wp\/v2\/types\/post"}],"author":[{"embeddable":true,"href":"https:\/\/www.europesays.com\/de\/wp-json\/wp\/v2\/users\/2"}],"replies":[{"embeddable":true,"href":"https:\/\/www.europesays.com\/de\/wp-json\/wp\/v2\/comments?post=1253844"}],"version-history":[{"count":0,"href":"https:\/\/www.europesays.com\/de\/wp-json\/wp\/v2\/posts\/1253844\/revisions"}],"wp:featuredmedia":[{"embeddable":true,"href":"https:\/\/www.europesays.com\/de\/wp-json\/wp\/v2\/media\/1253845"}],"wp:attachment":[{"href":"https:\/\/www.europesays.com\/de\/wp-json\/wp\/v2\/media?parent=1253844"}],"wp:term":[{"taxonomy":"category","embeddable":true,"href":"https:\/\/www.europesays.com\/de\/wp-json\/wp\/v2\/categories?post=1253844"},{"taxonomy":"post_tag","embeddable":true,"href":"https:\/\/www.europesays.com\/de\/wp-json\/wp\/v2\/tags?post=1253844"}],"curies":[{"name":"wp","href":"https:\/\/api.w.org\/{rel}","templated":true}]}}