{"id":1253846,"date":"2026-08-22T17:54:20","date_gmt":"2026-08-22T17:54:20","guid":{"rendered":"https:\/\/www.europesays.com\/de\/1253846\/"},"modified":"2026-08-22T17:54:20","modified_gmt":"2026-08-22T17:54:20","slug":"hertha-siegt-im-elferschiessen-dfb-pokal-werder-mit-fuellkrug-tor-duisburg-erleidet-spaeten-schock","status":"publish","type":"post","link":"https:\/\/www.europesays.com\/de\/1253846\/","title":{"rendered":"Hertha siegt im Elferschie\u00dfen: DFB-Pokal: Werder mit F\u00fcllkrug-Tor, Duisburg erleidet sp\u00e4ten Schock"},"content":{"rendered":"<p>Hertha siegt im Elferschie\u00dfenDFB-Pokal: Werder mit F\u00fcllkrug-Tor, Duisburg erleidet sp\u00e4ten Schock<\/p>\n<p>Artikel anh\u00f6ren (05:58 min)<\/p>\n<p>22.08.2026 | 17:33 Uhr <\/p>\n<p>Der DFB-Pokal kommt wieder mit m\u00e4chtig Spannung daher: W\u00e4hrend Werder Bremen fr\u00fch f\u00fchrt und Hannover 96 sich den Frust von der Seele schie\u00dft, m\u00fcssen Hertha und N\u00fcrnberg zittern. Der MSV Duisburg kratzt an der Sensation, bricht dann aber sp\u00e4t ein.<\/p>\n<p class=\"Typography_text-default__P3otY Typography_weight-normal__pqUbH StorylineParagraph_p__4mkZU\"><b class=\"bold\">L\u00fcneburger SK Hansa &#8211; Werder Bremen 0:3 (0:1)<\/b><\/p>\n<p class=\"Typography_text-default__P3otY Typography_weight-normal__pqUbH StorylineParagraph_p__4mkZU\">Niclas F\u00fcllkrug hat bei seinem Comeback f\u00fcr Werder Bremen einen Einstand nach Ma\u00df gefeiert. Der R\u00fcckkehrer stand vier Tage nach seinem Wechsel im DFB-Pokal direkt in der Startelf und traf beim hochverdienten 3:0 (1:0)-Erstrundensieg der Gr\u00fcn-Wei\u00dfen beim nieders\u00e4chsischen Oberligisten L\u00fcneburger SK Hansa per Foulelfmeter zum zwischenzeitlichen 2:0 (53.).<\/p>\n<p class=\"Typography_text-default__P3otY Typography_weight-normal__pqUbH StorylineParagraph_p__4mkZU\">Jens Stage (11.) hatte dominante Bremer von Trainer Daniel Thioune zuvor in F\u00fchrung gebracht, Ludovit Reis sorgte f\u00fcr den Endstand (76.). Die L\u00fcneburger, bei denen vier Hamburger-SV-Fans in der Startelf standen, hielten im Millerntor-Stadion des FC St. Pauli \u00fcber weite Strecken tapfer dagegen, waren letztlich aber chancenlos.<\/p>\n<p class=\"Typography_text-default__P3otY Typography_weight-normal__pqUbH StorylineParagraph_p__4mkZU\">Werder hatte F\u00fcllkrug, der an der Weser einst zum Nationalspieler und Bundesliga-Torsch\u00fctzenk\u00f6nig avanciert war, am Dienstag f\u00fcr ein Jahr vom englischen Premier-League-Absteiger West Ham United ausgeliehen. Neben dem 33-J\u00e4hrigen standen mit Torh\u00fcter Alexander Schlager und Reis zwei weitere Sommer-Neuzug\u00e4nge in der Startformation.\u00a0<\/p>\n<p class=\"Typography_text-default__P3otY Typography_weight-normal__pqUbH StorylineParagraph_p__4mkZU\">Der ehemalige HSV-Kapit\u00e4n Reis hatte gleich die erste gute Gelegenheit (1.), Stage traf per Kopf, ehe F\u00fcllkrug den Ball mit seiner ersten guten Gelegenheit knapp \u00fcber das Tor k\u00f6pfte (13.). Nach der Pause, die sich wegen eines Lochs im Tornetz etwas in die L\u00e4nge zog, holte Stage mit einem Solo den Elfmeter raus, den F\u00fcllkrug eiskalt verwandelte. Kurz danach wurde er ausgewechselt. Reis machte endg\u00fcltig alles klar.<\/p>\n<p class=\"Typography_text-default__P3otY Typography_weight-normal__pqUbH StorylineParagraph_p__4mkZU\"><b class=\"bold\">MSV Duisburg &#8211; SV Elversberg 1:3 (0:1)<\/b><\/p>\n<p class=\"Typography_text-default__P3otY Typography_weight-normal__pqUbH StorylineParagraph_p__4mkZU\">Die SV Elversberg hat ihr erstes Pflichtspiel als Fu\u00dfball-Bundesligist erfolgreich bestritten und ist in die zweite Runde des DFB-Pokals eingezogen. Beim Drittligisten MSV Duisburg setzten sich die Saarl\u00e4nder in einem nach der Pause munteren Duell mit 3:1 (1:0) durch und tankten eine Woche vor dem Ligastart Selbstvertrauen.<\/p>\n<p class=\"Typography_text-default__P3otY Typography_weight-normal__pqUbH StorylineParagraph_p__4mkZU\">F\u00fcr Duisburg ist bei der ersten Pokalteilnahme seit sechs Jahren in der ersten Runde Schluss. Luca Schnellbacher (38.) und Francis Onyeka (88.\/90.+1) trafen f\u00fcr den Neu-Bundesligisten, Lex Tyger Lobinger (54.) glich sehenswert f\u00fcr den Underdog aus.<\/p>\n<p class=\"Typography_text-default__P3otY Typography_weight-normal__pqUbH StorylineParagraph_p__4mkZU\">Elversberg startete nach guten Ergebnissen in der Vorbereitung mit R\u00fcckenwind in die Partie und \u00fcbernahm fr\u00fch die Initiative. Die Mannschaft von Trainer Vincent Wagner lie\u00df den Ball gut durch die eigenen Reihen laufen, Duisburg stand sicher und setzte auf Umschaltmomente. Vor den Toren blieb es aber weitgehend ungef\u00e4hrlich. <\/p>\n<p class=\"Typography_text-default__P3otY Typography_weight-normal__pqUbH StorylineParagraph_p__4mkZU\"><b class=\"bold\">SV Hemelingen &#8211; Hannover 96 1:9 (0:6)<\/b><\/p>\n<p class=\"Typography_text-default__P3otY Typography_weight-normal__pqUbH StorylineParagraph_p__4mkZU\">Nach zwei Pleiten zum Saisonstart in der 2. Bundesliga hat Hannover 96 im Pokal einen Kantersieg gefeiert. Beim Bremer F\u00fcnftligisten SV Hemelingen setzten sich die Niedersachsen in der ersten Runde v\u00f6llig problemlos mit 9:1 (6:0) durch.<\/p>\n<p class=\"Typography_text-default__P3otY Typography_weight-normal__pqUbH StorylineParagraph_p__4mkZU\">Vor 13.000 Zuschauern im Weserstadion sorgten Stefan Thordarson (5.\/19.), Lars Gindorf (11.\/39.), Marcel Hartel (16.) und Benedikt Pichler (21.) schon in der ersten Halbzeit f\u00fcr klare Verh\u00e4ltnisse. Gindorf legte nach der Pause mit seinem dritten Tor nach (53.), ehe\u00a0Ledjon Fikaj das erste DFB-Pokaltor der Gastgeber erzielte (56.). Bei ihrer ersten Teilnahme im vergangenen Jahr hatten die Bremer 0:9 gegen den VfL Wolfsburg verloren.\u00a0<\/p>\n<p class=\"Typography_text-default__P3otY Typography_weight-normal__pqUbH StorylineParagraph_p__4mkZU\">Pichler (88.) und\u00a0Taycan Etcibasi (90.+1) schraubten das Ergebnis weiter in die H\u00f6he. Die 96er, die erst am letzten Spieltag den Aufstieg in die Bundesliga verspielt hatten, sind mit Niederlagen gegen Energie Cottbus (1:3) und Wolfsburg (0:1) in die Liga gestartet.<\/p>\n<p class=\"Typography_text-default__P3otY Typography_weight-normal__pqUbH StorylineParagraph_p__4mkZU\"><b class=\"bold\">FC Erzgebirge Aue &#8211; 1899 Hoffenheim 0:4 (0:3)<\/b><\/p>\n<p class=\"Typography_text-default__P3otY Typography_weight-normal__pqUbH StorylineParagraph_p__4mkZU\">Auch Europa-League-Teilnehmer TSG Hoffenheim hat die erste H\u00fcrde problemlos \u00fcbersprungen. Beim \u00fcberzeugenden 4:0 (3:0) beim s\u00e4chsischen Viertligisten Erzgebirge Aue gefielen in der Mannschaft von Trainer Christian Ilzer vor allem Doppeltorsch\u00fctze Patrick Wimmer und das neu verpflichtete Supertalent Nathan De Cat. Der Sieg h\u00e4tte noch h\u00f6her ausfallen k\u00f6nnen<\/p>\n<p class=\"Typography_text-default__P3otY Typography_weight-normal__pqUbH StorylineParagraph_p__4mkZU\">Wimmer erzielte nach Vorarbeit der beiden Neuzug\u00e4nge Leon Avdullahu und De Cat zun\u00e4chst die fr\u00fche F\u00fchrung f\u00fcr die TSG (6.). Nur wenig sp\u00e4ter legte der Angreifer den zweiten Treffer durch Wouter Burger auf (17.), Burger hatte den vorausgehenden Konter noch selbst eingeleitet. Sekunden vor der Pause (45.+1) profitierte Wimmer dann von einer verungl\u00fcckten Abwehraktion von Paul Wagner. Den vierten Treffer erzielte der eingewechselte Max Moerstedt (63.).<\/p>\n<p class=\"Typography_text-default__P3otY Typography_weight-normal__pqUbH StorylineParagraph_p__4mkZU\">Der erst 17 Jahre alte und von zahlreichen Klubs umworbene De Cat, den die Hoffenheimer f\u00fcr 17 Millionen Euro vom belgischen Rekordmeister verpflichtet hatte, gab ein gelungenes Pflichtspieldeb\u00fct. In der ersten Halbzeit besa\u00df der Mittelfeldspieler unter anderem die gro\u00dfe Chance auf seinen ersten Treffer im Trikot der TSG (19.).<\/p>\n<p class=\"Typography_text-default__P3otY Typography_weight-normal__pqUbH StorylineParagraph_p__4mkZU\"><b class=\"bold\">1. FC Saarbr\u00fccken &#8211; Hertha BSC 1:1 n.V., 2:4 i.E.<\/b><\/p>\n<p class=\"Typography_text-default__P3otY Typography_weight-normal__pqUbH StorylineParagraph_p__4mkZU\">Zweitligist Hertha BSC hat den allj\u00e4hrlichen Traum vom DFB-Pokalfinale im heimischen Olympiastadion am Leben gehalten. Beim Drittligisten 1. FC Saarbr\u00fccken gewann die Mannschaft von Trainer Stefan Leitl mit 4:2 (1:1, 1:1) im Elfmeterschie\u00dfen und zog in die zweite Runde ein. F\u00fcr Saarbr\u00fccken zerbrachen dagegen die Hoffnungen auf eine neuerliche Pokal-Sensation wie zuletzt in der Saison 2023\/24, als der Klub erst im Halbfinale ausschied.<\/p>\n<p class=\"Typography_text-default__P3otY Typography_weight-normal__pqUbH StorylineParagraph_p__4mkZU\">Paul Seguin (69.) hatte die Berliner in der regul\u00e4ren Spielzeit mit einem Traumtor in F\u00fchrung gebracht. Philip Fahrner (90.+2) glich sp\u00e4t aus. Hertha-Keeper Marius Gersbeck parierte im Elfmeterschie\u00dfen zwei Versuche.<\/p>\n<p class=\"Typography_text-default__P3otY Typography_weight-normal__pqUbH StorylineParagraph_p__4mkZU\"><b class=\"bold\">Viktoria K\u00f6ln &#8211; 1. FC N\u00fcrnberg 1:1 n.V., 4:5 i.E.<\/b><\/p>\n<p class=\"Typography_text-default__P3otY Typography_weight-normal__pqUbH StorylineParagraph_p__4mkZU\">Trainer Miroslav Klose und der 1. FC N\u00fcrnberg haben nach einem gelungenen Saisonstart auch die erste Runde im DFB-Pokal \u00fcberstanden &#8211; allerdings nur mit M\u00fche und im Nachsitzen. Der Club setzte sich gegen den starken Drittligisten Viktoria K\u00f6ln erst durch ein 5:4 im Elfmeterschie\u00dfen durch. Nach 120 und 90 Minuten hatte es 1:1 (0:0) gestanden.<\/p>\n<p class=\"Typography_text-default__P3otY Typography_weight-normal__pqUbH StorylineParagraph_p__4mkZU\">Der Tabellenf\u00fchrer der 2. Liga war nach einer erschreckend schwachen ersten Halbzeit, in der die Gastgeber zahlreiche Chancen zur \u00fcberf\u00e4lligen F\u00fchrung ungenutzt lie\u00dfen, durch Piet Scobel in F\u00fchrung gegangen (56.). Die Viktoria blieb freilich gef\u00e4hrlich und glich mit der letzten Aktion der regul\u00e4ren Spielzeit durch Meiko Sponsel aus (90.+6). Der starke N\u00fcrnberger Torh\u00fcter Jan Reichert hielt danach im Elfmeterschie\u00dfen den Schuss von Niklas Jahn, zuvor hatte Can Moustfa f\u00fcr den Club verwandelt.<\/p>\n<p>Verwendete Quellen: ntv.de, dbe\/sid<\/p>\n","protected":false},"excerpt":{"rendered":"Hertha siegt im Elferschie\u00dfenDFB-Pokal: Werder mit F\u00fcllkrug-Tor, Duisburg erleidet sp\u00e4ten Schock Artikel anh\u00f6ren (05:58 min) 22.08.2026 | 17:33&hellip;\n","protected":false},"author":2,"featured_media":1253847,"comment_status":"","ping_status":"","sticky":false,"template":"","format":"standard","meta":{"footnotes":"","_share_on_mastodon":"0"},"categories":[5],"tags":[783,484,1264,15427,347,2366,13,1088,3721,14,15,12,10,8,9,11,537],"class_list":["post-1253846","post","type-post","status-publish","format-standard","has-post-thumbnail","category-nachrichten","tag-1-fc-nuernberg","tag-1899-hoffenheim","tag-dfb-pokal","tag-fc-erzgebirge-aue","tag-fussball","tag-hannover-96","tag-headlines","tag-hertha-bsc","tag-msv-duisburg","tag-nachrichten","tag-news","tag-schlagzeilen","tag-top-news","tag-top-meldungen","tag-topmeldungen","tag-topnews","tag-werder-bremen"],"share_on_mastodon":{"url":"https:\/\/pubeurope.com\/@de\/117140446722922068","error":""},"_links":{"self":[{"href":"https:\/\/www.europesays.com\/de\/wp-json\/wp\/v2\/posts\/1253846","targetHints":{"allow":["GET"]}}],"collection":[{"href":"https:\/\/www.europesays.com\/de\/wp-json\/wp\/v2\/posts"}],"about":[{"href":"https:\/\/www.europesays.com\/de\/wp-json\/wp\/v2\/types\/post"}],"author":[{"embeddable":true,"href":"https:\/\/www.europesays.com\/de\/wp-json\/wp\/v2\/users\/2"}],"replies":[{"embeddable":true,"href":"https:\/\/www.europesays.com\/de\/wp-json\/wp\/v2\/comments?post=1253846"}],"version-history":[{"count":0,"href":"https:\/\/www.europesays.com\/de\/wp-json\/wp\/v2\/posts\/1253846\/revisions"}],"wp:featuredmedia":[{"embeddable":true,"href":"https:\/\/www.europesays.com\/de\/wp-json\/wp\/v2\/media\/1253847"}],"wp:attachment":[{"href":"https:\/\/www.europesays.com\/de\/wp-json\/wp\/v2\/media?parent=1253846"}],"wp:term":[{"taxonomy":"category","embeddable":true,"href":"https:\/\/www.europesays.com\/de\/wp-json\/wp\/v2\/categories?post=1253846"},{"taxonomy":"post_tag","embeddable":true,"href":"https:\/\/www.europesays.com\/de\/wp-json\/wp\/v2\/tags?post=1253846"}],"curies":[{"name":"wp","href":"https:\/\/api.w.org\/{rel}","templated":true}]}}